{"id":105911,"date":"2023-05-11T08:48:12","date_gmt":"2023-05-11T13:48:12","guid":{"rendered":"https:\/\/lospoliticosveracruz.com.mx\/?p=105911"},"modified":"2023-05-11T08:48:16","modified_gmt":"2023-05-11T13:48:16","slug":"la-sucesion-en-el-pri-y-la-candidatura-de-marlon","status":"publish","type":"post","link":"https:\/\/lospoliticosveracruz.com.mx\/?p=105911","title":{"rendered":"LA SUCESI\u00d3N EN EL PRI Y LA CANDIDATURA DE MARLON"},"content":{"rendered":"\n<p><strong>Bernardo Guti\u00e9rrez Parra<br><\/strong><em>Desde el Caf\u00e9<\/em><\/p>\n\n\n\n<p>Cuando faltan tres d\u00edas para que Marlon Ram\u00edrez Mar\u00edn termine su mandato como l\u00edder estatal del PRI, no se ve en el horizonte tricolor a nadie con el ah\u00ednco que se tiene en estos casos para sustituirlo en el cargo. Ninguno de los aspirantes se ha movido m\u00e1s all\u00e1 de su entorno personal. No han hecho campa\u00f1as, proselitismo, encuestas internas; no han hecho nada.<\/p>\n\n\n<div class=\"wp-block-image\">\n<figure class=\"alignleft size-full is-resized\"><a href=\"https:\/\/lospoliticosveracruz.com.mx\/wp-content\/uploads\/2023\/02\/Vinissimo.jpg\"><img loading=\"lazy\" decoding=\"async\" src=\"https:\/\/lospoliticosveracruz.com.mx\/wp-content\/uploads\/2023\/02\/Vinissimo.jpg\" alt=\"\" class=\"wp-image-102752\" width=\"175\" height=\"178\"\/><\/a><\/figure><\/div>\n\n\n<p>Aunque esto puede tener una explicaci\u00f3n.<\/p>\n\n\n\n<p>Con el tiempo encima, es materialmente imposible hacer unos comicios donde participen todos, como sucedi\u00f3 en 2019 cuando Marlon fue elegido por la militancia.<\/p>\n\n\n\n<p>De ah\u00ed que el PRI se apreste a elegir a su pr\u00f3ximo l\u00edder por acuerdo pol\u00edtico, es decir, por eso que desde siempre han llamado \u201ccandidato de unidad\u201d y que no es otra cosa que un dedazo.<\/p>\n\n\n\n<p>Quiz\u00e1 por eso y sabedores de que quien se mueve no sale en la foto, ni Fernando Kuri, Ram\u00f3n Reyes Viveros, Cirilo V\u00e1zquez Parissi, Adolfo Ram\u00edrez Arana y Manuel Guerrero S\u00e1nchez andan agitando las aguas. Esperan pacientes la decisi\u00f3n de arriba y arriba no hay otro que Alito Moreno.<\/p>\n\n\n\n<p>La que sorprendi\u00f3 a todos al manifestar su deseo de contender por la dirigencia, fue Carolina Gudi\u00f1o Corro, ex alcaldesa del puerto jarocho que ser\u00e1 recordada forever and ever, por haber pasado el bochorno de su vida despu\u00e9s de que Enrique Pe\u00f1a Nieto le corriera la majader\u00eda de dejarla con la mano extendida.<\/p>\n\n\n\n<p>Para un pol\u00edtico o pol\u00edtica, el saludo de un presidente es s\u00f3lo equiparable a una bendici\u00f3n de Dios. Y esta bendici\u00f3n le fue negada a Carolina el 6 de enero del 2013 tras la conmemoraci\u00f3n del 98 aniversario de la promulgaci\u00f3n de la Ley Agraria.<\/p>\n\n\n\n<p>Un columnista se\u00f1al\u00f3 que Carolina es impulsada \u201cpor un grupo de priistas entre los que predominan personajes identificados con la corriente fidelista\u201d, corriente a la que pertenece la propia Carolina que debe toda su carrera pol\u00edtica a Fidel Herrera.<\/p>\n\n\n\n<p>Es decir, este grupo de inescrupulosos sujetos fue a la casa de la buena mujer nom\u00e1s a sonsacarla, porque no fueron a otra cosa.<\/p>\n\n\n\n<p>\u00bfTiene la se\u00f1ora Gudi\u00f1o posibilidades de ser lideresa estatal del tricolor? \u00a1Claaaaro que s\u00ed! Las mismas que tienen L\u00f3pez Obrador y Felipe Calder\u00f3n de darse un abrazo fraterno y sin rencores en una ma\u00f1anera.<\/p>\n\n\n\n<p>La lucha por la dirigencia est\u00e1 centrada en los cinco aspirantes arriba mencionados. Y la verdad ni es lucha. Simplemente est\u00e1n a la espera de que el dedo de Alejandro Moreno se\u00f1ale a uno para que los restantes se sumen disciplinadamente a la cargada\u2026 Como en los viejos tiempos.<\/p>\n\n\n\n<p>Hace unas semanas, cuando le pregunt\u00e9 a Marlon Ram\u00edrez cu\u00e1les eran sus planes a futuro, me dijo que descansar\u00eda unos d\u00edas, \u201cy a mi regreso te contestar\u00e9\u201d.<\/p>\n\n\n\n<p>El asunto es que los futur\u00f3logos no esperan y unos lo ven buscando una senadur\u00eda, otros aseguran que si bien dejar\u00e1 la dirigencia de su partido el 14 de mayo, ser\u00e1 nombrado delegado en funciones de presidente hasta despu\u00e9s de las elecciones del 2024.<\/p>\n\n\n\n<p>Pero estoy en posici\u00f3n de decirte lector, que buscar\u00e1 la candidatura de su partido a la gubernatura de Veracruz por la alianza PAN-PRI-PRD.<\/p>\n\n\n\n<p><strong>\u00bfQu\u00e9 tiene a su favor?<\/strong><\/p>\n\n\n\n<p>Quienes lo impulsan dicen que conoce al estado y sus problemas como a la palma de su mano y es un pol\u00edtico conciliador que logr\u00f3 unificar a su partido tras el vendaval que se le vino encima. Pero tambi\u00e9n es el diputado m\u00e1s contestatario de la actual Legislatura, al que no han podido doblegar ni el gobernador Cuitl\u00e1huac Garc\u00eda ni los legisladores de Morena.<\/p>\n\n\n\n<p>Y algo sustantivo; es amigo personal de Alito Moreno, el gran elector del PRI.<\/p>\n\n\n\n<p>\u00bfSeguro que no es una de tus bromas, remedo de columnista? Seguro que no es broma, aguantador lector. Estoy en posici\u00f3n de reiterarte que Marlon Ram\u00edrez Mar\u00edn buscar\u00e1 la candidatura de su partido a la gubernatura de Veracruz. Y que al regreso de su descanso lo que har\u00e1 ser\u00e1 confirmar lo que te acabo de decir.<\/p>\n\n\n\n<p>bernardogup@hotmail.com<\/p>\n","protected":false},"excerpt":{"rendered":"<p>Bernardo Guti\u00e9rrez ParraDesde el Caf\u00e9 Cuando faltan tres d\u00edas para que Marlon Ram\u00edrez Mar\u00edn termine su mandato como l\u00edder estatal del PRI, no se ve en el horizonte tricolor a nadie con el ah\u00ednco que se tiene en estos casos para sustituirlo en el cargo. Ninguno de los aspirantes se ha movido m\u00e1s all\u00e1 de [&hellip;]<\/p>\n","protected":false},"author":2,"featured_media":0,"comment_status":"closed","ping_status":"closed","sticky":false,"template":"","format":"standard","meta":{"_jetpack_newsletter_access":"","_jetpack_dont_email_post_to_subs":false,"_jetpack_newsletter_tier_id":0,"_jetpack_memberships_contains_paywalled_content":false,"_jetpack_memberships_contains_paid_content":false,"footnotes":""},"categories":[70],"tags":[24359,34206,2325,1517,9407,2908,251,36489],"class_list":["post-105911","post","type-post","status-publish","format-standard","hentry","category-de-opinion","tag-alito-moreno","tag-bernardo-gutierrez-parra","tag-carolina-gudino","tag-cirilo-vazquez-parissi","tag-fernando-kuri","tag-marlon-ramirez-marin","tag-pri","tag-ramon-reyes-viveros"],"jetpack_featured_media_url":"","jetpack_sharing_enabled":true,"jetpack_shortlink":"https:\/\/wp.me\/p4Qcd3-ryf","_links":{"self":[{"href":"https:\/\/lospoliticosveracruz.com.mx\/index.php?rest_route=\/wp\/v2\/posts\/105911","targetHints":{"allow":["GET"]}}],"collection":[{"href":"https:\/\/lospoliticosveracruz.com.mx\/index.php?rest_route=\/wp\/v2\/posts"}],"about":[{"href":"https:\/\/lospoliticosveracruz.com.mx\/index.php?rest_route=\/wp\/v2\/types\/post"}],"author":[{"embeddable":true,"href":"https:\/\/lospoliticosveracruz.com.mx\/index.php?rest_route=\/wp\/v2\/users\/2"}],"replies":[{"embeddable":true,"href":"https:\/\/lospoliticosveracruz.com.mx\/index.php?rest_route=%2Fwp%2Fv2%2Fcomments&post=105911"}],"version-history":[{"count":1,"href":"https:\/\/lospoliticosveracruz.com.mx\/index.php?rest_route=\/wp\/v2\/posts\/105911\/revisions"}],"predecessor-version":[{"id":105912,"href":"https:\/\/lospoliticosveracruz.com.mx\/index.php?rest_route=\/wp\/v2\/posts\/105911\/revisions\/105912"}],"wp:attachment":[{"href":"https:\/\/lospoliticosveracruz.com.mx\/index.php?rest_route=%2Fwp%2Fv2%2Fmedia&parent=105911"}],"wp:term":[{"taxonomy":"category","embeddable":true,"href":"https:\/\/lospoliticosveracruz.com.mx\/index.php?rest_route=%2Fwp%2Fv2%2Fcategories&post=105911"},{"taxonomy":"post_tag","embeddable":true,"href":"https:\/\/lospoliticosveracruz.com.mx\/index.php?rest_route=%2Fwp%2Fv2%2Ftags&post=105911"}],"curies":[{"name":"wp","href":"https:\/\/api.w.org\/{rel}","templated":true}]}}