{"id":105979,"date":"2023-05-12T13:00:51","date_gmt":"2023-05-12T18:00:51","guid":{"rendered":"https:\/\/lospoliticosveracruz.com.mx\/?p=105979"},"modified":"2023-05-12T13:01:01","modified_gmt":"2023-05-12T18:01:01","slug":"2024-carta-al-pueblo-de-mexico","status":"publish","type":"post","link":"https:\/\/lospoliticosveracruz.com.mx\/?p=105979","title":{"rendered":"2024: CARTA AL PUEBLO DE MEXICO"},"content":{"rendered":"\n<p><strong>Vicente Luna Hern\u00e1ndez<\/strong><\/p>\n\n\n\n<p>Ante la declaratoria de invalidez de la primera parte del \u201cPlan B\u201d por parte de la Suprema Corte de Justicia de la Naci\u00f3n, el presidente Andr\u00e9s Manuel L\u00f3pez Obrador ha informado al pueblo de M\u00e9xico, que en septiembre del pr\u00f3ximo a\u00f1o, presentar\u00e1 una iniciativa de reforma ante el Congreso de la Uni\u00f3n para \u2013 seg\u00fan el-democratizar el poder judicial, &#8211; para esas fechas ya habr\u00e1 presidente electo &#8211; por eso hay que conocer lo que se\u00f1ala el art\u00edculo 65 constitucional:<\/p>\n\n\n\n<figure class=\"wp-block-image size-large\"><a href=\"https:\/\/lospoliticosveracruz.com.mx\/wp-content\/uploads\/2016\/07\/Seguro-Julio-Cerecedo-2.jpg\"><img decoding=\"async\" src=\"https:\/\/lospoliticosveracruz.com.mx\/wp-content\/uploads\/2016\/07\/Seguro-Julio-Cerecedo-2-1024x381.jpg\" alt=\"\" class=\"wp-image-105879\"\/><\/a><\/figure>\n\n\n\n<p><br>Art\u00edculo 65. \u201cEl Congreso se reunir\u00e1 a partir del 1o. de septiembre de cada a\u00f1o para celebrar un primer periodo de sesiones ordinarias, excepto cuando el Presidente de la Rep\u00fablica inicie su encargo en la fecha prevista en el art\u00edculo 83 de esta Constituci\u00f3n, en cuyo caso se reunir\u00e1 a partir del 1o. de agosto; y a partir del 1o. de febrero para celebrar un segundo periodo de sesiones ordinarias\u201d.<br>Art\u00edculo 66. \u201cCada per\u00edodo de sesiones ordinarias durar\u00e1 el tiempo necesario para tratar todos los asuntos mencionados en el art\u00edculo anterior. El primer per\u00edodo no podr\u00e1 prolongarse sino hasta el 15 de diciembre del mismo a\u00f1o, excepto cuando el Presidente de la Rep\u00fablica inicie su encargo en la fecha prevista por el art\u00edculo 83, en cuyo caso las sesiones podr\u00e1n extenderse hasta el 31 de diciembre de ese mismo a\u00f1o. El segundo per\u00edodo no podr\u00e1 prolongarse m\u00e1s all\u00e1 del 30 de abril del mismo a\u00f1o\u201d.<br>\u201cEn ambos Per\u00edodos de Sesiones el Congreso se ocupar\u00e1 del estudio, discusi\u00f3n y votaci\u00f3n de las Iniciativas de Ley que se le presenten y de la resoluci\u00f3n de los dem\u00e1s asuntos que le correspondan conforme a esta Constituci\u00f3n\u201d.<br>En el 2024 habr\u00e1 elecci\u00f3n presidencial, por lo tanto, el Congreso de la Uni\u00f3n sesionara el 1 de agosto hasta el 31 de diciembre y el mismo art\u00edculo se\u00f1ala que el Congreso debe estudiar, discutir entre todas las fuerzas pol\u00edticas representadas y votar la iniciativas de ley que se le presenten, &#8211; lo que no ocurri\u00f3 ni con el plan B y con las reformas aprobadas en el inolvidable \u201c viernes negro\u201d en el Senado del pasado 28 de abril, mismas que no cumplieron con el proceso parlamentario constitucional de acuerdo con la oposici\u00f3n.<\/p>\n\n\n\n<p>Es importante tener conocimiento de lo que se\u00f1ala el art\u00edculo 83 constitucional:<br>Art\u00edculo 83.- \u201cEl Presidente entrar\u00e1 a ejercer su encargo el 1o. de octubre y durar\u00e1 en \u00e9l seis a\u00f1os. El ciudadano que haya desempe\u00f1ado el cargo de Presidente de la Rep\u00fablica, electo popularmente, o con el car\u00e1cter de interino o sustituto, o asuma provisionalmente la titularidad del Ejecutivo Federal, en ning\u00fan caso y por ning\u00fan motivo podr\u00e1 volver a desempe\u00f1ar ese puesto\u201d.<br>Esto significa que AMLO deja de ser presidente el 30 de septiembre y el o la \u00fanica responsable del gobierno 2024-2030 a partir del 1 de octubre tendr\u00e1 nombre y apellido, puede ser de morena o puede ser de la oposici\u00f3n, pero nade m\u00e1s debe interferir ni buscar ser un Plutarco El\u00edas Calles moderno, esas pr\u00e1cticas en nada han beneficiado a la Rep\u00fablica.<br>Hoy ante el embate a la Suprema Corte de Justicia de la Naci\u00f3n, &#8211; de manera especial contra la ministra presidenta Norma Lucia Pi\u00f1a Hern\u00e1ndez &#8211; es necesario que la sociedad en general &#8211; m\u00e1s all\u00e1 de preferencias partidistas &#8211; tenga informaci\u00f3n en materia constitucional para participar con argumentos en las discusiones de manera civilizada que se lleven a cabo en las mesas de caf\u00e9 y sobre todo, en el entorno familiar, una sociedad informada es el mejor ant\u00eddoto ante un autoritarismo que se respira en el pa\u00eds, el \u201cviernes negro\u201d es un claro ejemplo de ello.<br>El presidente le apuesta a que su partido junto con sus partidos aliados \u2013 hay que prepararse para las sorpresas &#8211; obtengan la mayor\u00eda calificada y puedan transitar y ser aprobadas las reformas que tiene pendientes para lograr la transformaci\u00f3n que estar\u00e1 a debate durante todo el proceso electoral que inicia en septiembre pr\u00f3ximo, \u00bfqu\u00e9 significa todo este plan del presidente? Significa que est\u00e1 dispuesto a entrometerse en el proceso electoral sin pena alguna, sin importar los impedimentos legales que tiene para hacerlo y sobre todo, darle manos libres a sus gobernadores y seguidores para \u2013 haiga sido como haiga sido &#8211; tener el control de ambas c\u00e1maras, presionar a un poder aut\u00f3nomo para que se alinee a los intereses del poder ejecutivo, &#8211; la convocatoria impulsada por diputados de morena para protestar en la sede de la SCJN el pr\u00f3ximo 20 de mayo es una muestra \u2013 acciones que se volver\u00e1n cotidianas antes, durante y despu\u00e9s del proceso electoral, es la apuesta que piensan llevar a cabo el presidente , morena y aliados pero la sociedad civil organizada y el pueblo informado tendr\u00e1n la \u00faltima palabra, misma sociedad que tambi\u00e9n es pueblo.<\/p>\n\n\n\n<p>La mayor\u00eda del pueblo en M\u00e9xico no quiere un gobierno autoritario, nadie quiere un dictador ni un monarca, el respeto a nuestra Constituci\u00f3n Pol\u00edtica es y debe ser la m\u00e1xima aspiraci\u00f3n de todo los pueblos, los discursos populistas y que endulzan los o\u00eddos del pueblo, a la larga resultan ser m\u00fasica f\u00fanebre que entierra toda posibilidad de un M\u00e9xico para todas y todos, la sana convivencia social depende del respeto a la ley, ninguna mayor\u00eda es m\u00e1s importante que todas las mayor\u00edas.<br>P.D.- Con el \u00e1nimo que el INAI ya cumpla con su funci\u00f3n constitucional a pesar del presidente\u2026Escribir\u00e9 otro d\u00eda<\/p>\n\n\n\n<p><\/p>\n","protected":false},"excerpt":{"rendered":"<p>Vicente Luna Hern\u00e1ndez Ante la declaratoria de invalidez de la primera parte del \u201cPlan B\u201d por parte de la Suprema Corte de Justicia de la Naci\u00f3n, el presidente Andr\u00e9s Manuel L\u00f3pez Obrador ha informado al pueblo de M\u00e9xico, que en septiembre del pr\u00f3ximo a\u00f1o, presentar\u00e1 una iniciativa de reforma ante el Congreso de la Uni\u00f3n [&hellip;]<\/p>\n","protected":false},"author":2,"featured_media":0,"comment_status":"closed","ping_status":"closed","sticky":false,"template":"","format":"standard","meta":{"_jetpack_newsletter_access":"","_jetpack_dont_email_post_to_subs":false,"_jetpack_newsletter_tier_id":0,"_jetpack_memberships_contains_paywalled_content":false,"_jetpack_memberships_contains_paid_content":false,"footnotes":""},"categories":[70],"tags":[618,1026,36513,15667],"class_list":["post-105979","post","type-post","status-publish","format-standard","hentry","category-de-opinion","tag-andres-manuel-lopez-obrador","tag-morena","tag-plan-b","tag-vicente-luna-hernandez"],"jetpack_featured_media_url":"","jetpack_sharing_enabled":true,"jetpack_shortlink":"https:\/\/wp.me\/p4Qcd3-rzl","_links":{"self":[{"href":"https:\/\/lospoliticosveracruz.com.mx\/index.php?rest_route=\/wp\/v2\/posts\/105979","targetHints":{"allow":["GET"]}}],"collection":[{"href":"https:\/\/lospoliticosveracruz.com.mx\/index.php?rest_route=\/wp\/v2\/posts"}],"about":[{"href":"https:\/\/lospoliticosveracruz.com.mx\/index.php?rest_route=\/wp\/v2\/types\/post"}],"author":[{"embeddable":true,"href":"https:\/\/lospoliticosveracruz.com.mx\/index.php?rest_route=\/wp\/v2\/users\/2"}],"replies":[{"embeddable":true,"href":"https:\/\/lospoliticosveracruz.com.mx\/index.php?rest_route=%2Fwp%2Fv2%2Fcomments&post=105979"}],"version-history":[{"count":1,"href":"https:\/\/lospoliticosveracruz.com.mx\/index.php?rest_route=\/wp\/v2\/posts\/105979\/revisions"}],"predecessor-version":[{"id":105980,"href":"https:\/\/lospoliticosveracruz.com.mx\/index.php?rest_route=\/wp\/v2\/posts\/105979\/revisions\/105980"}],"wp:attachment":[{"href":"https:\/\/lospoliticosveracruz.com.mx\/index.php?rest_route=%2Fwp%2Fv2%2Fmedia&parent=105979"}],"wp:term":[{"taxonomy":"category","embeddable":true,"href":"https:\/\/lospoliticosveracruz.com.mx\/index.php?rest_route=%2Fwp%2Fv2%2Fcategories&post=105979"},{"taxonomy":"post_tag","embeddable":true,"href":"https:\/\/lospoliticosveracruz.com.mx\/index.php?rest_route=%2Fwp%2Fv2%2Ftags&post=105979"}],"curies":[{"name":"wp","href":"https:\/\/api.w.org\/{rel}","templated":true}]}}