{"id":106027,"date":"2023-05-15T08:49:28","date_gmt":"2023-05-15T13:49:28","guid":{"rendered":"https:\/\/lospoliticosveracruz.com.mx\/?p=106027"},"modified":"2023-05-15T08:49:32","modified_gmt":"2023-05-15T13:49:32","slug":"amar-a-dios-en-tierra-de-apaches-o-ver-al-diablo-sin-calzones","status":"publish","type":"post","link":"https:\/\/lospoliticosveracruz.com.mx\/?p=106027","title":{"rendered":"AMAR A DIOS en tierra de Apaches o ver al diablo sin calzones"},"content":{"rendered":"\n<p><strong>Bernardo Guti\u00e9rrez Parra<br><\/strong><em>Desde el Caf\u00e9<\/em><\/p>\n\n\n\n<p>Cuando Fidel Herrera se fue de la gubernatura dejando un reguero de asesinatos violentos y un adeudo por m\u00e1s de 15 mil millones de pesos, los veracruzanos respiraron aliviados y dijeron \u201cya no nos puede ir peor\u201d. Pero Javier Duarte se encarg\u00f3 de borrarles el optimismo al dejarles el doble de muertes y una deuda combinada con el saqueo que super\u00f3 los 30 mil millones de pesos.<\/p>\n\n\n<div class=\"wp-block-image\">\n<figure class=\"alignleft size-medium\"><a href=\"https:\/\/lospoliticosveracruz.com.mx\/wp-content\/uploads\/2023\/02\/Estancia.jpg\"><img decoding=\"async\" src=\"https:\/\/lospoliticosveracruz.com.mx\/wp-content\/uploads\/2023\/02\/Estancia-190x300.jpg\" alt=\"\" class=\"wp-image-102751\"\/><\/a><\/figure><\/div>\n\n\n<p>Hartos del PRI y al conque de que \u201cahora s\u00ed no nos puede ir peor\u201d se decantaron por el panista Miguel \u00c1ngel Yunes Linares que prometi\u00f3 que en dos a\u00f1os har\u00eda de Veracruz casi el para\u00edso. Pero en ese lapso lo dej\u00f3 igual que sus antecesores.<\/p>\n\n\n\n<p>Enga\u00f1ados e iracundos, un mill\u00f3n 600 mil veracruzanos votaron por Cuitl\u00e1huac Garc\u00eda, un luchador social humildito, torpe de habla frente al micr\u00f3fono (tambi\u00e9n sin el micr\u00f3fono) y sin idea de d\u00f3nde estaba parado \u201cPero al menos se ve sincero y con \u00e9l tenemos la corazonada de que ya no nos puede ir peor\u201d.<\/p>\n\n\n\n<p>Pero la maldici\u00f3n sigue.<\/p>\n\n\n\n<p>Si se hiciera un par\u00e1metro de estos individuos resultar\u00eda que Fidel Herrera fue el menos malo de todos porque s\u00f3lo fue peor que Miguel Alem\u00e1n. Yunes Linares fue peor que Fidel y Alem\u00e1n. Duarte se los llev\u00f3 de calle a los tres, pero Cuitl\u00e1huac Garc\u00eda est\u00e1 resultando peor que sus cuatro antecesores.<\/p>\n\n\n\n<p>\u00bfQue no? Veamos.<\/p>\n\n\n\n<p>Miguel Alem\u00e1n atrajo industrias a Veracruz y transform\u00f3 a Xalapa y otros municipios con la llegada de grandes tiendas departamentales. Fidel Herrera comunic\u00f3 a la entidad con decenas de puentes y rehabilit\u00f3 gran parte de su red carretera. Entre saqueo y saqueo, Javier Duarte se dio tiempo para rehabilitar escuelas, mercados, hospitales, caminos rurales, etc.<\/p>\n\n\n\n<p>Yunes Linares se pas\u00f3 su bienio persiguiendo y encarcelando a sus enemigos pol\u00edticos, pero adem\u00e1s, rehabilit\u00f3 hospitales como el Infantil de Veracruz (al que se le cayeron los elevadores), construy\u00f3 el puente de Ojite (al que le quiso poner su nombre), paviment\u00f3 el Libramiento de Tuxpan y la carretera Xalapa-Coatepec (con accidentes casi desde su inauguraci\u00f3n), entre otras obras.<\/p>\n\n\n\n<p>Si es cierto, todos robaron. Y tan robaron que los veracruzanos ya no quisieron saber nada de ellos y se decantaron por Cuitl\u00e1huac Garc\u00eda \u201cporque se ve inocente, bien intencionado, sincero y honrado\u201d. Y el chasco que se llevaron les durar\u00e1 lustros.<\/p>\n\n\n\n<p>Quiz\u00e1 por las expectativas que gener\u00f3 la desilusi\u00f3n ha sido muy grande. Lo cierto es que por donde se le mire Cuitl\u00e1huac ha resultado un fiasco.<\/p>\n\n\n\n<p>No ha hecho ni la mitad de la obra que hizo Yunes en su bienio y sus secuaces disfrazados de funcionarios, est\u00e1n en v\u00edas de saquear m\u00e1s de lo que saquearon Duarte y sus bandidos.<\/p>\n\n\n\n<p>Por eso no es nada raro que otra vez \u201cdestaque\u201d entre los peores gobernadores de Rep\u00fablica en el sitio 28 de 32. Y existe la seguridad de que si se mueve en los meses por venir ser\u00e1 m\u00e1s hacia abajo.<\/p>\n\n\n\n<p>Y no puede ser de otra manera. A su incapacidad para gobernar hay que agregar su nula estrategia para atraer inversiones que generen empleos o para conservar los que se tienen.<\/p>\n\n\n\n<p>A pesar de que abril signific\u00f3 un buen mes en el mercado laboral del pa\u00eds, Veracruz fue la excepci\u00f3n ya que se perdieron 3 mil 618 empleos formales en agricultura, silvicultura, pesca y ganader\u00eda. En la rama de la industria el\u00e9ctrica y captaci\u00f3n y suministro de agua potable se perdieron 463 empleos.<\/p>\n\n\n\n<p>De acuerdo con el Observatorio de Finanzas P\u00fablicas de la UV, de febrero del 2020 a junio del 2022, se perdieron en la entidad 35 mil 161 empleos formales, lo que echa por tierra el cacareado discurso de que los empleos se est\u00e1n recuperando.<\/p>\n\n\n\n<p>Mal en seguridad, mal en empleos, mal en abasto de medicamentos, mal en servicios m\u00e9dicos y asistenciales, mal en rezago educativo y rezago agrario, m\u00e1s pobreza y m\u00e1s pobreza extrema. Y la espiral descendente contin\u00faa su imparable picada.<\/p>\n\n\n\n<p>Pero el optimismo sigue pues hay quienes aseguran que estamos pr\u00f3ximos a tocar fondo y ya no nos puede ir peor.<\/p>\n\n\n\n<p>\u00bfSer\u00e1?<\/p>\n\n\n\n<p>Qui\u00e9n sabe lector, si la pr\u00f3xima gobernadora es Roc\u00edo Nahle, lo que hicieron Fidel, Duarte, Yunes y lo que est\u00e1 haciendo el propio Cuitl\u00e1huac, ser\u00e1 un juego de ni\u00f1os comparado con lo que har\u00e1n la zacatecana y su pandilla.<\/p>\n\n\n\n<p>Entonces sabremos lo que es amar a Dios en territorio Apache. O como dijo un cl\u00e1sico, sabremos lo que es ver al diablo sin calzones.<\/p>\n\n\n\n<p><strong>Quincena, bono, reconocimientos y festejo a los maestros en este d\u00eda<\/strong><\/p>\n\n\n\n<p>El titular de la SEV, Zenyazen Escobar Garc\u00eda, asegur\u00f3 que este d\u00eda 15 de mayo se pagar\u00e1n 166 millones 353 mil pesos en est\u00edmulos econ\u00f3micos y reconocimientos a 5 mil 215 maestras y maestros con 30 y 40 a\u00f1os de servicio.<\/p>\n\n\n\n<p>Entrevistado en el marco de la 5.\u00aa Olimpiada Familiar de Atletismo celebrada en el Estadio \u201cHeriberto Jara Corona\u201d, asegur\u00f3 que el pago quincenal del magisterio, junto con el bono que cada a\u00f1o se le da, ser\u00e1 pagado en tiempo y forma este D\u00eda del Maestro, por lo que agradeci\u00f3 el esfuerzo del secretario de Finanzas, Jos\u00e9 Luis Lima Franco.<\/p>\n\n\n\n<p>\u201cHemos trabajado con finanzas sanas y con una inversi\u00f3n hist\u00f3rica en infraestructura en las escuelas; es algo que ha caracterizado a este gobierno\u201d, asever\u00f3 Zenyazen.<\/p>\n\n\n\n<p>Destac\u00f3 la buena relaci\u00f3n existente con las diferentes organizaciones sindicales, la cual tambi\u00e9n se ha mantenido con el pago puntual de las cuotas que se descuentan a los trabajadores y se destinan a los sindicatos, y enfatiz\u00f3 que de manera oficial solo se dar\u00e1 como suspensi\u00f3n de actividades el d\u00eda de hoy, 15 de mayo.<\/p>\n\n\n\n<p>La Olimpiada Familiar cont\u00f3 con la participaci\u00f3n de m\u00e1s de 865 ni\u00f1as y ni\u00f1os de 51 centros escolares, 283 educadoras y 22 docentes de Educaci\u00f3n F\u00edsica, a los que se sumaron madres, padres y abuelos, que reconocieron que es la primera vez que acude el titular de la SEV.<\/p>\n\n\n\n<p>Tambi\u00e9n este d\u00eda desde las 8:30 horas, se llevar\u00e1 a cabo el festejo del D\u00eda del Maestro en el World Trade Center Veracruz. Felicidades a todas y a todos los maestros de Veracruz.<\/p>\n\n\n\n<p>bernardogup@hotmail.com<\/p>\n","protected":false},"excerpt":{"rendered":"<p>Bernardo Guti\u00e9rrez ParraDesde el Caf\u00e9 Cuando Fidel Herrera se fue de la gubernatura dejando un reguero de asesinatos violentos y un adeudo por m\u00e1s de 15 mil millones de pesos, los veracruzanos respiraron aliviados y dijeron \u201cya no nos puede ir peor\u201d. Pero Javier Duarte se encarg\u00f3 de borrarles el optimismo al dejarles el doble [&hellip;]<\/p>\n","protected":false},"author":2,"featured_media":0,"comment_status":"closed","ping_status":"closed","sticky":false,"template":"","format":"standard","meta":{"_jetpack_newsletter_access":"","_jetpack_dont_email_post_to_subs":false,"_jetpack_newsletter_tier_id":0,"_jetpack_memberships_contains_paywalled_content":false,"_jetpack_memberships_contains_paid_content":false,"footnotes":""},"categories":[70],"tags":[34206,1563,1026,3578,88,195,12372],"class_list":["post-106027","post","type-post","status-publish","format-standard","hentry","category-de-opinion","tag-bernardo-gutierrez-parra","tag-cuitlahuac-garcia-jimenez","tag-morena","tag-rocio-nahle","tag-sev","tag-veracruz","tag-zenyazen-escobar-garcia"],"jetpack_featured_media_url":"","jetpack_sharing_enabled":true,"jetpack_shortlink":"https:\/\/wp.me\/p4Qcd3-rA7","_links":{"self":[{"href":"https:\/\/lospoliticosveracruz.com.mx\/index.php?rest_route=\/wp\/v2\/posts\/106027","targetHints":{"allow":["GET"]}}],"collection":[{"href":"https:\/\/lospoliticosveracruz.com.mx\/index.php?rest_route=\/wp\/v2\/posts"}],"about":[{"href":"https:\/\/lospoliticosveracruz.com.mx\/index.php?rest_route=\/wp\/v2\/types\/post"}],"author":[{"embeddable":true,"href":"https:\/\/lospoliticosveracruz.com.mx\/index.php?rest_route=\/wp\/v2\/users\/2"}],"replies":[{"embeddable":true,"href":"https:\/\/lospoliticosveracruz.com.mx\/index.php?rest_route=%2Fwp%2Fv2%2Fcomments&post=106027"}],"version-history":[{"count":1,"href":"https:\/\/lospoliticosveracruz.com.mx\/index.php?rest_route=\/wp\/v2\/posts\/106027\/revisions"}],"predecessor-version":[{"id":106028,"href":"https:\/\/lospoliticosveracruz.com.mx\/index.php?rest_route=\/wp\/v2\/posts\/106027\/revisions\/106028"}],"wp:attachment":[{"href":"https:\/\/lospoliticosveracruz.com.mx\/index.php?rest_route=%2Fwp%2Fv2%2Fmedia&parent=106027"}],"wp:term":[{"taxonomy":"category","embeddable":true,"href":"https:\/\/lospoliticosveracruz.com.mx\/index.php?rest_route=%2Fwp%2Fv2%2Fcategories&post=106027"},{"taxonomy":"post_tag","embeddable":true,"href":"https:\/\/lospoliticosveracruz.com.mx\/index.php?rest_route=%2Fwp%2Fv2%2Ftags&post=106027"}],"curies":[{"name":"wp","href":"https:\/\/api.w.org\/{rel}","templated":true}]}}