{"id":106126,"date":"2023-05-17T08:44:21","date_gmt":"2023-05-17T13:44:21","guid":{"rendered":"https:\/\/lospoliticosveracruz.com.mx\/?p=106126"},"modified":"2023-05-17T08:44:28","modified_gmt":"2023-05-17T13:44:28","slug":"cmas-no-parece-tener-programa-de-limpieza-y-desazolve-de-rios","status":"publish","type":"post","link":"https:\/\/lospoliticosveracruz.com.mx\/?p=106126","title":{"rendered":"CMAS NO PARECE TENER programa de limpieza y desazolve de r\u00edos"},"content":{"rendered":"\n<p><strong>Jos\u00e9 Luis Enr\u00edquez Ambell<br><\/strong><em>Caf\u00e9 de Ma\u00f1ana<\/em><\/p>\n\n\n\n<p><\/p>\n\n\n\n<p>\u00abLas obras y servicios de infraestructura hidr\u00e1ulica deben atenderse en la \u00e9poca de secas, pues en el tiempo de lluvias resulta un problema casi imposible de atender y resolver.\u00bb<\/p>\n\n\n\n<p>De ah\u00ed que resulte extra\u00f1o no planear y programar adecuadamente las bit\u00e1coras de trabajo del programa para limpieza y desazolve de r\u00edos y arroyos por la CMAS en Xalapa, al menos en los hechos as\u00ed parece, ante la queja social.<\/p>\n\n\n<div class=\"wp-block-image\">\n<figure class=\"alignleft size-medium\"><a href=\"https:\/\/lospoliticosveracruz.com.mx\/wp-content\/uploads\/2021\/10\/Zacauilt.jpg\"><img decoding=\"async\" src=\"https:\/\/lospoliticosveracruz.com.mx\/wp-content\/uploads\/2021\/10\/Zacauilt-150x300.jpg\" alt=\"\" class=\"wp-image-80558\"\/><\/a><\/figure><\/div>\n\n\n<p>Est\u00e1 percepci\u00f3n ciudadana en t\u00e9rminos de no contar con programa de \u00ablimpieza y mantenimiento\u00bb en cauces, lleva a ocasionar un grave problema para la CMAS como entidad para-municipal y sobre todo para la poblaci\u00f3n por \u00abel asolvamiento\u00bb que provoca.<\/p>\n\n\n\n<p>Los trabajos de limpieza en cauces es en el estiaje &#8211; como lo recomienda la normatividad &#8211; para evitar en la \u00e9poca de lluvias se causen inundaciones mayores por esa raz\u00f3n.<\/p>\n\n\n\n<p>\u00abSe ha dicho que existe el proyecto para atender el problema,\u00bb pero tambi\u00e9n se sabe que el costo para la construcci\u00f3n de esta obra es alrededor de 350 MDP y mismos con los que NO cuenta ni el H. Ayuntamiento ni la Comisi\u00f3n Municipal de Agua y Saneamiento, y ese status lleva a la necesidad de requerir de las aportaciones del Estado y la Federaci\u00f3n para que se pueda ejecutar esta obra, y que dicho sea de paso es prioritaria, mucho m\u00e1s en estos tiempos.<\/p>\n\n\n\n<p>Es importante resaltar que en este tipo de obras y proyectos, es fundamental y necesaria la validaci\u00f3n por parte del Gobierno Federal mediante la Comisi\u00f3n Nacional del Agua (CONAGUA) es decir, por norma esta obra s\u00f3lo puede ejecutarse bajo ese procedimiento de ingenier\u00eda y marco legal.<\/p>\n\n\n\n<p>En la \u00e9poca de estiaje, es cuando los niveles del caudal de arroyos bajan y eso favorece a la realizaci\u00f3n de los trabajos de limpieza, mantenimiento y desazolve de los mismos, dado que de ese modo lleva a que se muestre f\u00edsicamente el tipo de \u00abtaponamientos\u00bb existentes y bajo esta premisa se pueda definir como se deben de hacer todos los trabajos y el procedimiento para el mantenimiento o desazolve.<\/p>\n\n\n\n<p>Una vez realizado este tipo de trabajos \u00aben \u00e9poca de estiaje\u00bb se deber\u00e1 entender que en \u00abla \u00e9poca de futuras lluvias\u00bb no existir\u00e1n los taponamientos y el caudal tendr\u00e1 los espacios necesarios para poder desfogar el volumen de agua que en \u00e9poca de lluvia se llega a tener, pero sin causar mayores transtornos.<\/p>\n\n\n\n<p>A la falta de planeaci\u00f3n y programaci\u00f3n de los trabajos como este tipo, tambi\u00e9n hay que sumar la necesidad de una vocaci\u00f3n de servicio, con emoci\u00f3n para aportar a la sociedad desde todo nivel institucional y mucha pasi\u00f3n para servir con voluntad en el quehacer p\u00fablico. Y esto viene a colaci\u00f3n pues en la CMAS es la arteria municipal de Xalapa d\u00f3nde en poco tiempo de la administraci\u00f3n se han dado m\u00e1s cambios, movimientos y reacomodos en la estructura de los recursos humanos.<\/p>\n\n\n\n<p><strong>UN CAF\u00c9 CON DOBLE CARGA<\/strong><\/p>\n\n\n\n<p>La basura con malos olores afecta a los cauces de r\u00edos y arroyos, y no solo le compete al organismo operador en materia hidr\u00e1ulica atenderlo, tambi\u00e9n al \u00e1rea de Medio Ambiente, dado que todo lo que no sirve al contacto con el agua y ante las altas temperaturas que hay en esta \u00e9poca, pueden aumentar los da\u00f1os y afectaciones entre la poblaci\u00f3n.<\/p>\n\n\n\n<p><strong>DE SOBREMESA<\/strong><\/p>\n\n\n\n<p>Todas las acciones en favor del agua no est\u00e1n de m\u00e1s, incluso no hay d\u00eda que los medios de comunicaci\u00f3n y redes &#8211; no solo en Xalapa &#8211; destaquen la falta de agua y la sequ\u00eda que enfrenta el solar veracruzano.<\/p>\n\n\n\n<p><strong>UN CAF\u00c9 PARA LLEVAR<\/strong><\/p>\n\n\n\n<p>Desarrollo Urbano parece el origen del problema -al otorgar factibilidades de asentamientos en zonas restringidas de servicios b\u00e1sicos-, es impostergable la obligaci\u00f3n de enlazar esfuerzos de las \u00e1reas de Medio Ambiente as\u00ed como, la de Obras P\u00fablicas &#8211; entre otras &#8211; para concatenar institucionalmente mejores esfuerzos, pues los titulares de esos pisos gozan del reconocimiento y capacidades de ser buenos servidores p\u00fablicos.<\/p>\n\n\n\n<p><strong>UN LECHERO LIGHT DIVORCIADO<\/strong><\/p>\n\n\n\n<p>Y como dice el alba\u00f1il; en concreto, algo<br>debe hacerse pues de los tandeos que eran de dos o tres meses ahora son de entre cinco y seis; peor a\u00fan, hay sitios donde son permanentes durante todo el a\u00f1o.<\/p>\n\n\n\n<p>\u00a1 ES CUANTO !<\/p>\n\n\n\n<p>enriquezambell@gmail.com<\/p>\n","protected":false},"excerpt":{"rendered":"<p>Jos\u00e9 Luis Enr\u00edquez AmbellCaf\u00e9 de Ma\u00f1ana \u00abLas obras y servicios de infraestructura hidr\u00e1ulica deben atenderse en la \u00e9poca de secas, pues en el tiempo de lluvias resulta un problema casi imposible de atender y resolver.\u00bb De ah\u00ed que resulte extra\u00f1o no planear y programar adecuadamente las bit\u00e1coras de trabajo del programa para limpieza y desazolve [&hellip;]<\/p>\n","protected":false},"author":2,"featured_media":0,"comment_status":"closed","ping_status":"closed","sticky":false,"template":"","format":"standard","meta":{"_jetpack_newsletter_access":"","_jetpack_dont_email_post_to_subs":false,"_jetpack_newsletter_tier_id":0,"_jetpack_memberships_contains_paywalled_content":false,"_jetpack_memberships_contains_paid_content":false,"footnotes":""},"categories":[70],"tags":[1534,36917,205,8383],"class_list":["post-106126","post","type-post","status-publish","format-standard","hentry","category-de-opinion","tag-ayuntamiento-de-xalapa","tag-cmas-en-xalapa","tag-conagua","tag-jose-luis-enriquez-ambell"],"jetpack_featured_media_url":"","jetpack_sharing_enabled":true,"jetpack_shortlink":"https:\/\/wp.me\/p4Qcd3-rBI","_links":{"self":[{"href":"https:\/\/lospoliticosveracruz.com.mx\/index.php?rest_route=\/wp\/v2\/posts\/106126","targetHints":{"allow":["GET"]}}],"collection":[{"href":"https:\/\/lospoliticosveracruz.com.mx\/index.php?rest_route=\/wp\/v2\/posts"}],"about":[{"href":"https:\/\/lospoliticosveracruz.com.mx\/index.php?rest_route=\/wp\/v2\/types\/post"}],"author":[{"embeddable":true,"href":"https:\/\/lospoliticosveracruz.com.mx\/index.php?rest_route=\/wp\/v2\/users\/2"}],"replies":[{"embeddable":true,"href":"https:\/\/lospoliticosveracruz.com.mx\/index.php?rest_route=%2Fwp%2Fv2%2Fcomments&post=106126"}],"version-history":[{"count":1,"href":"https:\/\/lospoliticosveracruz.com.mx\/index.php?rest_route=\/wp\/v2\/posts\/106126\/revisions"}],"predecessor-version":[{"id":106127,"href":"https:\/\/lospoliticosveracruz.com.mx\/index.php?rest_route=\/wp\/v2\/posts\/106126\/revisions\/106127"}],"wp:attachment":[{"href":"https:\/\/lospoliticosveracruz.com.mx\/index.php?rest_route=%2Fwp%2Fv2%2Fmedia&parent=106126"}],"wp:term":[{"taxonomy":"category","embeddable":true,"href":"https:\/\/lospoliticosveracruz.com.mx\/index.php?rest_route=%2Fwp%2Fv2%2Fcategories&post=106126"},{"taxonomy":"post_tag","embeddable":true,"href":"https:\/\/lospoliticosveracruz.com.mx\/index.php?rest_route=%2Fwp%2Fv2%2Ftags&post=106126"}],"curies":[{"name":"wp","href":"https:\/\/api.w.org\/{rel}","templated":true}]}}