{"id":106232,"date":"2023-05-19T20:21:29","date_gmt":"2023-05-20T01:21:29","guid":{"rendered":"https:\/\/lospoliticosveracruz.com.mx\/?p=106232"},"modified":"2023-05-19T20:21:35","modified_gmt":"2023-05-20T01:21:35","slug":"transparencia-acceso-a-la-informacion-y-rendicion-de-cuentas","status":"publish","type":"post","link":"https:\/\/lospoliticosveracruz.com.mx\/?p=106232","title":{"rendered":"TRANSPARENCIA, ACCESO A LA INFORMACI\u00d3N Y RENDICION DE CUENTAS"},"content":{"rendered":"\n<p><strong>Jos\u00e9 Luis Enr\u00edquez Ambell<br><\/strong><em>Caf\u00e9 de Ma\u00f1ana<\/em><\/p>\n\n\n\n<p>La sociedad en su conjunto habremos de coincidir que la transparencia, acceso a la informaci\u00f3n y rendici\u00f3n de cuentas son una trilog\u00eda que engrana derechos ciudadanos en el combate a la opacidad en el ejercicio de los recursos p\u00fablicos.<\/p>\n\n\n\n<figure class=\"wp-block-image size-large\"><a href=\"https:\/\/lospoliticosveracruz.com.mx\/wp-content\/uploads\/2016\/07\/Seguro-Julio-Cerecedo-2.jpg\"><img decoding=\"async\" src=\"https:\/\/lospoliticosveracruz.com.mx\/wp-content\/uploads\/2016\/07\/Seguro-Julio-Cerecedo-2-1024x381.jpg\" alt=\"\" class=\"wp-image-105879\"\/><\/a><\/figure>\n\n\n\n<p>Los poderes de la uni\u00f3n; El Legislativo, el Ejecutivo y el Judicial, junto con los \u00f3rganos aut\u00f3nomos y todo ente de la rep\u00fablica, estados y municipios est\u00e1n frente a la exigencia ciudadana para explicar lo que ejercen en las obras, los servicios y las acciones, pero tambi\u00e9n que declaren su situaci\u00f3n y los bienes patrimoniales que poseen, producto no solo del universo de servidores p\u00fablicos, y que de una u otra forma tienen en sus manos \u00abel presupuesto del pueblo\u201d.<\/p>\n\n\n\n<p>Hablar de transparencia, acceso a la informaci\u00f3n y rendici\u00f3n de cuentas se concatena al combate y erradicaci\u00f3n de la corrupci\u00f3n, atajando para reprimir y castigar -en su caso- a gobernantes y servidores p\u00fablicos que omiten utilizar todos los recursos que corresponde a la poblaci\u00f3n gobernada.<\/p>\n\n\n\n<p>Me niego a creer que la corrupci\u00f3n est\u00e1 en el ADN de los servidores p\u00fablicos y la poblaci\u00f3n abierta, eso es falso.<\/p>\n\n\n\n<p>Lo que s\u00ed creo, es que resulta positivo el promover por todas las v\u00edas que cada vez el universo de recursos p\u00fablicos y la comunidad que integra las instituciones &#8211; deben y debemos llevar a cabo &#8211; las m\u00e1s profundas transformaciones en los procesos de compras y obra p\u00fablica que realiza en sector gobierno.<\/p>\n\n\n\n<p>La transformaci\u00f3n institucional no debe verse en t\u00e9rminos de un ahorro nada m\u00e1s, sino tambi\u00e9n en todo el manejo eficiente (transparente) de los miles de millones de pesos del presupuesto, y que resulte una prevenci\u00f3n en la lucha contra la corrupci\u00f3n e impunidad. Eso, nos lleva a no tener que plantarnos en la instancia correctiva, sino anticiparnos a posibles denuncias.<\/p>\n\n\n\n<p>Lastimar la confianza es caracter\u00edstica de los sinverg\u00fcenzas sea; al superior, a las autoridades, a las instituciones o a la sociedad. De ah\u00ed la importancia de hacer fuerte al INAI en lo federal y el IVAI en lo estatal en Veracruz, como a los \u00d3rganos Internos de Control (OIC) en todas las instituciones y niveles de gobierno, y que permite que incluso los ciudadanos libremente se\u00f1alen y procedan a las denuncias y tratar que los actos no queden impunes.<\/p>\n\n\n\n<p>En estos tiempos se habla de actos y acciones irregulares de un poder u otro, de algunos servidores p\u00fablicos sea en lo municipal, estatal o federal, pero esto demanda que los tres Poderes de la Uni\u00f3n y los tres \u00f3rdenes de Gobierno trabajen en conjunto, pues se habla de la justicia y la legalidad, pero peleando es m\u00e1s que imposible lograrlo.<\/p>\n\n\n\n<p>\u00abLa corrupci\u00f3n y la impunidad\u00bb rebasan las fronteras, lo vemos con temas de migraci\u00f3n y las drogas &#8211; como ejemplo &#8211; de ah\u00ed que ser\u00e1 mejor unir fuerzas para que esos dolorosos males en M\u00e9xico se agoten.<\/p>\n\n\n\n<p><strong>UN CAF\u00c9 CON DOBLE CARGA<\/strong><\/p>\n\n\n\n<p>El trabajo colaborativo de la Secretaria de la Funci\u00f3n P\u00fablica (SFP), la Auditor\u00eda Superior de la Federaci\u00f3n (ASF) y con la Comisi\u00f3n de Vigilancia del Poder Legislativo del H. Congreso de la Uni\u00f3n, as\u00ed como en Veracruz, entre la Contralor\u00eda General (CGE), \u00d3rgano de Fiscalizaci\u00f3n Superior (ORFIS) y el Congreso del Estado son la ruta del mejoramiento de la fiscalizaci\u00f3n, descubrir y combatir la corrupci\u00f3n, pero desde la prevenci\u00f3n.<\/p>\n\n\n\n<p><strong>UN CAF\u00c9 CON DOBLE CARGA<\/strong><\/p>\n\n\n\n<p>Las Contralorias Internas de los \u00d3rganos Aut\u00f3nomos en Veracruz &#8211; incluyendo a la Universidad Veracruzana &#8211; no est\u00e1n exentas de las tareas a las que nos referimos; su rol en el control y la vigilancia suman y mucho a la confianza ciudadana y de las instituciones.<\/p>\n\n\n\n<p><strong>DE SOBREMESA<\/strong><\/p>\n\n\n\n<p>Hasta la Contraloria Social (en donde participa la ciudadania organizada) en coordinaci\u00f3n con las dependencias y entidades p\u00fablicas, adem\u00e1s de sumar ojos y voluntades, ayudar\u00eda ha impulsar y crear una \u00abcultura educativa\u00bb, y hasta el sector comunitario (pueblos originarios), as\u00ed como, afrodescendientes se deben incorporar, pues sus aportaciones se requieren y tambi\u00e9n cuentan.<\/p>\n\n\n\n<p><strong>UN LECHERO LIGHT DIVORCIADO<\/strong><\/p>\n\n\n\n<p>Se prevee un fin de semana movido en materia de transparencia, acceso a la informaci\u00f3n y rendici\u00f3n de cuentas.<\/p>\n\n\n\n<p>\u00a1 ES CUANTO !<\/p>\n\n\n\n<p>enriquezambell@gmail.com<\/p>\n","protected":false},"excerpt":{"rendered":"<p>Jos\u00e9 Luis Enr\u00edquez AmbellCaf\u00e9 de Ma\u00f1ana La sociedad en su conjunto habremos de coincidir que la transparencia, acceso a la informaci\u00f3n y rendici\u00f3n de cuentas son una trilog\u00eda que engrana derechos ciudadanos en el combate a la opacidad en el ejercicio de los recursos p\u00fablicos. Los poderes de la uni\u00f3n; El Legislativo, el Ejecutivo y [&hellip;]<\/p>\n","protected":false},"author":2,"featured_media":0,"comment_status":"closed","ping_status":"closed","sticky":false,"template":"","format":"standard","meta":{"_jetpack_newsletter_access":"","_jetpack_dont_email_post_to_subs":false,"_jetpack_newsletter_tier_id":0,"_jetpack_memberships_contains_paywalled_content":false,"_jetpack_memberships_contains_paid_content":false,"footnotes":""},"categories":[70],"tags":[8383,1067],"class_list":["post-106232","post","type-post","status-publish","format-standard","hentry","category-de-opinion","tag-jose-luis-enriquez-ambell","tag-transparencia"],"jetpack_featured_media_url":"","jetpack_sharing_enabled":true,"jetpack_shortlink":"https:\/\/wp.me\/p4Qcd3-rDq","_links":{"self":[{"href":"https:\/\/lospoliticosveracruz.com.mx\/index.php?rest_route=\/wp\/v2\/posts\/106232","targetHints":{"allow":["GET"]}}],"collection":[{"href":"https:\/\/lospoliticosveracruz.com.mx\/index.php?rest_route=\/wp\/v2\/posts"}],"about":[{"href":"https:\/\/lospoliticosveracruz.com.mx\/index.php?rest_route=\/wp\/v2\/types\/post"}],"author":[{"embeddable":true,"href":"https:\/\/lospoliticosveracruz.com.mx\/index.php?rest_route=\/wp\/v2\/users\/2"}],"replies":[{"embeddable":true,"href":"https:\/\/lospoliticosveracruz.com.mx\/index.php?rest_route=%2Fwp%2Fv2%2Fcomments&post=106232"}],"version-history":[{"count":1,"href":"https:\/\/lospoliticosveracruz.com.mx\/index.php?rest_route=\/wp\/v2\/posts\/106232\/revisions"}],"predecessor-version":[{"id":106233,"href":"https:\/\/lospoliticosveracruz.com.mx\/index.php?rest_route=\/wp\/v2\/posts\/106232\/revisions\/106233"}],"wp:attachment":[{"href":"https:\/\/lospoliticosveracruz.com.mx\/index.php?rest_route=%2Fwp%2Fv2%2Fmedia&parent=106232"}],"wp:term":[{"taxonomy":"category","embeddable":true,"href":"https:\/\/lospoliticosveracruz.com.mx\/index.php?rest_route=%2Fwp%2Fv2%2Fcategories&post=106232"},{"taxonomy":"post_tag","embeddable":true,"href":"https:\/\/lospoliticosveracruz.com.mx\/index.php?rest_route=%2Fwp%2Fv2%2Ftags&post=106232"}],"curies":[{"name":"wp","href":"https:\/\/api.w.org\/{rel}","templated":true}]}}