{"id":106720,"date":"2023-06-01T08:44:13","date_gmt":"2023-06-01T13:44:13","guid":{"rendered":"https:\/\/lospoliticosveracruz.com.mx\/?p=106720"},"modified":"2023-06-01T08:44:18","modified_gmt":"2023-06-01T13:44:18","slug":"estadistas-o-uno-mas","status":"publish","type":"post","link":"https:\/\/lospoliticosveracruz.com.mx\/?p=106720","title":{"rendered":"ESTADISTAS O UNO M\u00c1S"},"content":{"rendered":"\n<p><strong>Uriel Flores Aguayo<\/strong><\/p>\n\n\n\n<p>Es com\u00fan leer las expresiones atribuidas a Churchill y a Bismarck , en el sentido de que mientras el pol\u00edtico tradicional piensa en las siguientes elecciones, el estadista piensa en las siguientes generaciones . <\/p>\n\n\n\n<figure class=\"wp-block-embed is-type-video is-provider-youtube wp-block-embed-youtube wp-embed-aspect-16-9 wp-has-aspect-ratio\"><div class=\"wp-block-embed__wrapper\">\n<span class=\"embed-youtube\" style=\"text-align:center; display: block;\"><iframe loading=\"lazy\" class=\"youtube-player\" width=\"750\" height=\"422\" src=\"https:\/\/www.youtube.com\/embed\/Nxe-vxf8GuY?version=3&#038;rel=1&#038;showsearch=0&#038;showinfo=1&#038;iv_load_policy=1&#038;fs=1&#038;hl=es-ES&#038;autohide=2&#038;wmode=transparent\" allowfullscreen=\"true\" style=\"border:0;\" sandbox=\"allow-scripts allow-same-origin allow-popups allow-presentation allow-popups-to-escape-sandbox\"><\/iframe><\/span>\n<\/div><\/figure>\n\n\n\n<p>El estadista es un hombre de Estado, con un compromiso amplio e institucional sobre todas las cosas , su funci\u00f3n est\u00e1 m\u00e1s all\u00e1 de su propio partido y las facciones, vela por el inter\u00e9s general. En la historia de M\u00e9xico, es casi imposible encontrar presidentes con nivel de estadistas, tal vez lo haya sido Zedillo, si acaso. Los dem\u00e1s , incluido el actual , priorizaron la continuidad de su partido e , incluso , con algunas tentaciones de perpetuidad. Se manejaron en la invasi\u00f3n de los otros poderes, con partido oficial y opacidad. Esa fue en general la conducci\u00f3n de los asuntos del Estado mexicano. Han sido y son gobierno de partido y partido de gobierno, con uso clientelar de los programas sociales y manejo corporativo de la burocracia. Todo eso es actual en los niveles federal y estatal. Son pr\u00e1cticas anacr\u00f3nicas operadas con otros nombres y colores. No hubo cambio. Hay ret\u00f3rica y demagogia. Se presume una transformaci\u00f3n imaginaria y mit\u00f3mana. Es lamentable que nuestro pa\u00eds, urgido de desarrollo y democracia plena, se conduzca con mentalidad y criterios antiguos. Las visiones autoritarias retrasan todo y se vuelven un tap\u00f3n para el crecimiento nacional. El culto a la personalidad condiciona la adhesi\u00f3n incondicional con aires irracionales a un proyecto del pasado. No hay rasgos de Estadista en un ejecutivo que utiliza a los senadores y diputados como oficial\u00edas de partes y que ataca vulgarmente a la Suprema Corte de Justicia. Sin divisi\u00f3n de poderes no hay Rep\u00fablica, solo puede avisorarse una monarqu\u00eda o una dictadura. Es una oferta pobre y desnaturalizadora la de ofrecer un gobierno de seudo ideolog\u00eda y estricto control partidario. Se ahoga la pluralidad y, con ella , se inhibe la participaci\u00f3n ciudadana. Las visiones de tipo imperial rechazan la transparencia y la rendici\u00f3n de cuentas. Los pol\u00edticos tradicionales son ingratos y repelentes. Viven en un c\u00edrculo vicioso. No despiertan apoyo sincero, son de papel. Aun los audaces y populacheros se quedan huecos y ser\u00e1n intrascendentes en un corto plazo. Mexico requiere estadistas para aspirar a ser mucho mejor, para encaminarse en la ruta del progreso. Con aprendices y charlatanes hay notas de color, pero no se construye ciudadan\u00eda. Pueden ganar elecciones y aparentar que gobiernan, incluso armar movilizaciones partidarias , pero no tendr\u00e1n mayor sentido sin un pleno Estado de Derecho. Esa es una tarea para gente grande.<br>Recadito: tenemos enfrente aprendices de dictadorcitos.<\/p>\n","protected":false},"excerpt":{"rendered":"<p>Uriel Flores Aguayo Es com\u00fan leer las expresiones atribuidas a Churchill y a Bismarck , en el sentido de que mientras el pol\u00edtico tradicional piensa en las siguientes elecciones, el estadista piensa en las siguientes generaciones . El estadista es un hombre de Estado, con un compromiso amplio e institucional sobre todas las cosas , [&hellip;]<\/p>\n","protected":false},"author":2,"featured_media":0,"comment_status":"closed","ping_status":"closed","sticky":false,"template":"","format":"standard","meta":{"_jetpack_newsletter_access":"","_jetpack_dont_email_post_to_subs":false,"_jetpack_newsletter_tier_id":0,"_jetpack_memberships_contains_paywalled_content":false,"_jetpack_memberships_contains_paid_content":false,"footnotes":""},"categories":[70],"tags":[618,1026,2552],"class_list":["post-106720","post","type-post","status-publish","format-standard","hentry","category-de-opinion","tag-andres-manuel-lopez-obrador","tag-morena","tag-uriel-flores-aguayo"],"jetpack_featured_media_url":"","jetpack_sharing_enabled":true,"jetpack_shortlink":"https:\/\/wp.me\/p4Qcd3-rLi","_links":{"self":[{"href":"https:\/\/lospoliticosveracruz.com.mx\/index.php?rest_route=\/wp\/v2\/posts\/106720","targetHints":{"allow":["GET"]}}],"collection":[{"href":"https:\/\/lospoliticosveracruz.com.mx\/index.php?rest_route=\/wp\/v2\/posts"}],"about":[{"href":"https:\/\/lospoliticosveracruz.com.mx\/index.php?rest_route=\/wp\/v2\/types\/post"}],"author":[{"embeddable":true,"href":"https:\/\/lospoliticosveracruz.com.mx\/index.php?rest_route=\/wp\/v2\/users\/2"}],"replies":[{"embeddable":true,"href":"https:\/\/lospoliticosveracruz.com.mx\/index.php?rest_route=%2Fwp%2Fv2%2Fcomments&post=106720"}],"version-history":[{"count":1,"href":"https:\/\/lospoliticosveracruz.com.mx\/index.php?rest_route=\/wp\/v2\/posts\/106720\/revisions"}],"predecessor-version":[{"id":106721,"href":"https:\/\/lospoliticosveracruz.com.mx\/index.php?rest_route=\/wp\/v2\/posts\/106720\/revisions\/106721"}],"wp:attachment":[{"href":"https:\/\/lospoliticosveracruz.com.mx\/index.php?rest_route=%2Fwp%2Fv2%2Fmedia&parent=106720"}],"wp:term":[{"taxonomy":"category","embeddable":true,"href":"https:\/\/lospoliticosveracruz.com.mx\/index.php?rest_route=%2Fwp%2Fv2%2Fcategories&post=106720"},{"taxonomy":"post_tag","embeddable":true,"href":"https:\/\/lospoliticosveracruz.com.mx\/index.php?rest_route=%2Fwp%2Fv2%2Ftags&post=106720"}],"curies":[{"name":"wp","href":"https:\/\/api.w.org\/{rel}","templated":true}]}}