{"id":106724,"date":"2023-06-01T09:29:57","date_gmt":"2023-06-01T14:29:57","guid":{"rendered":"https:\/\/lospoliticosveracruz.com.mx\/?p=106724"},"modified":"2023-06-01T09:30:04","modified_gmt":"2023-06-01T14:30:04","slug":"conferencias-magistrales-2","status":"publish","type":"post","link":"https:\/\/lospoliticosveracruz.com.mx\/?p=106724","title":{"rendered":"CONFERENCIAS MAGISTRALES \/ 2"},"content":{"rendered":"\n<p><\/p>\n\n\n\n<p><strong>Sergio Gonz\u00e1lez Levet<\/strong><\/p>\n\n\n\n<p><em>Sin tacto<\/em><\/p>\n\n\n\n<p>De las famosas \u201cconferencias magistrales\u201d que se inventaron los morenos estamos hablando.<\/p>\n\n\n\n<p>&nbsp;&nbsp;&nbsp;&nbsp; Alegremente y sin tener la menor idea, como es la divisa de su secta, los operadores pol\u00edticos de la Cuatrot\u00e9 se pusieron a organizar eventos masivos, llenos con acarreados de entre la empleoman\u00eda oficial y alumnos de escuelas preparatorias, armaron sus entarimados, conectaron sus micr\u00f3fonos, colocaron sus atriles y atr\u00e1s de ellos pusieron a sus pre-pre-precandidatos para que farfullaran lo que se les ocurriera o mal leyeran lo que les hab\u00edan tambi\u00e9n mal escrito, y a alguno de sus sesudos asesores (expertos en puntos de vista) se le ocurri\u00f3 llamar a esos engendros de evento: \u201cconferencias magistrales\u201d.<\/p>\n\n\n<div class=\"wp-block-image\">\n<figure class=\"alignleft size-medium\"><a href=\"https:\/\/lospoliticosveracruz.com.mx\/wp-content\/uploads\/2021\/10\/WhatsApp-Image-2021-10-02-at-15.20.25.jpeg\"><img loading=\"lazy\" decoding=\"async\" width=\"212\" height=\"300\" src=\"https:\/\/lospoliticosveracruz.com.mx\/wp-content\/uploads\/2021\/10\/WhatsApp-Image-2021-10-02-at-15.20.25-212x300.jpeg\" alt=\"\" class=\"wp-image-80177\" srcset=\"https:\/\/lospoliticosveracruz.com.mx\/wp-content\/uploads\/2021\/10\/WhatsApp-Image-2021-10-02-at-15.20.25-212x300.jpeg 212w, https:\/\/lospoliticosveracruz.com.mx\/wp-content\/uploads\/2021\/10\/WhatsApp-Image-2021-10-02-at-15.20.25-724x1024.jpeg 724w, https:\/\/lospoliticosveracruz.com.mx\/wp-content\/uploads\/2021\/10\/WhatsApp-Image-2021-10-02-at-15.20.25-768x1086.jpeg 768w, https:\/\/lospoliticosveracruz.com.mx\/wp-content\/uploads\/2021\/10\/WhatsApp-Image-2021-10-02-at-15.20.25.jpeg 905w\" sizes=\"auto, (max-width: 212px) 100vw, 212px\" \/><\/a><\/figure><\/div>\n\n\n<p>&nbsp;&nbsp;&nbsp;&nbsp; Obvio, esas concentraciones que tanta molestia le causan a los obligados a asistir no cumplen para nada con la m\u00ednima exigencia de ese tipo de ceremonias.<\/p>\n\n\n\n<p>&nbsp;&nbsp;&nbsp;&nbsp; Una conferencia magistral \u201ces una presentaci\u00f3n o charla impartida por un experto reconocido en un campo espec\u00edfico. Tambi\u00e9n se conoce como conferencia plenaria o conferencia principal. Durante una conferencia magistral, el conferencista comparte sus conocimientos y experiencia sobre un tema en particular con una audiencia que generalmente est\u00e1 compuesta por estudiantes, acad\u00e9micos, profesionales u otras personas interesadas en el tema.\u201d<\/p>\n\n\n\n<p>&nbsp;&nbsp;&nbsp;&nbsp; Ven, \u00a1nada que ver con los discursos farfullados sobre temas anodinos!<\/p>\n\n\n\n<p>&nbsp;&nbsp;&nbsp;&nbsp; Las conferencias magistrales \u201csuelen ser eventos importantes dentro de conferencias, congresos o simposios, y se programan para aportar una visi\u00f3n amplia y enriquecedora sobre un tema relevante. El conferencista es una autoridad reconocida en el campo y puede presentar investigaciones, teor\u00edas, avances tecnol\u00f3gicos o conceptos innovadores. Adem\u00e1s, puede compartir experiencias personales, an\u00e1lisis profundos o reflexiones sobre el tema.\u201d<\/p>\n\n\n\n<p>&nbsp;&nbsp;&nbsp;&nbsp; Y m\u00e1s: \u201cEsas conferencias suelen ser una oportunidad para que la audiencia aprenda de los expertos, obtenga informaci\u00f3n actualizada y se inspire en nuevas ideas. Tambi\u00e9n pueden ser un espacio para plantear preguntas y participar en debates. Las conferencias magistrales tienen como objetivo transmitir conocimientos y generar un intercambio de ideas en un formato formal y estructurado.\u201d<\/p>\n\n\n\n<p>&nbsp;&nbsp;&nbsp;&nbsp; Por eso me da tanta risa, por decir algo, cuando veo balbucear a las y los morenistas que no se atreven a exhortar a una muchedumbre, a hablarle de frente al pueblo congregado, a encabezar un mitin propiamente dicho.<\/p>\n\n\n\n<p>&nbsp;&nbsp;&nbsp;&nbsp; Hay una raz\u00f3n adicional a su falta de capacidad por la que no hacen concentraciones populares y se plantan frente a ellas: tienen pavor de hacerle sombra -\u00a1ni dios lo quiera!- al Patriarca, al Mes\u00edas, tan dado a agarrar el micr\u00f3fono y no soltarlo aunque est\u00e9 frente el Presidente de los Estados Unidos y el Primer Ministro de Canad\u00e1 (qu\u00e9 pena con ellos).<\/p>\n\n\n\n<p>&nbsp;&nbsp;&nbsp;&nbsp; Pero ma\u00f1ana le seguimos\u2026<\/p>\n\n\n\n<p>sglevet@gmail.com<\/p>\n","protected":false},"excerpt":{"rendered":"<p>Sergio Gonz\u00e1lez Levet Sin tacto De las famosas \u201cconferencias magistrales\u201d que se inventaron los morenos estamos hablando. &nbsp;&nbsp;&nbsp;&nbsp; Alegremente y sin tener la menor idea, como es la divisa de su secta, los operadores pol\u00edticos de la Cuatrot\u00e9 se pusieron a organizar eventos masivos, llenos con acarreados de entre la empleoman\u00eda oficial y alumnos de [&hellip;]<\/p>\n","protected":false},"author":2,"featured_media":0,"comment_status":"closed","ping_status":"closed","sticky":false,"template":"","format":"standard","meta":{"_jetpack_newsletter_access":"","_jetpack_dont_email_post_to_subs":false,"_jetpack_newsletter_tier_id":0,"_jetpack_memberships_contains_paywalled_content":false,"_jetpack_memberships_contains_paid_content":false,"footnotes":""},"categories":[70],"tags":[38295,1026,1282,195],"class_list":["post-106724","post","type-post","status-publish","format-standard","hentry","category-de-opinion","tag-conferencias-magistrales","tag-morena","tag-sergio-gonzalez-levet","tag-veracruz"],"jetpack_featured_media_url":"","jetpack_sharing_enabled":true,"jetpack_shortlink":"https:\/\/wp.me\/p4Qcd3-rLm","_links":{"self":[{"href":"https:\/\/lospoliticosveracruz.com.mx\/index.php?rest_route=\/wp\/v2\/posts\/106724","targetHints":{"allow":["GET"]}}],"collection":[{"href":"https:\/\/lospoliticosveracruz.com.mx\/index.php?rest_route=\/wp\/v2\/posts"}],"about":[{"href":"https:\/\/lospoliticosveracruz.com.mx\/index.php?rest_route=\/wp\/v2\/types\/post"}],"author":[{"embeddable":true,"href":"https:\/\/lospoliticosveracruz.com.mx\/index.php?rest_route=\/wp\/v2\/users\/2"}],"replies":[{"embeddable":true,"href":"https:\/\/lospoliticosveracruz.com.mx\/index.php?rest_route=%2Fwp%2Fv2%2Fcomments&post=106724"}],"version-history":[{"count":1,"href":"https:\/\/lospoliticosveracruz.com.mx\/index.php?rest_route=\/wp\/v2\/posts\/106724\/revisions"}],"predecessor-version":[{"id":106725,"href":"https:\/\/lospoliticosveracruz.com.mx\/index.php?rest_route=\/wp\/v2\/posts\/106724\/revisions\/106725"}],"wp:attachment":[{"href":"https:\/\/lospoliticosveracruz.com.mx\/index.php?rest_route=%2Fwp%2Fv2%2Fmedia&parent=106724"}],"wp:term":[{"taxonomy":"category","embeddable":true,"href":"https:\/\/lospoliticosveracruz.com.mx\/index.php?rest_route=%2Fwp%2Fv2%2Fcategories&post=106724"},{"taxonomy":"post_tag","embeddable":true,"href":"https:\/\/lospoliticosveracruz.com.mx\/index.php?rest_route=%2Fwp%2Fv2%2Ftags&post=106724"}],"curies":[{"name":"wp","href":"https:\/\/api.w.org\/{rel}","templated":true}]}}