{"id":106801,"date":"2023-06-04T20:46:26","date_gmt":"2023-06-05T01:46:26","guid":{"rendered":"https:\/\/lospoliticosveracruz.com.mx\/?p=106801"},"modified":"2023-06-04T20:46:31","modified_gmt":"2023-06-05T01:46:31","slug":"comunicacion-social-puede-eficientar-su-gasto-publico","status":"publish","type":"post","link":"https:\/\/lospoliticosveracruz.com.mx\/?p=106801","title":{"rendered":"COMUNICACI\u00d3N SOCIAL PUEDE EFICIENTAR SU GASTO P\u00daBLICO"},"content":{"rendered":"\n<p><br><strong>Jos\u00e9 Luis Enr\u00edquez Ambell<\/strong><\/p>\n\n\n\n<p><em>Caf\u00e9 de Ma\u00f1ana<\/em><\/p>\n\n\n\n<p>Se ha publicado este s\u00e1bado 3 de junio en el DOF el decreto que reforma la&nbsp;Ley General de Comunicaci\u00f3n Social, donde se establece que, entidades federativas, municipios y demarcaciones territoriales de la&nbsp;CDMX pueden&nbsp;determinar su propio l\u00edmite del gasto del Programa Anual y elimina el limite de 0.1% existente.<\/p>\n\n\n\n<p>Sin dejar de observar ejes y principios previstos en el ley, por concepto de la difusi\u00f3n, propaganda gubernamental con austeridad republicana, econom\u00eda y racionalidad presupuestaria. No tienen pretexto con esta reforma para que su l\u00edmite de gasto ahora sea de acuerdo a las caracter\u00edsticas propias de cada una de ellas, lo que les permitir\u00e1 eficientar sus acciones, si es que quieren y saben como hacerlo.<\/p>\n\n\n\n<p>\u00abDe acuerdo a los principios b\u00e1sicos y universales de la comunicaci\u00f3n oficial e institucional debe evitarse ataques a la moral, la vida privada o los derechos de terceras personas, que provoquen alg\u00fan delito, o que perturben el orden p\u00fablico\u201d. Esta base fundamental a observarse es momento de que la maxicen las \u00e1reas correspondientes ante la flexibilidad que les otorga la ley.<\/p>\n\n\n\n<p>El documento publicado y aprobado por los Diputados del Congreso de la Uni\u00f3n y el Senado de la Rep\u00fablica para cumplir con todos sus efectos constitucionales, ahora permitir\u00e1 a los Entes P\u00fablicos obligados poder planear, programar, presupuestar y contar con los recursos, y la suficiencia presupuestal para sus acciones.<\/p>\n\n\n\n<p>De entrada las \u00e1reas de Comunicaci\u00f3n Social, deber\u00edan rodearse de un equipo humano, con experiencia normativa y administrativa para el dise\u00f1o estructural que la normatividad les permite desde el Art\u00edculo 134 constitucional, parrrafo 8 y donde se establece que la propaganda gubernamental tendr\u00e1 que ser con un car\u00e1cter institucional, fines informativos, exenta de promociones pol\u00edticas y de las agendas personalizadas.<\/p>\n\n\n\n<p>Las \u00e1reas de Comunicaci\u00f3n Social deber\u00edan aprovechar que desde el mes de marzo la SHCP atendiendo lo establecido por la Ley Federal de Presupuesto y Responsabilidad Hacendaria, public\u00f3 y difundi\u00f3 los \u00abPRE &#8211; CRITERIOS 2024\u00bb para empezar con la elaboraci\u00f3n de los anteproyectos de lo que ser\u00e1 el Paquete Econ\u00f3mico y el Proyecto de Egresos para el pr\u00f3ximo ejercicio &#8211; que coincide con el cierre del sexenio federal, nueve estados, varios municipios y alcald\u00edas &#8211; y por eso pienso que \u00abno estar\u00eda de m\u00e1s que comenzar\u00e1n los responsables de la Comunicaci\u00f3n Social a revisar; lo que pueden, deben, como y para que hacer la construcci\u00f3n y del gasto en sus presupuestos, mismos que despu\u00e9s les podr\u00eda poner a correr ante posibles observaciones, sin la necesidad, de ponerse las pilas de una vez\u201d.<\/p>\n\n\n\n<p>Lo que me parece relevante es que los titulares de la comunicaci\u00f3n social como sujetos obligados, ante el nuevo decreto que les autoriza, deben aprovechar Los Pre-Criterios Generales de Pol\u00edtica Econ\u00f3mica de 2024&nbsp;(Pre-CGPE 2024) y que significa una versi\u00f3n preliminar&nbsp;de los Criterios Generales de Pol\u00edtica Econ\u00f3mica (CGPE) en t\u00e9rminos de las perspectivas econ\u00f3micas&nbsp;y&nbsp;de finanzas p\u00fablicas&nbsp;del Gobierno Federal para \u00abel cierre de 2023 y el ejercicio fiscal 2024\u201d.<\/p>\n\n\n\n<p>De ah\u00ed la importancia de prepararse a la velocidad m\u00e1xima posible, pues estos datos servir\u00e1n de base para el&nbsp;Paquete Econ\u00f3mico&nbsp;2024&nbsp;que en septiembre venidero ser\u00e1n presentados para iniciar la edificaci\u00f3n del gasto del presupuesto de egresos del \u00faltimo a\u00f1o de gobierno.<\/p>\n\n\n\n<p>UN CAF\u00c9 CON DOBLE CARGA<\/p>\n\n\n\n<p>Los topes y la suficiencia presupuestal que las \u00e1reas de Comunicaci\u00f3n Social le den a sus Cat\u00e1logos y Presupuesto de Egresos, podr\u00eda flexibilizar la relaci\u00f3n entre entidades p\u00fablicas y los medios de comunicaci\u00f3n en todos sus g\u00e9neros.<\/p>\n\n\n\n<p>DE SOBREMESA<\/p>\n\n\n\n<p>La existencia, subsistencia, creaci\u00f3n o el quiza renacimiento de algunos medios de comunicaci\u00f3n en M\u00e9xico y estados de la Rep\u00fablica como en municipios, es muy posible de darles una inyecci\u00f3n de vitalidad para continuar informando y se evite que solo pasen a la historia por lo que fueron, evitando cierres y la perdida de empleos de la familia period\u00edstica en su conjunto.<\/p>\n\n\n\n<p>UN CAF\u00c9 PARA LLEVAR<\/p>\n\n\n\n<p>La sensibilidad y el compromiso de los servidores p\u00fablicos responsables en la tarea de construcci\u00f3n de presupuestos en materia de comunicaci\u00f3n social, les resultar\u00e1 una buena prueba para el presente, y sobre todo para el devenir.<\/p>\n\n\n\n<p>UN LECHERO LIGHT DIVORCIADO<\/p>\n\n\n\n<p>Todos los sujetos y entes obligados no deber\u00edan de resultar ni andar aclarando observaciones de los organismos de Fiscalizaci\u00f3n,- ORFIS o ASF,- si es que saben construir el ejercicio de su gasto, o \u00bfno deber\u00eda ser as\u00ed ?<\/p>\n\n\n\n<p>CAF\u00c9 DE OLLA CON CANELA Y PANELA<\/p>\n\n\n\n<p>Los presupuestos p\u00fablicos son para el \u00abBienestar\u00bb de los programas, acciones y tareas institucionales, sin apartarse de la transparencia y rendici\u00f3n de cuentas.<\/p>\n\n\n\n<p>UN CAF\u00c9 NEGRO VERACRUZANO<\/p>\n\n\n\n<p>Don Ricardo Rocha (QEPD), profesional y serio comunicador a quien la generaci\u00f3n de los 80&#8217;s le aprendimos y reconocimos sus talentos a trav\u00e9s de la informaci\u00f3n y el entrenamiento en la Televisi\u00f3n, Radio y Prensa escrita, como hasta hace unos d\u00edas en Teleformula por las ma\u00f1ana.<\/p>\n\n\n\n<p>! ES CUANTO !<\/p>\n\n\n\n<p>enriquezambell@gmail.com<\/p>\n","protected":false},"excerpt":{"rendered":"<p>Jos\u00e9 Luis Enr\u00edquez Ambell Caf\u00e9 de Ma\u00f1ana Se ha publicado este s\u00e1bado 3 de junio en el DOF el decreto que reforma la&nbsp;Ley General de Comunicaci\u00f3n Social, donde se establece que, entidades federativas, municipios y demarcaciones territoriales de la&nbsp;CDMX pueden&nbsp;determinar su propio l\u00edmite del gasto del Programa Anual y elimina el limite de 0.1% existente. [&hellip;]<\/p>\n","protected":false},"author":2,"featured_media":0,"comment_status":"closed","ping_status":"closed","sticky":false,"template":"","format":"standard","meta":{"_jetpack_newsletter_access":"","_jetpack_dont_email_post_to_subs":false,"_jetpack_newsletter_tier_id":0,"_jetpack_memberships_contains_paywalled_content":false,"_jetpack_memberships_contains_paid_content":false,"footnotes":""},"categories":[70],"tags":[933,195],"class_list":["post-106801","post","type-post","status-publish","format-standard","hentry","category-de-opinion","tag-comunicacion-social","tag-veracruz"],"jetpack_featured_media_url":"","jetpack_sharing_enabled":true,"jetpack_shortlink":"https:\/\/wp.me\/p4Qcd3-rMB","_links":{"self":[{"href":"https:\/\/lospoliticosveracruz.com.mx\/index.php?rest_route=\/wp\/v2\/posts\/106801","targetHints":{"allow":["GET"]}}],"collection":[{"href":"https:\/\/lospoliticosveracruz.com.mx\/index.php?rest_route=\/wp\/v2\/posts"}],"about":[{"href":"https:\/\/lospoliticosveracruz.com.mx\/index.php?rest_route=\/wp\/v2\/types\/post"}],"author":[{"embeddable":true,"href":"https:\/\/lospoliticosveracruz.com.mx\/index.php?rest_route=\/wp\/v2\/users\/2"}],"replies":[{"embeddable":true,"href":"https:\/\/lospoliticosveracruz.com.mx\/index.php?rest_route=%2Fwp%2Fv2%2Fcomments&post=106801"}],"version-history":[{"count":1,"href":"https:\/\/lospoliticosveracruz.com.mx\/index.php?rest_route=\/wp\/v2\/posts\/106801\/revisions"}],"predecessor-version":[{"id":106802,"href":"https:\/\/lospoliticosveracruz.com.mx\/index.php?rest_route=\/wp\/v2\/posts\/106801\/revisions\/106802"}],"wp:attachment":[{"href":"https:\/\/lospoliticosveracruz.com.mx\/index.php?rest_route=%2Fwp%2Fv2%2Fmedia&parent=106801"}],"wp:term":[{"taxonomy":"category","embeddable":true,"href":"https:\/\/lospoliticosveracruz.com.mx\/index.php?rest_route=%2Fwp%2Fv2%2Fcategories&post=106801"},{"taxonomy":"post_tag","embeddable":true,"href":"https:\/\/lospoliticosveracruz.com.mx\/index.php?rest_route=%2Fwp%2Fv2%2Ftags&post=106801"}],"curies":[{"name":"wp","href":"https:\/\/api.w.org\/{rel}","templated":true}]}}