{"id":106890,"date":"2023-06-06T09:26:38","date_gmt":"2023-06-06T14:26:38","guid":{"rendered":"https:\/\/lospoliticosveracruz.com.mx\/?p=106890"},"modified":"2023-06-06T09:30:53","modified_gmt":"2023-06-06T14:30:53","slug":"naldy-la-hizo","status":"publish","type":"post","link":"https:\/\/lospoliticosveracruz.com.mx\/?p=106890","title":{"rendered":"NALDY LA HIZO"},"content":{"rendered":"\n<p><\/p>\n\n\n\n<p><strong>Sergio Gonz\u00e1lez Levet<\/strong><\/p>\n\n\n\n<p><em>Sin tacto<\/em><\/p>\n\n\n\n<p>Despu\u00e9s de tres a\u00f1os sumamente fruct\u00edferos para la transparencia en Veracruz, la maestra Naldy Patricia Rodr\u00edguez Lagunes entreg\u00f3 la Presidencia del Instituto Veracruzano de Acceso a la Informaci\u00f3n (IVAI).<\/p>\n\n\n<div class=\"wp-block-image\">\n<figure class=\"alignleft size-medium\"><a href=\"https:\/\/lospoliticosveracruz.com.mx\/wp-content\/uploads\/2021\/10\/WhatsApp-Image-2021-10-02-at-15.20.25.jpeg\"><img loading=\"lazy\" decoding=\"async\" width=\"212\" height=\"300\" src=\"https:\/\/lospoliticosveracruz.com.mx\/wp-content\/uploads\/2021\/10\/WhatsApp-Image-2021-10-02-at-15.20.25-212x300.jpeg\" alt=\"\" class=\"wp-image-80177\" srcset=\"https:\/\/lospoliticosveracruz.com.mx\/wp-content\/uploads\/2021\/10\/WhatsApp-Image-2021-10-02-at-15.20.25-212x300.jpeg 212w, https:\/\/lospoliticosveracruz.com.mx\/wp-content\/uploads\/2021\/10\/WhatsApp-Image-2021-10-02-at-15.20.25-724x1024.jpeg 724w, https:\/\/lospoliticosveracruz.com.mx\/wp-content\/uploads\/2021\/10\/WhatsApp-Image-2021-10-02-at-15.20.25-768x1086.jpeg 768w, https:\/\/lospoliticosveracruz.com.mx\/wp-content\/uploads\/2021\/10\/WhatsApp-Image-2021-10-02-at-15.20.25.jpeg 905w\" sizes=\"auto, (max-width: 212px) 100vw, 212px\" \/><\/a><\/figure><\/div>\n\n\n<p>&nbsp;&nbsp;&nbsp;&nbsp; Las cuentas que ha dejado la destacada comunicadora de su ejercicio al frente del Instituto son demoledoras en su eficiencia. Veamos: cuando lleg\u00f3 el 26 de marzo de 2020, hab\u00eda un rezago de 4,500 quejas de ciudadanos que no hab\u00edan sido atendidas, y hab\u00eda varias de ellas que llevaban dos a\u00f1os durmiendo el sue\u00f1o de los justos en alg\u00fan caj\u00f3n olvidado de alg\u00fan funcionario o alg\u00fan empleado.<\/p>\n\n\n\n<p>&nbsp;&nbsp;&nbsp;&nbsp; Y luego la multas por incumplimiento, entre 2018 y 2019 el IVAI solamente impuso tres sanciones. Como bien dijo la funcionaria saliente, la desidia y el incumplimiento eran una constante en la dependencia que ella lleg\u00f3 a presidir. La diferencia notable es que en lo que va de este a\u00f1o ya se han impuesto 26 multas a entes obligados que no han cumplido, con un monto de 416 mil pesos, de los que ya han sido cobrados 116 mil.<\/p>\n\n\n\n<p>&nbsp;&nbsp;&nbsp;&nbsp; La comunic\u00f3loga se encarg\u00f3 de poner las cuentas claras en un organismo que ten\u00eda atrasos, adeudos y disposiciones poco claras. En tres a\u00f1os, Naldy consigui\u00f3 que el IVAI se pusiera al corriente en los 10 millones de pesos que le hab\u00edan heredado sus antecesores, y tambi\u00e9n se pagaron los atrasos que hab\u00eda con el personal y se pusieron al corriente los impuestos.<\/p>\n\n\n\n<p>&nbsp;&nbsp;&nbsp;&nbsp; Interpuso una pol\u00edtica de cero tolerancia a la violencia de g\u00e9nero y a la discriminaci\u00f3n. Durante su gesti\u00f3n, en el IVAI se labor\u00f3 en un ambiente de cordialidad y respeto.<\/p>\n\n\n\n<p>&nbsp;&nbsp;&nbsp;&nbsp; Naldy Rodr\u00edguez fue una especie de sorpresa para quienes no conoc\u00edan su determinaci\u00f3n, su estricto sentido de la justicia y su empecinamiento en hacer bien las cosas. Fue una piedra en el zapato para los que pensaban que se pod\u00eda gobernar desde la penumbra, sin dar cuentas, sin explicar acciones y decisiones.<\/p>\n\n\n\n<p>&nbsp;&nbsp;&nbsp;&nbsp; Por eso ella confes\u00f3 en su discurso de despedida que fue \u201cv\u00edctima de campa\u00f1as de mentira y odio\u201d y que enfrent\u00f3 \u201ctambi\u00e9n violencia de g\u00e9nero.<\/p>\n\n\n\n<p>\u201cPero no nos rajamos\u201d -dijo con entereza- \u201cy, desde nuestra trinchera, seguiremos trabajando con honradez y cerca de la gente\u201d.<\/p>\n\n\n\n<p>&nbsp;&nbsp;&nbsp;&nbsp; Quedan para la historia de las buenas conciencias sus palabras finales como Presidenta del IVAI:<\/p>\n\n\n\n<p>&nbsp;&nbsp;&nbsp;&nbsp; \u201cCon un profundo agradecimiento cierro esta etapa, una nueva iniciar\u00e1 y deseo que sea de gran \u00e9xito para quienes la conforman, pero sobre todo para la Instituci\u00f3n, una muy noble pero desafortunada, porque ha estado bajo intereses -a veces mezquinos- de grupos y personas\u201d.<\/p>\n\n\n\n<p>&nbsp;&nbsp;&nbsp;&nbsp; Saludos a esta gran mujer veracruzana, que tiene mucho m\u00e1s por dar a su estado.<\/p>\n\n\n\n<p>sglevet@gmail.com<\/p>\n","protected":false},"excerpt":{"rendered":"<p>Sergio Gonz\u00e1lez Levet Sin tacto Despu\u00e9s de tres a\u00f1os sumamente fruct\u00edferos para la transparencia en Veracruz, la maestra Naldy Patricia Rodr\u00edguez Lagunes entreg\u00f3 la Presidencia del Instituto Veracruzano de Acceso a la Informaci\u00f3n (IVAI). &nbsp;&nbsp;&nbsp;&nbsp; Las cuentas que ha dejado la destacada comunicadora de su ejercicio al frente del Instituto son demoledoras en su eficiencia. [&hellip;]<\/p>\n","protected":false},"author":2,"featured_media":0,"comment_status":"closed","ping_status":"closed","sticky":false,"template":"","format":"standard","meta":{"_jetpack_newsletter_access":"","_jetpack_dont_email_post_to_subs":false,"_jetpack_newsletter_tier_id":0,"_jetpack_memberships_contains_paywalled_content":false,"_jetpack_memberships_contains_paid_content":false,"footnotes":""},"categories":[70],"tags":[985,5578],"class_list":["post-106890","post","type-post","status-publish","format-standard","hentry","category-de-opinion","tag-ivai","tag-naldy-patricia-rodriguez-lagunes"],"jetpack_featured_media_url":"","jetpack_sharing_enabled":true,"jetpack_shortlink":"https:\/\/wp.me\/p4Qcd3-rO2","_links":{"self":[{"href":"https:\/\/lospoliticosveracruz.com.mx\/index.php?rest_route=\/wp\/v2\/posts\/106890","targetHints":{"allow":["GET"]}}],"collection":[{"href":"https:\/\/lospoliticosveracruz.com.mx\/index.php?rest_route=\/wp\/v2\/posts"}],"about":[{"href":"https:\/\/lospoliticosveracruz.com.mx\/index.php?rest_route=\/wp\/v2\/types\/post"}],"author":[{"embeddable":true,"href":"https:\/\/lospoliticosveracruz.com.mx\/index.php?rest_route=\/wp\/v2\/users\/2"}],"replies":[{"embeddable":true,"href":"https:\/\/lospoliticosveracruz.com.mx\/index.php?rest_route=%2Fwp%2Fv2%2Fcomments&post=106890"}],"version-history":[{"count":1,"href":"https:\/\/lospoliticosveracruz.com.mx\/index.php?rest_route=\/wp\/v2\/posts\/106890\/revisions"}],"predecessor-version":[{"id":106891,"href":"https:\/\/lospoliticosveracruz.com.mx\/index.php?rest_route=\/wp\/v2\/posts\/106890\/revisions\/106891"}],"wp:attachment":[{"href":"https:\/\/lospoliticosveracruz.com.mx\/index.php?rest_route=%2Fwp%2Fv2%2Fmedia&parent=106890"}],"wp:term":[{"taxonomy":"category","embeddable":true,"href":"https:\/\/lospoliticosveracruz.com.mx\/index.php?rest_route=%2Fwp%2Fv2%2Fcategories&post=106890"},{"taxonomy":"post_tag","embeddable":true,"href":"https:\/\/lospoliticosveracruz.com.mx\/index.php?rest_route=%2Fwp%2Fv2%2Ftags&post=106890"}],"curies":[{"name":"wp","href":"https:\/\/api.w.org\/{rel}","templated":true}]}}