{"id":107139,"date":"2023-06-11T23:24:26","date_gmt":"2023-06-12T04:24:26","guid":{"rendered":"https:\/\/lospoliticosveracruz.com.mx\/?p=107139"},"modified":"2023-06-11T23:24:33","modified_gmt":"2023-06-12T04:24:33","slug":"calor-2","status":"publish","type":"post","link":"https:\/\/lospoliticosveracruz.com.mx\/?p=107139","title":{"rendered":"CALOR"},"content":{"rendered":"\n<p><strong>Guadalupe H. Mar<br><\/strong><em>Mira Pol\u00edtica<\/em><\/p>\n\n\n\n<p><strong>Y XALAPA SIN AGUA \u2026.<\/strong> En la semana que reci\u00e9n concluy\u00f3, vecinos de la colonia \u00c1lvaro Obreg\u00f3n de Xalapa, cerraron por un buen rato la avenida 20 de noviembre, una de las m\u00e1s transitadas, en protesta porque llevaban 10 d\u00edas sin recibir agua potable en sus domicilios, situaci\u00f3n que se ha repetido constantemente en la ciudad capital del estado de Veracruz.<\/p>\n\n\n<div class=\"wp-block-image\">\n<figure class=\"alignleft size-full is-resized\"><a href=\"https:\/\/lospoliticosveracruz.com.mx\/wp-content\/uploads\/2023\/02\/Vinissimo.jpg\"><img loading=\"lazy\" decoding=\"async\" src=\"https:\/\/lospoliticosveracruz.com.mx\/wp-content\/uploads\/2023\/02\/Vinissimo.jpg\" alt=\"\" class=\"wp-image-102752\" width=\"175\" height=\"178\"\/><\/a><\/figure><\/div>\n\n\n<p><br>Los manifestantes se quejaron de que la Comisi\u00f3n Municipal de Agua y Saneamiento (CMAS) de Xalapa no ha respetado el tandeo en el suministro de agua potable, pues los d\u00edas en que deben recibir el vital l\u00edquido en sus domicilios, no llega y se ha prolongado por casi dos semanas.<br>La grave situaci\u00f3n de la falta de agua en la ciudad de Xalapa se conoce porque los vecinos han protestado y gracias a esa presi\u00f3n el alcalde de ese municipio, Ricardo Ahued Bardahuil, ha tenido que salir a reconocer que existe un d\u00e9ficit de agua potable del 40 por ciento para satisfacer la demanda de toda la ciudad.<br>Para lograr el 100 por ciento de abasto se requiere la inversi\u00f3n de mil 500 millones de pesos reconoci\u00f3 Ahued Bardahuil, con lo cual da a entender que el asunto del desabasto de agua potable en la ciudad capital del estado va para largo, pues, aunque \u00e9l no lo diga, los veracruzanos sabemos que en esta administraci\u00f3n estatal existen otras prioridades.<br><strong>EL NORTE TAMBI\u00c9N EXISTE<\/strong> \u2026 A diferencia de los vecinos de Xalapa, los de Poza Rica siguen aguantando el tradicional y desequilibrado tandeo que se ha mantenido desde hace muchos a\u00f1os.<br>All\u00e1 en el norte del estado, vecinos de diversas colonias gastan en promedio 600 pesos semanales por la cuarta parte de una pipa de agua que les permite tener agua para al menos sus necesidades b\u00e1sicas.<br>Para que tengan una idea de la gravedad en la falta de agua en Poza Rica, hay colonias que deber\u00edan recibir agua en sus domicilios dos veces a la semana, sin embargo, han pasado d\u00edas y d\u00edas, casi un mes, sin que les llegue el vital l\u00edquido por lo que tienen que recurrir a la compra de agua en pipas.<br><strong>PARA ACABARLA DE \u2026<\/strong> En los \u00faltimos d\u00edas en gran parte del pa\u00eds se ha sentido una intensa onda de calor, la tercera de este a\u00f1o, en la que se han registrado temperaturas de hasta 45 grados en la zona norte del pa\u00eds.<br>Si bien el verano iniciar\u00e1 el pr\u00f3ximo mi\u00e9rcoles 21 de junio y en agosto tendremos la famosa temporada de La Guayaba, ahora en junio estas ondas de calor nos est\u00e1n haciendo sudar y con ello se padece mucho m\u00e1s la falta de agua.<br>Recontraporcierto, el Sistema Metereol\u00f3gico Nacional (SMN) hab\u00eda pronosticado \u2013 tiempo pasado- cuatro andas de calor para este a\u00f1o 2023, una en marzo, otra en abril y dos en mayo, sin embargo, ya estamos a mediados de junio y las seguimos padeciendo.<br>Para que no se queda con la duda amable lectora o lector, una onda calor se define como el periodo de m\u00e1s de tres d\u00edas consecutivos con temperaturas por arriba del promedio, esto aplica tambi\u00e9n para las temperaturas m\u00e1ximas que se registran entre las 14 y 16 horas.<br>Es tal la situaci\u00f3n, amables lectores, que de las seis personas que han fallecido por el intenso calor que se siente en gran parte del pa\u00eds, dos de ellas eran de Veracruz.<br>Por ello, si bien las prioridades de la actual administraci\u00f3n estatal y federal son otras, habr\u00e1 que promover desde la ciudadan\u00eda o votantes, que se sienten las bases para serios proyectos y acciones que garanticen el abasto de agua en las temporadas de sequ\u00eda, porque esto que estamos viviendo se suceder\u00e1 cada vez con mayor intensidad.<br><strong>CALLADITO, CALLADITO \u2026<\/strong> Por si no lo sab\u00edan amables lectores, existe en el aparato gubernamental estatal un organismo denominado Comisi\u00f3n de Agua del Estado de Veracruz (CAEV) que est\u00e1 a cargo del arquitecto F\u00e9lix Ladr\u00f3n de Guevara Ben\u00edtez, de quien no se sabe nada, no se soma por ning\u00fan lado convencido de que calladito, se ve m\u00e1s bonito.<br>No se conoce qu\u00e9 hace la CAEV para atender el desabasto de agua potable en varias ciudades en las que opera este organismo y como dijo Don Teofilito, ni se sabr\u00e1.<br>D\u00cdGALO SIN MIEDO \u2026 Al correo electr\u00f3nico guadalupehmar@yahoo.com<\/p>\n","protected":false},"excerpt":{"rendered":"<p>Guadalupe H. MarMira Pol\u00edtica Y XALAPA SIN AGUA \u2026. En la semana que reci\u00e9n concluy\u00f3, vecinos de la colonia \u00c1lvaro Obreg\u00f3n de Xalapa, cerraron por un buen rato la avenida 20 de noviembre, una de las m\u00e1s transitadas, en protesta porque llevaban 10 d\u00edas sin recibir agua potable en sus domicilios, situaci\u00f3n que se ha [&hellip;]<\/p>\n","protected":false},"author":2,"featured_media":0,"comment_status":"closed","ping_status":"closed","sticky":false,"template":"","format":"standard","meta":{"_jetpack_newsletter_access":"","_jetpack_dont_email_post_to_subs":false,"_jetpack_newsletter_tier_id":0,"_jetpack_memberships_contains_paywalled_content":false,"_jetpack_memberships_contains_paid_content":false,"footnotes":""},"categories":[70],"tags":[3739,786,38387,1606,2812,2318],"class_list":["post-107139","post","type-post","status-publish","format-standard","hentry","category-de-opinion","tag-caev","tag-cmas","tag-felix-ladron-de-guevara-benitez","tag-guadalupe-h-mar","tag-ricardo-ahued-bardahuil","tag-tandeos"],"jetpack_featured_media_url":"","jetpack_sharing_enabled":true,"jetpack_shortlink":"https:\/\/wp.me\/p4Qcd3-rS3","_links":{"self":[{"href":"https:\/\/lospoliticosveracruz.com.mx\/index.php?rest_route=\/wp\/v2\/posts\/107139","targetHints":{"allow":["GET"]}}],"collection":[{"href":"https:\/\/lospoliticosveracruz.com.mx\/index.php?rest_route=\/wp\/v2\/posts"}],"about":[{"href":"https:\/\/lospoliticosveracruz.com.mx\/index.php?rest_route=\/wp\/v2\/types\/post"}],"author":[{"embeddable":true,"href":"https:\/\/lospoliticosveracruz.com.mx\/index.php?rest_route=\/wp\/v2\/users\/2"}],"replies":[{"embeddable":true,"href":"https:\/\/lospoliticosveracruz.com.mx\/index.php?rest_route=%2Fwp%2Fv2%2Fcomments&post=107139"}],"version-history":[{"count":1,"href":"https:\/\/lospoliticosveracruz.com.mx\/index.php?rest_route=\/wp\/v2\/posts\/107139\/revisions"}],"predecessor-version":[{"id":107140,"href":"https:\/\/lospoliticosveracruz.com.mx\/index.php?rest_route=\/wp\/v2\/posts\/107139\/revisions\/107140"}],"wp:attachment":[{"href":"https:\/\/lospoliticosveracruz.com.mx\/index.php?rest_route=%2Fwp%2Fv2%2Fmedia&parent=107139"}],"wp:term":[{"taxonomy":"category","embeddable":true,"href":"https:\/\/lospoliticosveracruz.com.mx\/index.php?rest_route=%2Fwp%2Fv2%2Fcategories&post=107139"},{"taxonomy":"post_tag","embeddable":true,"href":"https:\/\/lospoliticosveracruz.com.mx\/index.php?rest_route=%2Fwp%2Fv2%2Ftags&post=107139"}],"curies":[{"name":"wp","href":"https:\/\/api.w.org\/{rel}","templated":true}]}}