{"id":107442,"date":"2023-06-16T20:59:18","date_gmt":"2023-06-17T01:59:18","guid":{"rendered":"https:\/\/lospoliticosveracruz.com.mx\/?p=107442"},"modified":"2023-06-16T20:59:27","modified_gmt":"2023-06-17T01:59:27","slug":"el-aquarium-socialmente-responsable","status":"publish","type":"post","link":"https:\/\/lospoliticosveracruz.com.mx\/?p=107442","title":{"rendered":"EL AQUARIUM, SOCIALMENTE RESPONSABLE"},"content":{"rendered":"\n<p><strong>Jos\u00e9 Luis Enr\u00edquez Ambell<br><\/strong><em>Caf\u00e9 de Ma\u00f1ana<\/em><\/p>\n\n\n\n<p>La Procuradur\u00eda del Medio Ambiente del estado de Veracruz viene \u00abTRANSFORMANDO VIDAS\u00bb de la comunidad escolar del nivel primaria a trav\u00e9s de accionas sociales con la promoci\u00f3n de visitas al AQUARIUM de Veracruz, el trabajo coordinado e interinstitucional con la Secretar\u00eda de Educaci\u00f3n, potencia y maximiza esfuerzos.<\/p>\n\n\n<div class=\"wp-block-image\">\n<figure class=\"alignleft size-full is-resized\"><a href=\"https:\/\/lospoliticosveracruz.com.mx\/wp-content\/uploads\/2023\/02\/Vinissimo.jpg\"><img loading=\"lazy\" decoding=\"async\" src=\"https:\/\/lospoliticosveracruz.com.mx\/wp-content\/uploads\/2023\/02\/Vinissimo.jpg\" alt=\"\" class=\"wp-image-102752\" width=\"175\" height=\"178\"\/><\/a><\/figure><\/div>\n\n\n<p>EL AQUARIUM del puerto de Veracruz -desde que el Gobierno asumi\u00f3 la responsabilidad de su administraci\u00f3n- ha implementado que el segundo martes de cada mes sea gratuito para que ni\u00f1os y ni\u00f1as del estado puedan conocer las especies marinas y ser parte de su formaci\u00f3n; esta experiencia para miles de peque\u00f1os ha sido \u00fanica, y este esfuerzo que realiza y promueve el Ing. Cuitlahuac Garc\u00eda Jim\u00e9nez, Gobernador de Veracruz, deja huella en los peque\u00f1os que tienen esta oportunidad, misma que se entiende, llegar\u00e1 a otros puntos de la geograf\u00eda de Veracruz como recientemente lo ha sido para ni\u00f1os del municipio de Tlaltetela, territorio ubicado a unos kil\u00f3metros de la capital Xalapa y sobre el tramo de la carretera federal entre Coatepec, Totutla y Huatusco.<\/p>\n\n\n\n<p>A finales del 2022 -en la cena de celebraci\u00f3n del 30 aniversario y evoluci\u00f3n del Aquarium de Veracruz que se desarroll\u00f3 en el WTC de Boca del R\u00edo- se extern\u00f3 que durante 2023 se estar\u00e1n dando estos eventos en un programa que busca ser permanente y abierto a la poblaci\u00f3n en su conjunto, como ahora a los peque\u00f1os escolares.<\/p>\n\n\n\n<p>Debemos de reconocer el esfuerzo que est\u00e1n edificando en materia de cultura del medio ambiente desde la Procuradur\u00eda del ramo y enlazado con el sector educativo, y \u00e9sta tarea de Sergio Rodr\u00edguez Cortez, titular de la PMA, e impulsado por el Gobernador del Estado, tiende al mejoramiento integral de la poblaci\u00f3n abierta y conjuntando a la cultura con la educaci\u00f3n y la recreaci\u00f3n.<\/p>\n\n\n\n<p>As\u00ed pues, adem\u00e1s de los visitantes nacionales y extranjeros que acuden a conocer y disfrutar del AQUARIUM de Veracruz tambi\u00e9n peque\u00f1os ni\u00f1os y adolescentes de los centros educativos tienen la oportunidad de hacerlo en favor de su formaci\u00f3n personal presente y futura.<\/p>\n\n\n\n<p>En la PMA destaca el esfuerzo serio de la estructura humana de la entidad p\u00fablica que es responsable del cumplimiento pleno de la normatividad ambiental, y donde cada acci\u00f3n es con la participaci\u00f3n de todos y juntos para que \u00abVeracruz nos llene de orgullo,\u00bb reza el slogan institucional.<\/p>\n\n\n\n<p><strong>UN CAF\u00c9 CON DOBLE CARGA<\/strong><\/p>\n\n\n\n<p>\u00abTan s\u00f3lo el d\u00eda martes (13), en esta semana, el Aquarium cerr\u00f3 jornada con 9,023 visitantes registrados, dato que demuestra el \u00e9xito del programa social que tiende a mejorar en raz\u00f3n de venideros escenarios como las vacaciones largas de verano y el carnaval porte\u00f1o en su versi\u00f3n 2023.<\/p>\n\n\n\n<p><strong>DE SOBREMESA<\/strong><\/p>\n\n\n\n<p>Hablando de Veracruz puerto, de no ponerse las pilas cargadas de energ\u00eda, la CFE, ante bloqueos ciudadanos por los cortes de luz en varios sitios de la zona conurbada -sea por reparaciones programadas o no- el problema podr\u00eda aumentar la alta tensi\u00f3n social.<\/p>\n\n\n\n<p><strong>UN CAF\u00c9 LECHERO LIGHT DIVORCIADO<\/strong><\/p>\n\n\n\n<p>Las altas temperaturas y el calor existente en todo Veracruz combinado con problemas en el suministro de energ\u00eda el\u00e9ctrica, as\u00ed como, la falta de luz &#8211; problema en manos de la CFE &#8211; junto con la escasez de agua potable en el hogar, as\u00ed como en establecimientos comerciales e industriales, pueden resultar una mezcla explosiva para que los reclamos salgan de control.<\/p>\n\n\n\n<p><strong>UN CAF\u00c9 PARA LLEVAR<\/strong><\/p>\n\n\n\n<p>Entre los preparativos en torno al Carnaval de Veracruz 2023 valdr\u00eda la pena cuiden los organizadores -al m\u00e1ximo- el servicio de energ\u00eda el\u00e9ctrica, y previendo contar con plantas de emergencia, pues en una de esas y la Comisi\u00f3n Federal de Electricidad (CFE) se ve rebasada por el atraso existente en trabajos de conservaci\u00f3n y mantenimiento en su Infraestructura y redes de distribuci\u00f3n en plenas fiestas de verano.<\/p>\n\n\n\n<p><strong>CAF\u00c9 DE OLLA CON CANELA Y PANELA<\/strong><\/p>\n\n\n\n<p>Y por cierto, la falta de lluvias en la zona serrana, la deforestaci\u00f3n y la erosi\u00f3n han presentado una disminuci\u00f3n en el caudal de la cuenca que abastece varias presas en la regi\u00f3n de Veracruz-Boca del R\u00edo-Medell\u00edn de Bravo y Alvarado,&nbsp;y eso ha ocasionado ajustes del suministro para la poblaci\u00f3n, y puede afectar la hoteler\u00eda y los servicios en pleno verano jarocho.<\/p>\n\n\n\n<p><strong>UN CAF\u00c9 NEGRO VERACRUZANO<\/strong><\/p>\n\n\n\n<p>Las noticias y los sobresaltos en la agenda pol\u00edtica de M\u00e9xico -donde no escapa Veracruz- seguir\u00e1 dando de qu\u00e9 hablar en los d\u00edas por venir.<\/p>\n\n\n\n<p>\u00a1 ES CUANTO !<\/p>\n\n\n\n<p>enriquezambell@gmail.com<\/p>\n","protected":false},"excerpt":{"rendered":"<p>Jos\u00e9 Luis Enr\u00edquez AmbellCaf\u00e9 de Ma\u00f1ana La Procuradur\u00eda del Medio Ambiente del estado de Veracruz viene \u00abTRANSFORMANDO VIDAS\u00bb de la comunidad escolar del nivel primaria a trav\u00e9s de accionas sociales con la promoci\u00f3n de visitas al AQUARIUM de Veracruz, el trabajo coordinado e interinstitucional con la Secretar\u00eda de Educaci\u00f3n, potencia y maximiza esfuerzos. EL AQUARIUM [&hellip;]<\/p>\n","protected":false},"author":2,"featured_media":0,"comment_status":"closed","ping_status":"closed","sticky":false,"template":"","format":"standard","meta":{"_jetpack_newsletter_access":"","_jetpack_dont_email_post_to_subs":false,"_jetpack_newsletter_tier_id":0,"_jetpack_memberships_contains_paywalled_content":false,"_jetpack_memberships_contains_paid_content":false,"footnotes":""},"categories":[70],"tags":[1563,8383,1026,11592,36666,28263,195],"class_list":["post-107442","post","type-post","status-publish","format-standard","hentry","category-de-opinion","tag-cuitlahuac-garcia-jimenez","tag-jose-luis-enriquez-ambell","tag-morena","tag-pma","tag-sergio-rodriguez-cortes-3","tag-v","tag-veracruz"],"jetpack_featured_media_url":"","jetpack_sharing_enabled":true,"jetpack_shortlink":"https:\/\/wp.me\/p4Qcd3-rWW","_links":{"self":[{"href":"https:\/\/lospoliticosveracruz.com.mx\/index.php?rest_route=\/wp\/v2\/posts\/107442","targetHints":{"allow":["GET"]}}],"collection":[{"href":"https:\/\/lospoliticosveracruz.com.mx\/index.php?rest_route=\/wp\/v2\/posts"}],"about":[{"href":"https:\/\/lospoliticosveracruz.com.mx\/index.php?rest_route=\/wp\/v2\/types\/post"}],"author":[{"embeddable":true,"href":"https:\/\/lospoliticosveracruz.com.mx\/index.php?rest_route=\/wp\/v2\/users\/2"}],"replies":[{"embeddable":true,"href":"https:\/\/lospoliticosveracruz.com.mx\/index.php?rest_route=%2Fwp%2Fv2%2Fcomments&post=107442"}],"version-history":[{"count":1,"href":"https:\/\/lospoliticosveracruz.com.mx\/index.php?rest_route=\/wp\/v2\/posts\/107442\/revisions"}],"predecessor-version":[{"id":107443,"href":"https:\/\/lospoliticosveracruz.com.mx\/index.php?rest_route=\/wp\/v2\/posts\/107442\/revisions\/107443"}],"wp:attachment":[{"href":"https:\/\/lospoliticosveracruz.com.mx\/index.php?rest_route=%2Fwp%2Fv2%2Fmedia&parent=107442"}],"wp:term":[{"taxonomy":"category","embeddable":true,"href":"https:\/\/lospoliticosveracruz.com.mx\/index.php?rest_route=%2Fwp%2Fv2%2Fcategories&post=107442"},{"taxonomy":"post_tag","embeddable":true,"href":"https:\/\/lospoliticosveracruz.com.mx\/index.php?rest_route=%2Fwp%2Fv2%2Ftags&post=107442"}],"curies":[{"name":"wp","href":"https:\/\/api.w.org\/{rel}","templated":true}]}}