{"id":107483,"date":"2023-06-19T11:00:11","date_gmt":"2023-06-19T16:00:11","guid":{"rendered":"https:\/\/lospoliticosveracruz.com.mx\/?p=107483"},"modified":"2023-06-19T11:00:22","modified_gmt":"2023-06-19T16:00:22","slug":"los-hombres-de-maiz","status":"publish","type":"post","link":"https:\/\/lospoliticosveracruz.com.mx\/?p=107483","title":{"rendered":"LOS HOMBRES DE MA\u00cdZ"},"content":{"rendered":"\n<p><strong>Sergio Gonz\u00e1lez Levet<\/strong><\/p>\n\n\n\n<p><em>Sin tacto<\/em><\/p>\n\n\n\n<p>Los mexicanos somos hombres de ma\u00edz. Nuestro cuerpo est\u00e1 hecho de masa, de tortillas, de gordas y tamales, de huaraches y tlacoyos. Todo nuestro organismo termina siendo gram\u00edneo\u2026<\/p>\n\n\n<div class=\"wp-block-image\">\n<figure class=\"alignleft size-medium\"><a href=\"https:\/\/lospoliticosveracruz.com.mx\/wp-content\/uploads\/2021\/10\/Zacauilt.jpg\"><img decoding=\"async\" src=\"https:\/\/lospoliticosveracruz.com.mx\/wp-content\/uploads\/2021\/10\/Zacauilt-150x300.jpg\" alt=\"\" class=\"wp-image-80558\"\/><\/a><\/figure><\/div>\n\n\n<p>&nbsp;&nbsp;&nbsp;&nbsp; Nuestra alma es el ma\u00edz, la semilla de vida, \u00e9sa que nos regal\u00f3 la Due\u00f1a del lugar, la Due\u00f1a de la monta\u00f1a que viv\u00eda all\u00e1 en una cueva, en donde ten\u00eda los granos sagrados y de donde los hombres los sacaron gracias a un hoyo que les hizo su amigo el rayo, despu\u00e9s de que el p\u00e1jaro carpintero no hab\u00eda podido abrir un hueco suficiente.<\/p>\n\n\n\n<p>&nbsp;&nbsp;&nbsp;&nbsp; Dicen las cr\u00f3nicas que cuando se abri\u00f3 la cueva, \u201clos hombres tendieron la mano para recibir el grano sagrado y se lo llevaron a sus casas y lo plantaron y tuvieron una muy buena cosecha.<\/p>\n\n\n\n<p>&nbsp;&nbsp;&nbsp;&nbsp; \u201cUn d\u00eda apareci\u00f3 una mujer en la milpa y dijo: \u2018Yo soy la Due\u00f1a del ma\u00edz, yo soy el grano que entierran, espero que aprecien esto, espero que no me olviden y me celebren muchas costumbres\u2019.\u201d<\/p>\n\n\n\n<p>&nbsp;&nbsp;&nbsp;&nbsp; Pero el ma\u00edz ya no es negocio en M\u00e9xico y no da para que puedan vivir los que lo producen. El precio de la semilla cay\u00f3 estrepitosamente en el mundo, y los agricultores mexicanos lo tienen que vender a 5 mil pesos la tonelada, lo que no les alcanza ni para cubrir los gastos de la siembra, de la cosecha, del transporte a los centros de comercializaci\u00f3n.<\/p>\n\n\n\n<p>&nbsp;&nbsp;&nbsp;&nbsp; Los principales sembradores est\u00e1n en el Estado de Sinaloa, que es en el pa\u00eds el mayor productor de ma\u00edz y de narcos, seg\u00fan se sabe. Ellos elevaron sus demandas al Gobierno de la 4T para que pusiera un precio de garant\u00eda de 7 mil pesos la tonelada, con lo que alcanzan a cubrir sus costos y tener alguna m\u00f3dica ganancia con la que sobrevivir.<\/p>\n\n\n\n<p>&nbsp;&nbsp;&nbsp;&nbsp; Sin embargo, el Presidente no los escuch\u00f3.<\/p>\n\n\n\n<p>&nbsp;&nbsp;&nbsp;&nbsp; Y por su parte el Gobernador de su estado, Rub\u00e9n Rocha Moya, se los trajo a la vuelta y vuelta, les ech\u00f3 algunas mentiras para que liberaran el Aeropuerto de Culiac\u00e1n -que hab\u00edan tomado en protesta ante el silencio gubernamental-, y luego les pidi\u00f3 que mejor tomaran las instalaciones de tres grandes comercializadores de ma\u00edz -Gruma, Minsa y Cargill-, a las que acus\u00f3 por el precio bajo de este a\u00f1o.<\/p>\n\n\n\n<p>&nbsp;&nbsp;&nbsp;&nbsp; Y ya del apoyo de Segalmex ni hablamos.<\/p>\n\n\n\n<p>&nbsp;&nbsp;&nbsp;&nbsp; El problema sigue latente y lo m\u00e1s seguro es que crezca, porque los productores de ma\u00edz organizados de Sinaloa y estados vecinos, que son peque\u00f1os propietarios y cultivan una cuarta parte del ma\u00edz de toda la naci\u00f3n, van a seguir su lucha, que es por la supervivencia de su actividad y la de sus familias.<\/p>\n\n\n\n<p>&nbsp;&nbsp;&nbsp;&nbsp; El Gobierno est\u00e1 a tiempo de entrar a apoyar a los hombres del ma\u00edz y destrabar este problema que tiene el producto que, ya lo he dicho, es el alma de M\u00e9xico y los mexicanos (\u201cTu superficie es el ma\u00edz\u201d, La Suave Patria).<\/p>\n\n\n\n<p>&nbsp;&nbsp;&nbsp;&nbsp; Pero est\u00e1n muy ocupados con las campa\u00f1as de sus corcholatas.<\/p>\n\n\n\n<p>sglevet@gmail.com<\/p>\n\n\n\n<p><\/p>\n","protected":false},"excerpt":{"rendered":"<p>Sergio Gonz\u00e1lez Levet Sin tacto Los mexicanos somos hombres de ma\u00edz. Nuestro cuerpo est\u00e1 hecho de masa, de tortillas, de gordas y tamales, de huaraches y tlacoyos. Todo nuestro organismo termina siendo gram\u00edneo\u2026 &nbsp;&nbsp;&nbsp;&nbsp; Nuestra alma es el ma\u00edz, la semilla de vida, \u00e9sa que nos regal\u00f3 la Due\u00f1a del lugar, la Due\u00f1a de la [&hellip;]<\/p>\n","protected":false},"author":2,"featured_media":0,"comment_status":"closed","ping_status":"closed","sticky":false,"template":"","format":"standard","meta":{"_jetpack_newsletter_access":"","_jetpack_dont_email_post_to_subs":false,"_jetpack_newsletter_tier_id":0,"_jetpack_memberships_contains_paywalled_content":false,"_jetpack_memberships_contains_paid_content":false,"footnotes":""},"categories":[70],"tags":[38441,14448,38440,1282,6868],"class_list":["post-107483","post","type-post","status-publish","format-standard","hentry","category-de-opinion","tag-gruma","tag-maiz","tag-ruben-rocha-moya","tag-sergio-gonzalez-levet","tag-sinaloa"],"jetpack_featured_media_url":"","jetpack_sharing_enabled":true,"jetpack_shortlink":"https:\/\/wp.me\/p4Qcd3-rXB","_links":{"self":[{"href":"https:\/\/lospoliticosveracruz.com.mx\/index.php?rest_route=\/wp\/v2\/posts\/107483","targetHints":{"allow":["GET"]}}],"collection":[{"href":"https:\/\/lospoliticosveracruz.com.mx\/index.php?rest_route=\/wp\/v2\/posts"}],"about":[{"href":"https:\/\/lospoliticosveracruz.com.mx\/index.php?rest_route=\/wp\/v2\/types\/post"}],"author":[{"embeddable":true,"href":"https:\/\/lospoliticosveracruz.com.mx\/index.php?rest_route=\/wp\/v2\/users\/2"}],"replies":[{"embeddable":true,"href":"https:\/\/lospoliticosveracruz.com.mx\/index.php?rest_route=%2Fwp%2Fv2%2Fcomments&post=107483"}],"version-history":[{"count":1,"href":"https:\/\/lospoliticosveracruz.com.mx\/index.php?rest_route=\/wp\/v2\/posts\/107483\/revisions"}],"predecessor-version":[{"id":107489,"href":"https:\/\/lospoliticosveracruz.com.mx\/index.php?rest_route=\/wp\/v2\/posts\/107483\/revisions\/107489"}],"wp:attachment":[{"href":"https:\/\/lospoliticosveracruz.com.mx\/index.php?rest_route=%2Fwp%2Fv2%2Fmedia&parent=107483"}],"wp:term":[{"taxonomy":"category","embeddable":true,"href":"https:\/\/lospoliticosveracruz.com.mx\/index.php?rest_route=%2Fwp%2Fv2%2Fcategories&post=107483"},{"taxonomy":"post_tag","embeddable":true,"href":"https:\/\/lospoliticosveracruz.com.mx\/index.php?rest_route=%2Fwp%2Fv2%2Ftags&post=107483"}],"curies":[{"name":"wp","href":"https:\/\/api.w.org\/{rel}","templated":true}]}}