{"id":107539,"date":"2023-06-19T22:14:45","date_gmt":"2023-06-20T03:14:45","guid":{"rendered":"https:\/\/lospoliticosveracruz.com.mx\/?p=107539"},"modified":"2023-06-19T22:14:48","modified_gmt":"2023-06-20T03:14:48","slug":"o-se-van-alito-marko-y-chucho-o-la-alianza-va-a-tronar","status":"publish","type":"post","link":"https:\/\/lospoliticosveracruz.com.mx\/?p=107539","title":{"rendered":"O SE VAN ALITO, Marko y Chucho, o la Alianza va a tronar"},"content":{"rendered":"\n<p><strong>Bernardo Guti\u00e9rrez Parra<br><\/strong><em>Desde el Caf\u00e9<\/em><\/p>\n\n\n\n<p>El domingo anterior, a unos d\u00edas u horas quiz\u00e1 de que Marko Cort\u00e9s y los l\u00edderes de la Alianza Va por M\u00e9xico den a conocer el m\u00e9todo de selecci\u00f3n de su candidato a la presidencia de la Rep\u00fablica, tres ex dirigentes del PAN advirtieron que ser\u00e1 un suicidio para el blanquiazul si sigue en coalici\u00f3n con el PRI de Alejandro \u201cAlito\u201d Moreno porque no le aporta nada a la Alianza.<\/p>\n\n\n<div class=\"wp-block-image\">\n<figure class=\"alignleft size-medium\"><a href=\"https:\/\/lospoliticosveracruz.com.mx\/wp-content\/uploads\/2021\/10\/Zacauilt.jpg\"><img decoding=\"async\" src=\"https:\/\/lospoliticosveracruz.com.mx\/wp-content\/uploads\/2021\/10\/Zacauilt-150x300.jpg\" alt=\"\" class=\"wp-image-80558\"\/><\/a><\/figure><\/div>\n\n\n<p>Entrevistados por el diario El Universal, Gustavo Madero, Germ\u00e1n Mart\u00ednez y Dami\u00e1n Zepeda dijeron que si el blanquiazul contin\u00faa junto al tricolor estar\u00e1 firmando su sentencia de muerte.<\/p>\n\n\n\n<p>\u201cEl PRI est\u00e1 muerto y no se ha dado cuenta, cuando Morena tome posesi\u00f3n del Estado de M\u00e9xico quedar\u00e1 reducido a un partido local con s\u00f3lo dos gubernaturas. Ya muri\u00f3 el partido hegem\u00f3nico que se apoyaba en sindicatos, en la Presidencia de la Rep\u00fablica, en gobernadores, en su estructura y en las n\u00f3minas\u201d, dijo Gustavo Madero.<\/p>\n\n\n\n<p>Germ\u00e1n Mart\u00ednez indic\u00f3: \u201cYo s\u00ed creo que hay que revisar bien el tema de la alianza con el PRI. Hay que recordar aquello que dice: dime con qui\u00e9n andas y te dir\u00e9 qui\u00e9n eres\u201d. Pero agreg\u00f3 que el PAN \u201cno s\u00f3lo tiene que verse el ombligo\u201d, ni culpar a los ciudadanos de la derrota en el Estado de M\u00e9xico, porque pol\u00edticamente es una actitud cobarde e irresponsable.<\/p>\n\n\n\n<p>Por su parte Dami\u00e1n Zepeda manifest\u00f3 \u201cLa alianza no debe seguir, debemos corregir el rumbo porque es un fracaso electoral evidente. Necesitamos impulsar un nuevo proyecto que ponga al PAN al servicio de la sociedad\u201d.<\/p>\n\n\n\n<p>Subray\u00f3 que el PRI no le aporta nada al blanquiazul puesto que seis de cada 10 personas lo rechazan. \u201cEn todas las encuestas se ve un rechazo de 65% hacia el PRI. Y la oposici\u00f3n no puede ganar en el 24 abrazando a un partido con ese nivel tan raqu\u00edtico\u201d.<\/p>\n\n\n\n<p>Pero a pesar de esas advertencias, lector, la alianza no se disolver\u00e1 porque no conviene a ninguno de sus l\u00edderes, aunque lo impostergable y lo urgente es que los tres se vayan ya.<\/p>\n\n\n\n<p>Alito Moreno porque es un perdedor nato. Cuando lleg\u00f3 a la dirigencia del PRI el partido ten\u00eda presencia en la mitad de los 32 estados y en un abrir y cerrar de ojos perdi\u00f3 15 gubernaturas, algo inaceptable e imperdonable para cualquier dirigente. De aquel mapa pol\u00edtico que ya era preocupante por lo escaso, el tricolor se qued\u00f3 s\u00f3lo con Coahuila y Durango.<\/p>\n\n\n\n<p>Marko Cort\u00e9s no canta mal las rancheras en ese sentido, tambi\u00e9n es otro perdedor. Aunque le ha ido menos peor que a Alito porque el PAN gobierna en Aguascalientes, Chihuahua, Guanajuato, Quer\u00e9taro y Yucat\u00e1n. Y del PRD mejor ni hablar, no tiene ninguna gubernatura, est\u00e1 as\u00ed de perder su registro y lo dirige un f\u00f3sil llamado Jes\u00fas Zambrano.<\/p>\n\n\n\n<p>Los tres deben irse porque est\u00e1n muy devaluados, porque no han aportado m\u00e1s que sonados fracasos a sus respectivos partidos, porque los partidos que dirigen ya no convencen a nadie y porque no han entendido que es la hora de los ciudadanos.<\/p>\n\n\n\n<p>El m\u00e9todo que dar\u00e1n a conocer involucra a los aspirantes priistas, panistas e incluso a alg\u00fan so\u00f1ador perredista, pero deja fuera a los candidatos ciudadanos que es lo que est\u00e1n exigiendo la mayor\u00eda de los mexicanos.<\/p>\n\n\n\n<p>Marko, Alito y Jes\u00fas Zambrano, pertenecen a esa generaci\u00f3n de pol\u00edticos acostumbrados a elegir de manera unilateral a los candidatos, pero esa f\u00f3rmula ya no funciona y no la acepta una sociedad que quiere ser protag\u00f3nica.<\/p>\n\n\n\n<p>\u00bfQu\u00e9 puede aportar como aspirante de la Alianza un cartucho quemado como Santiago Creel que no est\u00e1 para cuidar a sus nietos, sino para que sus nietos lo cuiden a \u00e9l? \u00bfQu\u00e9 puede aportar Claudia Ruiz Massieu? \u00bfQu\u00e9 puede aportar el gris y opaco Miguel \u00c1ngel Mancera?<\/p>\n\n\n\n<p>\u00bfCon personajes como ese trio piensa sacar la Alianza a su candidato ganador? Por Dios\u2026<\/p>\n\n\n\n<p>Sin duda la aspirante con m\u00e1s posibilidades es la senadora Beatriz Paredes, pero cumplir\u00e1 70 a\u00f1os en el 2024.<\/p>\n\n\n\n<p>Es por eso que urge uno o varios aspirantes ciudadanos que aglutinen los anhelos de prosperidad, salud, educaci\u00f3n, trabajo, seguridad y paz de 120 millones de mexicanos. Aspirantes sin cola para que se las pisen, hombres y mujeres honestos, con capacidad de raciocinio que promuevan la conciliaci\u00f3n y reconciliaci\u00f3n. Y con madera de estadistas que los hay por racimos, s\u00f3lo es cuesti\u00f3n de buscarlos.<\/p>\n\n\n\n<p>Y como ni Alito, ni Marko ni Chucho tienen eso en mente, lo mejor ser\u00e1 pedirles que se vayan y sustituirlos por dirigentes menos obtusos, menos maleados y m\u00e1s comprometidos con la sociedad. Porque de lo contrario, el PRI el PAN y el PRD se ir\u00e1n al hoyo y Morena se convertir\u00e1 en partido hegem\u00f3nico a partir del 2030, es decir, en escasos siete a\u00f1os.<\/p>\n\n\n\n<p>bernardogup@hotmail.com<\/p>\n","protected":false},"excerpt":{"rendered":"<p>Bernardo Guti\u00e9rrez ParraDesde el Caf\u00e9 El domingo anterior, a unos d\u00edas u horas quiz\u00e1 de que Marko Cort\u00e9s y los l\u00edderes de la Alianza Va por M\u00e9xico den a conocer el m\u00e9todo de selecci\u00f3n de su candidato a la presidencia de la Rep\u00fablica, tres ex dirigentes del PAN advirtieron que ser\u00e1 un suicidio para el [&hellip;]<\/p>\n","protected":false},"author":2,"featured_media":0,"comment_status":"closed","ping_status":"closed","sticky":false,"template":"","format":"standard","meta":{"_jetpack_newsletter_access":"","_jetpack_dont_email_post_to_subs":false,"_jetpack_newsletter_tier_id":0,"_jetpack_memberships_contains_paywalled_content":false,"_jetpack_memberships_contains_paid_content":false,"footnotes":""},"categories":[70],"tags":[34206,12559,267,15921,12562],"class_list":["post-107539","post","type-post","status-publish","format-standard","hentry","category-de-opinion","tag-bernardo-gutierrez-parra","tag-damian-zepeda","tag-gustavo-madero","tag-jesus-zambrano","tag-marko-cortes"],"jetpack_featured_media_url":"","jetpack_sharing_enabled":true,"jetpack_shortlink":"https:\/\/wp.me\/p4Qcd3-rYv","_links":{"self":[{"href":"https:\/\/lospoliticosveracruz.com.mx\/index.php?rest_route=\/wp\/v2\/posts\/107539","targetHints":{"allow":["GET"]}}],"collection":[{"href":"https:\/\/lospoliticosveracruz.com.mx\/index.php?rest_route=\/wp\/v2\/posts"}],"about":[{"href":"https:\/\/lospoliticosveracruz.com.mx\/index.php?rest_route=\/wp\/v2\/types\/post"}],"author":[{"embeddable":true,"href":"https:\/\/lospoliticosveracruz.com.mx\/index.php?rest_route=\/wp\/v2\/users\/2"}],"replies":[{"embeddable":true,"href":"https:\/\/lospoliticosveracruz.com.mx\/index.php?rest_route=%2Fwp%2Fv2%2Fcomments&post=107539"}],"version-history":[{"count":1,"href":"https:\/\/lospoliticosveracruz.com.mx\/index.php?rest_route=\/wp\/v2\/posts\/107539\/revisions"}],"predecessor-version":[{"id":107540,"href":"https:\/\/lospoliticosveracruz.com.mx\/index.php?rest_route=\/wp\/v2\/posts\/107539\/revisions\/107540"}],"wp:attachment":[{"href":"https:\/\/lospoliticosveracruz.com.mx\/index.php?rest_route=%2Fwp%2Fv2%2Fmedia&parent=107539"}],"wp:term":[{"taxonomy":"category","embeddable":true,"href":"https:\/\/lospoliticosveracruz.com.mx\/index.php?rest_route=%2Fwp%2Fv2%2Fcategories&post=107539"},{"taxonomy":"post_tag","embeddable":true,"href":"https:\/\/lospoliticosveracruz.com.mx\/index.php?rest_route=%2Fwp%2Fv2%2Ftags&post=107539"}],"curies":[{"name":"wp","href":"https:\/\/api.w.org\/{rel}","templated":true}]}}