{"id":107711,"date":"2023-06-23T13:35:06","date_gmt":"2023-06-23T18:35:06","guid":{"rendered":"https:\/\/lospoliticosveracruz.com.mx\/?p=107711"},"modified":"2023-06-23T13:35:12","modified_gmt":"2023-06-23T18:35:12","slug":"2024-tiempo-de-las-mujeres-siempre-es-tiempo","status":"publish","type":"post","link":"https:\/\/lospoliticosveracruz.com.mx\/?p=107711","title":{"rendered":"\u00bf2024 TIEMPO DE LAS MUJERES? SIEMPRE ES TIEMPO"},"content":{"rendered":"\n<p><strong>Vicente Luna Hern\u00e1ndez<\/strong><\/p>\n\n\n\n<p>No coincido con quienes dicen que los tiempos pol\u00edticos de hoy son de las mujeres, en un pa\u00eds democr\u00e1tico y en una sociedad sin ataduras con un pasado machista, siempre debe haber tiempo para las mujeres, \u00bfqu\u00e9 significa esto? las mismas oportunidades y el mismo reconocimiento para las mujeres debe ser una constante en todo \u00e1mbito social de M\u00e9xico, decir. <\/p>\n\n\n<div class=\"wp-block-image\">\n<figure class=\"alignleft size-full is-resized\"><a href=\"https:\/\/lospoliticosveracruz.com.mx\/wp-content\/uploads\/2023\/02\/Vinissimo.jpg\"><img loading=\"lazy\" decoding=\"async\" src=\"https:\/\/lospoliticosveracruz.com.mx\/wp-content\/uploads\/2023\/02\/Vinissimo.jpg\" alt=\"\" class=\"wp-image-102752\" width=\"175\" height=\"178\"\/><\/a><\/figure><\/div>\n\n\n<p>\u201c tiempo de las mujeres\u201d cuando quien ejerce el poder quiere impulsar a una mujer es solo pensar en los intereses particulares e intereses del c\u00edrculo cercano del poderoso pero no significa su reconocimiento a las mujeres en general , el inter\u00e9s de uno lo trasladan al inter\u00e9s de un cierto sector de la poblaci\u00f3n sin consulta alguna, \u00bf qui\u00e9n decidi\u00f3 que hoy es tiempo de las mujeres? \u00bfAcaso en el tiempo del ayer no era tiempo de las mujeres? \u00bfLas mujeres al poder es sin\u00f3nimo de una mayor justicia social para las mujeres? \u00bfEso se ha reflejado en el gobierno de la 4T? \u00bfHan sido las mujeres que ejercen poder en el gobierno federal emp\u00e1ticas con las luchas de las mujeres feministas en sus reclamos hist\u00f3ricos? \u00bfSi AMLO tuviera el inter\u00e9s de impulsar un negro a la presidencia \u00bf se dir\u00eda que es tiempo de los negros? Se dice que M\u00e9xico est\u00e1 preparado para ser gobernado por una mujer \u00bfqui\u00e9n dijo que el pa\u00eds no ha estado preparado? \u00bfD\u00f3nde estaban en el 2018 los que hoy gritan que es tiempo de las mujeres?\u00bf callaban como momias porque su candidato era un hombre?<br>Si se piensa como todos aquellos que son parte de la elite del poder en M\u00e9xico que M\u00e9xico est\u00e1 preparado para que llegue al poder federal una mujer \u00bfpor qu\u00e9 no impulsar puras mujeres de candidatas?\u00bf ante el inter\u00e9s en el pasado de brillantes mujeres como: Rosario Piedra, Cecilia Soto, mas recientemente Margarita Zavala o Josefina V\u00e1zquez Mota \u00bf M\u00e9xico no estaba preparado para ser gobernado por un mujer? Todo fue cuesti\u00f3n de que AMLO quiera dejar a una mujer de presidenta y por arte de magia, \u00bfM\u00e9xico ya est\u00e1 preparado?<br>Hoy que las se\u00f1ales pol\u00edticas que ha lanzado el presidente a favor de una mujer a provocado que grupos al interior del partido morena griten a los 4 vientos: \u201cM\u00e9xico est\u00e1 preparado para tener una presidenta\u201d me pregunto: \u00bfen el 2018 no estaba preparado?<\/p>\n\n\n\n<p>Soy de la idea que los hombres y las mujeres no somos iguales, no se trata de capacidades, talento, aptitudes ni de inteligencia, se trata de constituci\u00f3n f\u00edsica y ciertas caracter\u00edsticas morales que marcan una diferencia entre ambos g\u00e9neros, \u00bfNo habr\u00eda que tomar en cuenta esas diferencias para hablar de la igualdad? la historia de la humanidad ha registrado grandes aportaciones de mujeres y hombres, todo lo que tenemos de bueno como pa\u00eds es resultado de la participaci\u00f3n de mujeres y hombres brillantes, patriotas, leales a los sentimientos m\u00e1s nobles de las y los mexicanos, sin embargo, lo cierto es que los hombres han llevado la \u201cvoz cantante\u201d y poco a poco, las mujeres han logrado una mayor participaci\u00f3n en la toma de decisiones donde se ejerce el poder, es cierto que esos derechos de participaci\u00f3n femenina se han traducido en leyes para no estar al capricho o humores de los hombres, las mujeres son protagonistas y ocupan relevantes cargos en la administraci\u00f3n p\u00fablica de los 3 niveles de gobierno pero hay una triste realidad, a\u00fan a pesar de eso, hay un gran rezago en la impartici\u00f3n de justicia a favor y hay hechos que lastiman la dignidad de las mujeres al acudir en busca de ayuda y saber que una mujer es la responsable de impartirla y de protegerlas y lo \u00fanico que encuentran son o\u00eddos sordos y ojos cerrados a una realidad social que se vive en todo el pa\u00eds: quien debe ser una aliada se convierte en un obst\u00e1culo para encontrar la justicia y protecci\u00f3n del Estado, esa realidad que se trata de ocultar en los discursos oficiales pero que se impone y sino, ah\u00ed est\u00e1 la historia de cada 8 de marzo, la lucha de las mujeres en las calles y el silencio en los recintos oficiales.<br>Ante los graves problemas y retos por superar que tiene M\u00e9xico, ante la desigualdad social y la violaci\u00f3n permanente de los derechos de las mujeres, ante la violencia sistem\u00e1tica y la falta de respuesta de los \u00f3rganos impartidores de justicia y de seguridad, ante las demandas de las nuevas generaciones al mercado laboral, ante el grito de auxilio de los territorios bajo la amenaza permanente del crimen organizado, ante el anhelo de una mejor educaci\u00f3n b\u00e1sica, ante los miles de rechazados a ingresar a una universidad p\u00fablica en todo el pa\u00eds, ante la falta de un programa de impulso al deporte en todas sus ramas y aprovechar el talento de los j\u00f3venes que se pierden en el camino, ante un campo con muchas demandas y poca respuestas, ante la urgente necesidad de tener un sistema de salud digno de la riqueza material de M\u00e9xico y ante las promesas incumplidas, M\u00e9xico debe estar preparado \u2013 sea hombre o sea mujer- para impulsar un presidente para los 126 millones de habitantes del pa\u00eds, un presidente en su papel de gobernante todos los d\u00edas y no solo de campa\u00f1a permanente a favor de su partido, un presidente que combata la corrupci\u00f3n m\u00e1s con hechos y menos con palabras.<br>P.D.- Con el \u00e1nimo que los mejores tiempos de las mujeres en respeto a su persona y a su dignidad sea una realidad social, llegue quien llegue a la presidencia de M\u00e9xico\u2026 Escribir\u00e9 otro d\u00eda.<\/p>\n","protected":false},"excerpt":{"rendered":"<p>Vicente Luna Hern\u00e1ndez No coincido con quienes dicen que los tiempos pol\u00edticos de hoy son de las mujeres, en un pa\u00eds democr\u00e1tico y en una sociedad sin ataduras con un pasado machista, siempre debe haber tiempo para las mujeres, \u00bfqu\u00e9 significa esto? las mismas oportunidades y el mismo reconocimiento para las mujeres debe ser una [&hellip;]<\/p>\n","protected":false},"author":2,"featured_media":0,"comment_status":"closed","ping_status":"closed","sticky":false,"template":"","format":"standard","meta":{"_jetpack_newsletter_access":"","_jetpack_dont_email_post_to_subs":false,"_jetpack_newsletter_tier_id":0,"_jetpack_memberships_contains_paywalled_content":false,"_jetpack_memberships_contains_paid_content":false,"footnotes":""},"categories":[70],"tags":[618,1026,2305,15667],"class_list":["post-107711","post","type-post","status-publish","format-standard","hentry","category-de-opinion","tag-andres-manuel-lopez-obrador","tag-morena","tag-mujeres","tag-vicente-luna-hernandez"],"jetpack_featured_media_url":"","jetpack_sharing_enabled":true,"jetpack_shortlink":"https:\/\/wp.me\/p4Qcd3-s1h","_links":{"self":[{"href":"https:\/\/lospoliticosveracruz.com.mx\/index.php?rest_route=\/wp\/v2\/posts\/107711","targetHints":{"allow":["GET"]}}],"collection":[{"href":"https:\/\/lospoliticosveracruz.com.mx\/index.php?rest_route=\/wp\/v2\/posts"}],"about":[{"href":"https:\/\/lospoliticosveracruz.com.mx\/index.php?rest_route=\/wp\/v2\/types\/post"}],"author":[{"embeddable":true,"href":"https:\/\/lospoliticosveracruz.com.mx\/index.php?rest_route=\/wp\/v2\/users\/2"}],"replies":[{"embeddable":true,"href":"https:\/\/lospoliticosveracruz.com.mx\/index.php?rest_route=%2Fwp%2Fv2%2Fcomments&post=107711"}],"version-history":[{"count":1,"href":"https:\/\/lospoliticosveracruz.com.mx\/index.php?rest_route=\/wp\/v2\/posts\/107711\/revisions"}],"predecessor-version":[{"id":107712,"href":"https:\/\/lospoliticosveracruz.com.mx\/index.php?rest_route=\/wp\/v2\/posts\/107711\/revisions\/107712"}],"wp:attachment":[{"href":"https:\/\/lospoliticosveracruz.com.mx\/index.php?rest_route=%2Fwp%2Fv2%2Fmedia&parent=107711"}],"wp:term":[{"taxonomy":"category","embeddable":true,"href":"https:\/\/lospoliticosveracruz.com.mx\/index.php?rest_route=%2Fwp%2Fv2%2Fcategories&post=107711"},{"taxonomy":"post_tag","embeddable":true,"href":"https:\/\/lospoliticosveracruz.com.mx\/index.php?rest_route=%2Fwp%2Fv2%2Ftags&post=107711"}],"curies":[{"name":"wp","href":"https:\/\/api.w.org\/{rel}","templated":true}]}}