{"id":108411,"date":"2023-07-08T15:53:01","date_gmt":"2023-07-08T20:53:01","guid":{"rendered":"https:\/\/lospoliticosveracruz.com.mx\/?p=108411"},"modified":"2023-07-08T15:53:10","modified_gmt":"2023-07-08T20:53:10","slug":"consuelo-ocampo","status":"publish","type":"post","link":"https:\/\/lospoliticosveracruz.com.mx\/?p=108411","title":{"rendered":"CONSUELO OCAMPO"},"content":{"rendered":"\n<p><strong>Jos\u00e9 Luis Salas Torres<\/strong><\/p>\n\n\n\n<p>Generalmente, el tiempo y los recuerdos nos llevan siempre a lugares y personas entra\u00f1ables.<\/p>\n\n\n\n<p>Hoy hace justamente un a\u00f1o de la partida de nuestra querida Consuelo Ocampo. En su despedida, fue recordada de muchas maneras, tantas como los recuerdos que dej\u00f3 entre sus amigos.<\/p>\n\n\n\n<p>En mi caso, la sigo recordando tal y como lo compart\u00ed hace un a\u00f1o\u2026<\/p>\n\n\n\n<p>Julio 8, 2022.<\/p>\n\n\n\n<p>Ayer muri\u00f3 Consuelo Ocampo. Hoy las redes sociales est\u00e1n repletas de historias de vida, recuerdos, vivencias, pero, sobre todo, much\u00edsimos reconocimientos \u2013todos absolutamente merecidos- que nacen de la amistad y el cari\u00f1o de quienes la conocimos.&nbsp;<\/p>\n\n\n\n<p>Yo as\u00ed la recuerdo: coincidimos hace muchos, cuando su lucha e ideales la llevaron a ser la primera diputada local del partido comunista en la \u00e9poca de don Agust\u00edn Acosta. Tambi\u00e9n fue una funcionaria universitaria muy destacada; su trabajo como regidora de Xalapa en la administraci\u00f3n de Hip\u00f3lito Rodr\u00edguez la acerc\u00f3 a\u00fan m\u00e1s a la ciudad que tanto quiso.<\/p>\n\n\n\n<p>Consuelo fue una luchadora muy entregada a las causas sociales, sin prejuicios ni atavismos. Nunca fue adversaria de nadie, s\u00f3lo fue una conciencia en libertad. Recordaremos siempre su sonrisa franca y su amistad incondicional.<\/p>\n\n\n\n<p>Hasta luego a nuestra querida Consuelo Ocampo.<\/p>\n\n\n\n<p>Hoy, en su primer aniversario luctuoso, Consuelo sigue viva en el coraz\u00f3n de muchas personas.<\/p>\n","protected":false},"excerpt":{"rendered":"<p>Jos\u00e9 Luis Salas Torres Generalmente, el tiempo y los recuerdos nos llevan siempre a lugares y personas entra\u00f1ables. Hoy hace justamente un a\u00f1o de la partida de nuestra querida Consuelo Ocampo. En su despedida, fue recordada de muchas maneras, tantas como los recuerdos que dej\u00f3 entre sus amigos. En mi caso, la sigo recordando tal [&hellip;]<\/p>\n","protected":false},"author":2,"featured_media":0,"comment_status":"closed","ping_status":"closed","sticky":false,"template":"","format":"standard","meta":{"_jetpack_newsletter_access":"","_jetpack_dont_email_post_to_subs":false,"_jetpack_newsletter_tier_id":0,"_jetpack_memberships_contains_paywalled_content":false,"_jetpack_memberships_contains_paid_content":false,"footnotes":""},"categories":[72],"tags":[38608],"class_list":["post-108411","post","type-post","status-publish","format-standard","hentry","category-palomazos","tag-consuelo-ocampo"],"jetpack_featured_media_url":"","jetpack_sharing_enabled":true,"jetpack_shortlink":"https:\/\/wp.me\/p4Qcd3-scz","_links":{"self":[{"href":"https:\/\/lospoliticosveracruz.com.mx\/index.php?rest_route=\/wp\/v2\/posts\/108411","targetHints":{"allow":["GET"]}}],"collection":[{"href":"https:\/\/lospoliticosveracruz.com.mx\/index.php?rest_route=\/wp\/v2\/posts"}],"about":[{"href":"https:\/\/lospoliticosveracruz.com.mx\/index.php?rest_route=\/wp\/v2\/types\/post"}],"author":[{"embeddable":true,"href":"https:\/\/lospoliticosveracruz.com.mx\/index.php?rest_route=\/wp\/v2\/users\/2"}],"replies":[{"embeddable":true,"href":"https:\/\/lospoliticosveracruz.com.mx\/index.php?rest_route=%2Fwp%2Fv2%2Fcomments&post=108411"}],"version-history":[{"count":1,"href":"https:\/\/lospoliticosveracruz.com.mx\/index.php?rest_route=\/wp\/v2\/posts\/108411\/revisions"}],"predecessor-version":[{"id":108413,"href":"https:\/\/lospoliticosveracruz.com.mx\/index.php?rest_route=\/wp\/v2\/posts\/108411\/revisions\/108413"}],"wp:attachment":[{"href":"https:\/\/lospoliticosveracruz.com.mx\/index.php?rest_route=%2Fwp%2Fv2%2Fmedia&parent=108411"}],"wp:term":[{"taxonomy":"category","embeddable":true,"href":"https:\/\/lospoliticosveracruz.com.mx\/index.php?rest_route=%2Fwp%2Fv2%2Fcategories&post=108411"},{"taxonomy":"post_tag","embeddable":true,"href":"https:\/\/lospoliticosveracruz.com.mx\/index.php?rest_route=%2Fwp%2Fv2%2Ftags&post=108411"}],"curies":[{"name":"wp","href":"https:\/\/api.w.org\/{rel}","templated":true}]}}