{"id":109379,"date":"2023-07-31T11:38:17","date_gmt":"2023-07-31T16:38:17","guid":{"rendered":"https:\/\/lospoliticosveracruz.com.mx\/?p=109379"},"modified":"2023-07-31T12:40:38","modified_gmt":"2023-07-31T17:40:38","slug":"3-de-3-contra-la-violencia-2","status":"publish","type":"post","link":"https:\/\/lospoliticosveracruz.com.mx\/?p=109379","title":{"rendered":"3 DE 3 CONTRA LA VIOLENCIA"},"content":{"rendered":"\n<p><strong>M\u00f3nica Mendoza Madrigal<\/strong><\/p>\n\n\n\n<p><em>LaAgendaDeLasMujeres<\/em>&nbsp;<\/p>\n\n\n\n<p>Hoy lunes 31 de julio de 2023 es el \u00faltimo d\u00eda del segundo per\u00edodo ordinario de sesiones del Congreso local, fecha en la que vence el tiempo establecido por la ley para hacer cualquier reforma a aplicar en el proceso electoral que habr\u00e1 de dar inicio en 90 d\u00edas y con ello, se perdi\u00f3 la posibilidad de que fuera armonizada en la legislaci\u00f3n estatal la 3 de 3 contra la violencia.<\/p>\n\n\n\n<p>Esta reforma fue aprobada por el Senado el mi\u00e9rcoles 24 de mayo y cuya minuta fue ratificada por los Congresos estatales \u2013el de Veracruz incluido\u2013 permiti\u00e9ndole ser declarada v\u00e1lida, entrando en vigor a partir del 30 de mayo pasado, un d\u00eda despu\u00e9s de que fue publicada en el Diario Oficial de la Federaci\u00f3n.<\/p>\n\n\n\n<p>Es sin duda la m\u00e1s importante legislaci\u00f3n lograda en materia de \u00e9tica p\u00fablica en este per\u00edodo legislativo federal para prevenir la violencia contra las mujeres, que tiene al pa\u00eds con cifras alarmantes en toda la geograf\u00eda nacional. Con la reforma al p\u00e1rrafo segundo del apartado A del Art\u00edculo 102 y la adici\u00f3n de una fracci\u00f3n VII al Art\u00edculo 38 de la Constituci\u00f3n, se logra establecer que las personas que est\u00e9n pr\u00f3fugas de la justicia; que hayan sido o est\u00e9n sentenciados por haber ejercido delitos contra la vida y la integridad corporal, contra la libertad y seguridad sexuales, contra el normal desarrollo psicosexual, o que hayan ejercido violencia familiar equiparada o dom\u00e9stica, violaci\u00f3n a la intimidad sexual o por violencia pol\u00edtica contra las mujeres en raz\u00f3n de g\u00e9nero en cualquiera de sus modalidades y tipos; y quienes hayan sido declarados como deudores de pensi\u00f3n alimenticia, no puedan ser registradas como candidatas a cualquier cargo de elecci\u00f3n popular, ni obtener cargos en el servicio p\u00fablico.<\/p>\n\n\n\n<p>Una reforma Constitucional como \u00e9sta requer\u00eda \u2013por procedimiento legislativo\u2013 ser armonizada en los Congresos estatales en los 180 d\u00edas contados a partir del 30 de mayo, plazo que vence hoy sin que el Congreso veracruzano hiciera las reformas requeridas.<\/p>\n\n\n\n<p>Es un hecho que averg\u00fcenza y que no extra\u00f1a.<\/p>\n\n\n\n<p>El segundo Congreso paritario en la historia del estado no tiene una sola iniciativa aprobada en favor de las mujeres veracruzanas. En realidad, no han aprobado nada de nadie: ni de la oposici\u00f3n, ni de su propia bancada, cuya sobrerrepresentaci\u00f3n sirve para muy poco, porque \u00e9ste es un Poder Legislativo de un solo hombre, que durante cinco a\u00f1os consecutivos ha ejercido en forma unilateral el control al interior de un Poder omiso y mis\u00f3gino, como lo demuestra claramente la no aprobaci\u00f3n de normas necesarias como la Ley Monse, la Ley del acoso callejero, la de la Violencia Vicaria y tantas otras que siguen durmiendo el sue\u00f1o de los justos en los cajones de escritorios de legisladores y legisladoras que, eso s\u00ed, se afanan por pedir el voto de quienes hoy claramente han defraudado.<\/p>\n\n\n\n<p>En materia electoral, vamos a ir al proceso m\u00e1s importante en la historia de este pa\u00eds y como qued\u00f3 pendiente desde la Legislatura pasada, Veracruz no armoniz\u00f3 la violencia pol\u00edtica en las leyes locales y ahora, no lo hizo tampoco con la 3 de 3.<\/p>\n\n\n\n<p>Queda clara la protecci\u00f3n que este Legislativo brinda a los violentadores, a los acosadores y a los deudores de pensi\u00f3n alimenticia que el partido al que pertenecen pretende que veamos en las boletas. A menos que haya otras instancias, verdaderamente comprometidas con la Constituci\u00f3n y con el combate real a la violencia contra las mujeres, que s\u00ed act\u00faen con responsabilidad y \u00e9tica por \u00e9stas tan graves omisiones. @MonicaMendozaM<\/p>\n","protected":false},"excerpt":{"rendered":"<p>M\u00f3nica Mendoza Madrigal LaAgendaDeLasMujeres&nbsp; Hoy lunes 31 de julio de 2023 es el \u00faltimo d\u00eda del segundo per\u00edodo ordinario de sesiones del Congreso local, fecha en la que vence el tiempo establecido por la ley para hacer cualquier reforma a aplicar en el proceso electoral que habr\u00e1 de dar inicio en 90 d\u00edas y con [&hellip;]<\/p>\n","protected":false},"author":2,"featured_media":0,"comment_status":"closed","ping_status":"closed","sticky":false,"template":"","format":"standard","meta":{"_jetpack_newsletter_access":"","_jetpack_dont_email_post_to_subs":false,"_jetpack_newsletter_tier_id":0,"_jetpack_memberships_contains_paywalled_content":false,"_jetpack_memberships_contains_paid_content":false,"footnotes":""},"categories":[70],"tags":[12695,1026,195],"class_list":["post-109379","post","type-post","status-publish","format-standard","hentry","category-de-opinion","tag-juan-javier-gomez-cazarin","tag-morena","tag-veracruz"],"jetpack_featured_media_url":"","jetpack_sharing_enabled":true,"jetpack_shortlink":"https:\/\/wp.me\/p4Qcd3-ssb","_links":{"self":[{"href":"https:\/\/lospoliticosveracruz.com.mx\/index.php?rest_route=\/wp\/v2\/posts\/109379","targetHints":{"allow":["GET"]}}],"collection":[{"href":"https:\/\/lospoliticosveracruz.com.mx\/index.php?rest_route=\/wp\/v2\/posts"}],"about":[{"href":"https:\/\/lospoliticosveracruz.com.mx\/index.php?rest_route=\/wp\/v2\/types\/post"}],"author":[{"embeddable":true,"href":"https:\/\/lospoliticosveracruz.com.mx\/index.php?rest_route=\/wp\/v2\/users\/2"}],"replies":[{"embeddable":true,"href":"https:\/\/lospoliticosveracruz.com.mx\/index.php?rest_route=%2Fwp%2Fv2%2Fcomments&post=109379"}],"version-history":[{"count":2,"href":"https:\/\/lospoliticosveracruz.com.mx\/index.php?rest_route=\/wp\/v2\/posts\/109379\/revisions"}],"predecessor-version":[{"id":109385,"href":"https:\/\/lospoliticosveracruz.com.mx\/index.php?rest_route=\/wp\/v2\/posts\/109379\/revisions\/109385"}],"wp:attachment":[{"href":"https:\/\/lospoliticosveracruz.com.mx\/index.php?rest_route=%2Fwp%2Fv2%2Fmedia&parent=109379"}],"wp:term":[{"taxonomy":"category","embeddable":true,"href":"https:\/\/lospoliticosveracruz.com.mx\/index.php?rest_route=%2Fwp%2Fv2%2Fcategories&post=109379"},{"taxonomy":"post_tag","embeddable":true,"href":"https:\/\/lospoliticosveracruz.com.mx\/index.php?rest_route=%2Fwp%2Fv2%2Ftags&post=109379"}],"curies":[{"name":"wp","href":"https:\/\/api.w.org\/{rel}","templated":true}]}}