{"id":109508,"date":"2023-08-02T13:52:16","date_gmt":"2023-08-02T18:52:16","guid":{"rendered":"https:\/\/lospoliticosveracruz.com.mx\/?p=109508"},"modified":"2023-08-02T13:55:14","modified_gmt":"2023-08-02T18:55:14","slug":"para-ustedes-de-corazon","status":"publish","type":"post","link":"https:\/\/lospoliticosveracruz.com.mx\/?p=109508","title":{"rendered":"PARA USTEDES, DE CORAZ\u00d3N!"},"content":{"rendered":"\n<p><\/p>\n\n\n\n<p><\/p>\n\n\n\n<p><strong>Veracruz<br><\/strong>En el auditorio del DIF Municipal, la alcaldesa Paty Lobeira de Yunes realiz\u00f3 la segunda entrega de aparatos funcionales de este 2023 a personas que padecen de alguna discapacidad y de esta manera puedan realizar sus actividades diarias de una manera m\u00e1s independiente.<\/p>\n\n\n<div class=\"wp-block-image\">\n<figure class=\"alignleft size-medium\"><a href=\"https:\/\/lospoliticosveracruz.com.mx\/wp-content\/uploads\/2023\/02\/Estancia.jpg\"><img decoding=\"async\" src=\"https:\/\/lospoliticosveracruz.com.mx\/wp-content\/uploads\/2023\/02\/Estancia-190x300.jpg\" alt=\"\" class=\"wp-image-102751\"\/><\/a><\/figure><\/div>\n\n\n<p>\u201cMe siento muy contenta de estar con ustedes; con esta entrega de aparatos funcionales que realizamos a trav\u00e9s del DIF Municipal, apoyamos la movilidad y el desarrollo de los veracruzanos que lo requieran\u201d, dijo la Alcaldesa en su discurso.<\/p>\n\n\n\n<p>Destac\u00f3 que de esta forma se mejora su calidad de vida y se les brindan las herramientas necesarias para lograr su inclusi\u00f3n social.<\/p>\n\n\n\n<p>\u201cQuiero mencionar que este Programa es completamente gratuito, lo hacemos pensando en favorecer a quienes m\u00e1s lo necesitan y que padecen de alguna discapacidad\u201d, manifest\u00f3.<\/p>\n\n\n\n<p>La Alcaldesa hizo entrega de m\u00e1s de 100 aparatos funcionales como son sillas de ruedas, andaderas para adultos e infantes, sillas PCI, bastones para invidentes, bastones sencillos y de pu\u00f1o alem\u00e1n, as\u00ed como tambi\u00e9n muletas y bastones de 4 puntos.<\/p>\n\n\n\n<p>\u201cEn nuestro gobierno, continuaremos promoviendo y contribuyendo, a trav\u00e9s de la Coordinaci\u00f3n de Gesti\u00f3n Social del DIF Municipal, el mejorar la calidad de vida de todas las familias veracruzanas\u201d\u201d, afirm\u00f3 la alcaldesa Paty Lobeira de Yunes.<\/p>\n","protected":false},"excerpt":{"rendered":"<p>VeracruzEn el auditorio del DIF Municipal, la alcaldesa Paty Lobeira de Yunes realiz\u00f3 la segunda entrega de aparatos funcionales de este 2023 a personas que padecen de alguna discapacidad y de esta manera puedan realizar sus actividades diarias de una manera m\u00e1s independiente. \u201cMe siento muy contenta de estar con ustedes; con esta entrega de [&hellip;]<\/p>\n","protected":false},"author":2,"featured_media":0,"comment_status":"closed","ping_status":"closed","sticky":false,"template":"","format":"standard","meta":{"_jetpack_newsletter_access":"","_jetpack_dont_email_post_to_subs":false,"_jetpack_newsletter_tier_id":0,"_jetpack_memberships_contains_paywalled_content":false,"_jetpack_memberships_contains_paid_content":false,"footnotes":""},"categories":[73],"tags":[5746],"class_list":["post-109508","post","type-post","status-publish","format-standard","hentry","category-de-boleto","tag-dif-municipal"],"jetpack_featured_media_url":"","jetpack_sharing_enabled":true,"jetpack_shortlink":"https:\/\/wp.me\/p4Qcd3-sug","_links":{"self":[{"href":"https:\/\/lospoliticosveracruz.com.mx\/index.php?rest_route=\/wp\/v2\/posts\/109508","targetHints":{"allow":["GET"]}}],"collection":[{"href":"https:\/\/lospoliticosveracruz.com.mx\/index.php?rest_route=\/wp\/v2\/posts"}],"about":[{"href":"https:\/\/lospoliticosveracruz.com.mx\/index.php?rest_route=\/wp\/v2\/types\/post"}],"author":[{"embeddable":true,"href":"https:\/\/lospoliticosveracruz.com.mx\/index.php?rest_route=\/wp\/v2\/users\/2"}],"replies":[{"embeddable":true,"href":"https:\/\/lospoliticosveracruz.com.mx\/index.php?rest_route=%2Fwp%2Fv2%2Fcomments&post=109508"}],"version-history":[{"count":2,"href":"https:\/\/lospoliticosveracruz.com.mx\/index.php?rest_route=\/wp\/v2\/posts\/109508\/revisions"}],"predecessor-version":[{"id":109511,"href":"https:\/\/lospoliticosveracruz.com.mx\/index.php?rest_route=\/wp\/v2\/posts\/109508\/revisions\/109511"}],"wp:attachment":[{"href":"https:\/\/lospoliticosveracruz.com.mx\/index.php?rest_route=%2Fwp%2Fv2%2Fmedia&parent=109508"}],"wp:term":[{"taxonomy":"category","embeddable":true,"href":"https:\/\/lospoliticosveracruz.com.mx\/index.php?rest_route=%2Fwp%2Fv2%2Fcategories&post=109508"},{"taxonomy":"post_tag","embeddable":true,"href":"https:\/\/lospoliticosveracruz.com.mx\/index.php?rest_route=%2Fwp%2Fv2%2Ftags&post=109508"}],"curies":[{"name":"wp","href":"https:\/\/api.w.org\/{rel}","templated":true}]}}