{"id":110408,"date":"2023-08-21T21:07:40","date_gmt":"2023-08-22T02:07:40","guid":{"rendered":"https:\/\/lospoliticosveracruz.com.mx\/?p=110408"},"modified":"2023-08-21T21:07:43","modified_gmt":"2023-08-22T02:07:43","slug":"el-complejo-hayas-equestrian-country-club","status":"publish","type":"post","link":"https:\/\/lospoliticosveracruz.com.mx\/?p=110408","title":{"rendered":"EL COMPLEJO HAYAS EQUESTRIAN COUNTRY CLUB"},"content":{"rendered":"\n<p><strong>Enrique Yasser Pompeyo<br><\/strong><em>Mesa de Redacci\u00f3n<\/em><\/p>\n\n\n\n<p>En la zona de Briones del municipio de Coatepec, vecinos denuncian y advierten de un da\u00f1o irreversible al Bosque de Niebla.<\/p>\n\n\n<div class=\"wp-block-image\">\n<figure class=\"alignleft size-full is-resized\"><a href=\"https:\/\/lospoliticosveracruz.com.mx\/wp-content\/uploads\/2023\/02\/Vinissimo.jpg\"><img loading=\"lazy\" decoding=\"async\" src=\"https:\/\/lospoliticosveracruz.com.mx\/wp-content\/uploads\/2023\/02\/Vinissimo.jpg\" alt=\"\" class=\"wp-image-102752\" width=\"175\" height=\"178\"\/><\/a><\/figure><\/div>\n\n\n<p>La raz\u00f3n: empresarios pretenden desarrollar el proyecto denominado Complejo Hayas Equestrian Country Club. Ante ello, este fin de semana los colonos se manifestaron para hacer la denuncia p\u00fablica.<\/p>\n\n\n\n<p>A pesar de que los ciudadanos que habitan en la zona han acudido con las autoridades de la Secretar\u00eda de Medio Ambiente, la Procuradur\u00eda Ambiental, as\u00ed como de los municipios de Tlalnelhuayocan y Coatepec, desde hace cuatro a\u00f1os, nada han hecho para frenar dicho desarrollo que generar\u00eda un impacto al medio ambiente, a la flora y a la fauna.<\/p>\n\n\n\n<p>El asunto comienza a escalar, pues de acuerdo con las declaraciones de los propios colonos, la empresa desarrolladora carece de los permisos necesarios para cambiar el uso de suelo.<\/p>\n\n\n\n<p>Ante el riesgo que representa, los ciudadanos acusan que los empresarios no respetan la ecolog\u00eda, el ecosistema, la fauna y la densidad de poblaci\u00f3n.<\/p>\n\n\n\n<p>Pero, adem\u00e1s del club h\u00edpico, se tiene la intenci\u00f3n de crecerlo con locales comerciales y un sal\u00f3n de fiestas.<\/p>\n\n\n\n<p>Todo esto se estar\u00eda haciendo, denuncian, de manera clandestina porque no tienen los permisos correspondientes.<\/p>\n\n\n\n<p>Los vecinos se\u00f1alan que los due\u00f1os carecen de un estudio de impacto ambiental, as\u00ed como de las licencias de construcci\u00f3n. Son 16 hect\u00e1reas donde se pretende hacer el proyecto.<\/p>\n\n\n\n<p>Se espera que las autoridades estatales, federales y municipales asuman su responsabilidad e intervengan, pues si se viola la normatividad, deber\u00e1n frenar dicho proyecto y evitar un impacto ambiental irreparable a la regi\u00f3n.<\/p>\n\n\n\n<p>enriquepompeyo@hotmail.com<\/p>\n","protected":false},"excerpt":{"rendered":"<p>Enrique Yasser PompeyoMesa de Redacci\u00f3n En la zona de Briones del municipio de Coatepec, vecinos denuncian y advierten de un da\u00f1o irreversible al Bosque de Niebla. La raz\u00f3n: empresarios pretenden desarrollar el proyecto denominado Complejo Hayas Equestrian Country Club. Ante ello, este fin de semana los colonos se manifestaron para hacer la denuncia p\u00fablica. A [&hellip;]<\/p>\n","protected":false},"author":2,"featured_media":0,"comment_status":"closed","ping_status":"closed","sticky":false,"template":"","format":"standard","meta":{"_jetpack_newsletter_access":"","_jetpack_dont_email_post_to_subs":false,"_jetpack_newsletter_tier_id":0,"_jetpack_memberships_contains_paywalled_content":false,"_jetpack_memberships_contains_paid_content":false,"footnotes":""},"categories":[70],"tags":[26139,3324,277,39103,15477,39102],"class_list":["post-110408","post","type-post","status-publish","format-standard","hentry","category-de-opinion","tag-bosque-de-niebla","tag-briones","tag-coatepec","tag-complejo-hayas-equestrian-country-club","tag-enrique-yasser-pompeyo","tag-procuraduria-ambiental"],"jetpack_featured_media_url":"","jetpack_sharing_enabled":true,"jetpack_shortlink":"https:\/\/wp.me\/p4Qcd3-sIM","_links":{"self":[{"href":"https:\/\/lospoliticosveracruz.com.mx\/index.php?rest_route=\/wp\/v2\/posts\/110408","targetHints":{"allow":["GET"]}}],"collection":[{"href":"https:\/\/lospoliticosveracruz.com.mx\/index.php?rest_route=\/wp\/v2\/posts"}],"about":[{"href":"https:\/\/lospoliticosveracruz.com.mx\/index.php?rest_route=\/wp\/v2\/types\/post"}],"author":[{"embeddable":true,"href":"https:\/\/lospoliticosveracruz.com.mx\/index.php?rest_route=\/wp\/v2\/users\/2"}],"replies":[{"embeddable":true,"href":"https:\/\/lospoliticosveracruz.com.mx\/index.php?rest_route=%2Fwp%2Fv2%2Fcomments&post=110408"}],"version-history":[{"count":1,"href":"https:\/\/lospoliticosveracruz.com.mx\/index.php?rest_route=\/wp\/v2\/posts\/110408\/revisions"}],"predecessor-version":[{"id":110410,"href":"https:\/\/lospoliticosveracruz.com.mx\/index.php?rest_route=\/wp\/v2\/posts\/110408\/revisions\/110410"}],"wp:attachment":[{"href":"https:\/\/lospoliticosveracruz.com.mx\/index.php?rest_route=%2Fwp%2Fv2%2Fmedia&parent=110408"}],"wp:term":[{"taxonomy":"category","embeddable":true,"href":"https:\/\/lospoliticosveracruz.com.mx\/index.php?rest_route=%2Fwp%2Fv2%2Fcategories&post=110408"},{"taxonomy":"post_tag","embeddable":true,"href":"https:\/\/lospoliticosveracruz.com.mx\/index.php?rest_route=%2Fwp%2Fv2%2Ftags&post=110408"}],"curies":[{"name":"wp","href":"https:\/\/api.w.org\/{rel}","templated":true}]}}