{"id":110483,"date":"2023-08-23T08:40:00","date_gmt":"2023-08-23T13:40:00","guid":{"rendered":"https:\/\/lospoliticosveracruz.com.mx\/?p=110483"},"modified":"2023-08-22T23:03:04","modified_gmt":"2023-08-23T04:03:04","slug":"pachamama","status":"publish","type":"post","link":"https:\/\/lospoliticosveracruz.com.mx\/?p=110483","title":{"rendered":"PACHAMAMA"},"content":{"rendered":"\n<p><strong>Guadalupe H. Mar<br><\/strong><em>Mira Pol\u00edtica<\/em><\/p>\n\n\n\n<p><strong>MADRE TIERRA \u2026<\/strong> Sab\u00edan ustedes amables lectoras y lectores que, de los 32 estados de la rep\u00fablica mexicana, Veracruz es el n\u00famero uno en declaratorias de desastres, en los \u00faltimos 23 a\u00f1os.<br>As\u00ed es y de ello da constancia el Centro Nacional de Prevenci\u00f3n de Desastres del gobierno federal, (Cenapred), que se cre\u00f3 tras el sismo del 19 de septiembre de 1985, donde dan a conocer que, del a\u00f1o 2000 al actual, destaca el estado de Veracruz con el mayor n\u00famero de declaratorias de entre los estados del pa\u00eds con 371, n\u00famero por arriba de Oaxaca con 219 y de Chiapas con 190.<\/p>\n\n\n\n<figure class=\"wp-block-embed is-type-video is-provider-youtube wp-block-embed-youtube wp-embed-aspect-16-9 wp-has-aspect-ratio\"><div class=\"wp-block-embed__wrapper\">\n<span class=\"embed-youtube\" style=\"text-align:center; display: block;\"><iframe loading=\"lazy\" class=\"youtube-player\" width=\"750\" height=\"422\" src=\"https:\/\/www.youtube.com\/embed\/Nxe-vxf8GuY?version=3&#038;rel=1&#038;showsearch=0&#038;showinfo=1&#038;iv_load_policy=1&#038;fs=1&#038;hl=es-ES&#038;autohide=2&#038;wmode=transparent\" allowfullscreen=\"true\" style=\"border:0;\" sandbox=\"allow-scripts allow-same-origin allow-popups allow-presentation allow-popups-to-escape-sandbox\"><\/iframe><\/span>\n<\/div><\/figure>\n\n\n\n<p><br>Por ello el estado de Veracruz es para el caso, el bot\u00f3n que sirve de muestra para ejemplificar que las advertencias de la Cenapred sucumben ante la necedad humana por asentarse en lugares riesgosos y la omisi\u00f3n gubernamental que pareciera ya encontr\u00f3 en los desastres naturales, la minita de oro de recursos p\u00fablicos por utilizarse para atender emergencias, dinero que no requiere comprobarse. Los desastres naturales como negocio, pudiera llamarse la obra.<br>Amables lectoras y lectores, la madre tierra, la naturaleza, es maestra que ense\u00f1a tan bien al hombre, que si este no se aprende la lecci\u00f3n se la vuelve a repetir, lo cual ha sucedido, sucede y seguir\u00e1 sucediendo porque a necio ninguna especie le gana al ser humano.<br>Quererle ganar con cemento y pavimento a la naturaleza, a la Pachamama (Madre Tierra), es quiz\u00e1 la mayor de las necedades del hombre.<br>Sirvan de ejemplo los casos de inundaciones en cada temporada de lluvias en los mismos lugares donde cada a\u00f1o se anegan sus habitantes, sitios que por su parte las entidades gubernamentales del pasado y del presente tienen identificados en sendos Atlas de Riesgo, que explican el mal, pero no el remedio.<br>Para sustentar lo anterior, baste \u00abnavegar\u00bb en la website del Cenapred, <strong><em><a href=\"https:\/\/www.gob.mx\/cenapred\">https:\/\/www.gob.mx\/cenapred<\/a><\/em><\/strong> cuya misi\u00f3n es \u00abPromover acciones de pol\u00edtica p\u00fablica para prever, reducir y controlar el riesgo de desastres con base en la investigaci\u00f3n, monitoreo y an\u00e1lisis de peligros y vulnerabilidades de los sistemas expuestos, la capacitaci\u00f3n y profesionalizaci\u00f3n; as\u00ed como el desarrollo de la cultura de la gesti\u00f3n integral del riesgo de desastres, a fin de contribuir al bienestar y el desarrollo de una sociedad segura y sostenible\u00bb, tarea que en el papel es ideal y perfecta, porque la realidad es otra.<br>La realidad es que las inundaciones son cada vez m\u00e1s frecuentes en Veracruz y en lugares donde anteriormente ya hab\u00edan sucedido, lo cual indica que el problema no se ha atendido y como dijera Don Teofilito, ni se atender\u00e1, menos en esta \u00e9poca electoral en que no tardan en llegar los apoyos para damnificados.<br>No cabe duda que en Veracruz el miedo y los desastres han sido desde los tiempos de los conservadores y neoliberales, un buen negocio.<br><strong>RECONTRAPORCIERTO\u2026<\/strong> Como datos para la hora de tomar caf\u00e9, el presupuesto de este a\u00f1o de la Secretar\u00eda de Protecci\u00f3n Civil donde despacha la doctora en antropolog\u00eda, Guadalupe Osorno Maldonado, es en n\u00fameros gruesos de 88.8 millones de pesos, de los cuales, 61.9 millones de pesos son para pagar sueldos de los empleados de la dependencia.<br>Cu\u00e1nto destina la Secretar\u00eda de Protecci\u00f3n Civil del gobierno del estado de Veracruz para ayudas y subsidios, apenas 3.4 millones de pesos, para comprar apenas algunas camionadas de tierra.<br><strong>PARA ILUSTRARSE \u2026<\/strong> Este jueves 31 de agosto, v\u00eda Zoom, la doctora Mar\u00eda del Carmen Moreno Garc\u00eda, del Grupo de Climatolog\u00eda, Departamento de Geograf\u00eda de la Universidad de Barcelona, dar\u00e1 la conferencia \u00abLas islas de calor urbanas, un nuevo riesgo con el cambio clim\u00e1tico. El caso de Barcelona\u00bb, esto como parte del ciclo de conferencias en el marco del centenario del natalicio del Doctor Ernesto J\u00e1uregui, m\u00e1ximo exponente de la climatolog\u00eda urbana en M\u00e9xico, y como parte del Seminario de Cambio Clim\u00e1tico del Programa de Estudios de Cambio Clim\u00e1tico de la Universidad Veracruzana (PECCUV).<br>La liga al evento es: <strong><em><a href=\"https:\/\/uveracruzana.zoom.us\/meeting\/register\/tZUvd-uoqT4qE9Q2AciFSCIRKDCw5vXKKaK5\">https:\/\/uveracruzana.zoom.us\/meeting\/register\/tZUvd-uoqT4qE9Q2AciFSCIRKDCw5vXKKaK5<\/a><\/em><\/strong><br>D\u00cdGALO SIN MIEDO \u2026 Al correo electr\u00f3nico guadalupehmar@yahoo.com<\/p>\n","protected":false},"excerpt":{"rendered":"<p>Guadalupe H. MarMira Pol\u00edtica MADRE TIERRA \u2026 Sab\u00edan ustedes amables lectoras y lectores que, de los 32 estados de la rep\u00fablica mexicana, Veracruz es el n\u00famero uno en declaratorias de desastres, en los \u00faltimos 23 a\u00f1os.As\u00ed es y de ello da constancia el Centro Nacional de Prevenci\u00f3n de Desastres del gobierno federal, (Cenapred), que se [&hellip;]<\/p>\n","protected":false},"author":2,"featured_media":0,"comment_status":"closed","ping_status":"closed","sticky":false,"template":"","format":"standard","meta":{"_jetpack_newsletter_access":"","_jetpack_dont_email_post_to_subs":false,"_jetpack_newsletter_tier_id":0,"_jetpack_memberships_contains_paywalled_content":false,"_jetpack_memberships_contains_paid_content":false,"footnotes":""},"categories":[70],"tags":[39117,1606,11408,1026,195],"class_list":["post-110483","post","type-post","status-publish","format-standard","hentry","category-de-opinion","tag-cenapred","tag-guadalupe-h-mar","tag-guadalupe-osorno-maldonado","tag-morena","tag-veracruz"],"jetpack_featured_media_url":"","jetpack_sharing_enabled":true,"jetpack_shortlink":"https:\/\/wp.me\/p4Qcd3-sJZ","_links":{"self":[{"href":"https:\/\/lospoliticosveracruz.com.mx\/index.php?rest_route=\/wp\/v2\/posts\/110483","targetHints":{"allow":["GET"]}}],"collection":[{"href":"https:\/\/lospoliticosveracruz.com.mx\/index.php?rest_route=\/wp\/v2\/posts"}],"about":[{"href":"https:\/\/lospoliticosveracruz.com.mx\/index.php?rest_route=\/wp\/v2\/types\/post"}],"author":[{"embeddable":true,"href":"https:\/\/lospoliticosveracruz.com.mx\/index.php?rest_route=\/wp\/v2\/users\/2"}],"replies":[{"embeddable":true,"href":"https:\/\/lospoliticosveracruz.com.mx\/index.php?rest_route=%2Fwp%2Fv2%2Fcomments&post=110483"}],"version-history":[{"count":1,"href":"https:\/\/lospoliticosveracruz.com.mx\/index.php?rest_route=\/wp\/v2\/posts\/110483\/revisions"}],"predecessor-version":[{"id":110484,"href":"https:\/\/lospoliticosveracruz.com.mx\/index.php?rest_route=\/wp\/v2\/posts\/110483\/revisions\/110484"}],"wp:attachment":[{"href":"https:\/\/lospoliticosveracruz.com.mx\/index.php?rest_route=%2Fwp%2Fv2%2Fmedia&parent=110483"}],"wp:term":[{"taxonomy":"category","embeddable":true,"href":"https:\/\/lospoliticosveracruz.com.mx\/index.php?rest_route=%2Fwp%2Fv2%2Fcategories&post=110483"},{"taxonomy":"post_tag","embeddable":true,"href":"https:\/\/lospoliticosveracruz.com.mx\/index.php?rest_route=%2Fwp%2Fv2%2Ftags&post=110483"}],"curies":[{"name":"wp","href":"https:\/\/api.w.org\/{rel}","templated":true}]}}