{"id":110486,"date":"2023-08-22T23:14:41","date_gmt":"2023-08-23T04:14:41","guid":{"rendered":"https:\/\/lospoliticosveracruz.com.mx\/?p=110486"},"modified":"2023-08-22T23:14:51","modified_gmt":"2023-08-23T04:14:51","slug":"ay-xochitl-ay-xochitl","status":"publish","type":"post","link":"https:\/\/lospoliticosveracruz.com.mx\/?p=110486","title":{"rendered":"AY X\u00d3CHITL\u2026 AY X\u00d3CHITL\u00a0"},"content":{"rendered":"\n<p><strong>Bernardo Guti\u00e9rrez Parra\u00a0<\/strong><\/p>\n\n\n\n<p><em>Desde el Caf\u00e9\u00a0<\/em><\/p>\n\n\n\n<p>Bajarse de la contienda por la candidatura presidencial del Frente Amplio por M\u00e9xico para apoyar a X\u00f3chitl G\u00e1lvez, es lo m\u00e1s sobresaliente que ha hecho Santiago Creel a lo largo de su anodina carrera pol\u00edtica. Y era para que despu\u00e9s de su mensaje de despedida se hubiera ido a su casa a que lo cuiden sus nietos. Pero no\u2026\u00a0\u00a0<\/p>\n\n\n\n<figure class=\"wp-block-image size-large\"><a href=\"https:\/\/lospoliticosveracruz.com.mx\/wp-content\/uploads\/2016\/07\/Seguro-Julio-Cerecedo-2.jpg\"><img decoding=\"async\" src=\"https:\/\/lospoliticosveracruz.com.mx\/wp-content\/uploads\/2016\/07\/Seguro-Julio-Cerecedo-2-1024x381.jpg\" alt=\"\" class=\"wp-image-105879\"\/><\/a><\/figure>\n\n\n\n<p>A X\u00f3chitl le bastaron unos minutos para cometer lo que puede catalogarse en el futuro como su primer gran error, al declarar que si es candidata de la coalici\u00f3n PAN-PRI-PRD, quiere que Santiago coordine su campa\u00f1a \u201cen todo lo que viene\u201d.&nbsp;<\/p>\n\n\n\n<p>Al anunciar la pifia que a\u00fan no alcanza a dimensionar, dijo que Creel \u201ces un hombre de palabra\u201d, pues en una charla privada ambos acordaron apoyar a quien punteara en las encuestas. \u201cRecuerdo esa pl\u00e1tica donde acordamos ir juntos en este proyecto y te dije que si tu ibas arriba en las encuestas yo te apoyar\u00eda y tu me dijiste exactamente lo mismo, y hoy est\u00e1s cumpliendo tu palabra\u201d, indic\u00f3 X\u00f3chitl.&nbsp;<\/p>\n\n\n\n<p>\u00bfY nom\u00e1s por eso le piensa entregar semejante responsabilidad a un perdedor nato? Con prometerle que se acordar\u00e1 muy bien de \u00e9l hubiera sido m\u00e1s que suficiente. Pero ofrecerle la coordinaci\u00f3n de su campa\u00f1a\u2026 \u00a1la coordinaci\u00f3n de su campa\u00f1a! Futa\u2026<\/p>\n\n\n\n<p>Emocionada por el acto de Santiago la hidalguense no escatim\u00f3 palabras para reconocerlo. \u201cLa lecci\u00f3n que hoy nos das es de un gran dem\u00f3crata, pusiste por encima de tus intereses personales tu profundo amor por la patria\u201d. \u00a1Jojuuupa!<\/p>\n\n\n\n<p>Estoy seguro que el primer sorprendido por tanta miel fue el propio Santiago que parado frente al espejo debi\u00f3 preguntarse: \u201cAh ching\u00e1, \u00bfa poco soy un dem\u00f3crata? \u00bfA poco amo con tanta vehemencia a mi patria?\u201d<\/p>\n\n\n\n<p>El 10 de julio y a prop\u00f3sito de su candidatura escrib\u00ed: \u201cSantiago Creel es un f\u00f3sil pol\u00edtico que ha perdido sin excepci\u00f3n todas las elecciones en las que ha participado\u201d. Y sin ir muy lejos lector, tan iba perdiendo la del FAM que se baj\u00f3 antes del caballo.&nbsp;<\/p>\n\n\n\n<p>Lo califiqu\u00e9 de soso, desabrido, huero y de hueva porque lo es. Pero adem\u00e1s es due\u00f1o de un discurso vac\u00edo y m\u00e1s plano que un p\u00e1ramo que no motiva a nadie. Y si tuvo la decencia de bajarse de la contienda no fue tanto por su \u201cprofundo amor a la patria\u201d, sino porque se lo pidieron 15 ex gobernadores y dos mil militantes del PAN que no le vieron la m\u00ednima posibilidad de triunfo.&nbsp;<\/p>\n\n\n\n<p>Aparte de perdedor (insisto, perdedor nato), Creel es un hombre pasivo. Si un d\u00eda lo agarra un temblor en el piso m\u00e1s alto de la Torre Latinoamericana, ser\u00e1 de los \u00faltimos en salir precisamente porque la pasividad es parte sustantiva de su naturaleza.<\/p>\n\n\n\n<p>Y lo que todo candidato o candidata necesita en estos tiempos como coordinador de campa\u00f1a, es a un hombre o una mujer de mente \u00e1gil, despierta y abierta; con capacidad de organizaci\u00f3n y liderazgo, con autoridad y don de mando, tanto para dar un manotazo sobre la mesa como para coordinarlo todo. Todo, todo, todo. Y nom\u00e1s hay que ver la pachorra de Santiago para saber que no es el indicado.&nbsp;&nbsp;<\/p>\n\n\n\n<p>X\u00f3chitl a\u00fan est\u00e1 muy a tiempo para reconsiderar y decirle que si llega a la presidencia le dar\u00e1 la OAI (Oficina de Asuntos Intrascendentes). Pero ofrecerle la coordinaci\u00f3n de su campa\u00f1a, es mandar al matadero a ese pobre hombre que aparte de mediocre, es tan negado para el triunfo como nacido para el fracaso. Y con ese negativo a cuestas, irremediablemente se la va a llevar al baile.&nbsp;<\/p>\n\n\n\n<p><strong>Encabeza Zenyazen gira con Foro para el Di\u00e1logo sobre Libros de Texto\u00a0<\/strong><\/p>\n\n\n\n<p>En el marco del Foro para el Di\u00e1logo sobre los Libros de Texto para Educaci\u00f3n B\u00e1sica, que este d\u00eda cont\u00f3 con dos sedes: la Escuela Secundaria General de Acayucan, por la ma\u00f1ana, y el Instituto Tecnol\u00f3gico Superior de San Andr\u00e9s Tuxtla, por la tarde, el Secretario de Educaci\u00f3n de Veracruz, Zenyazen Escobar, destac\u00f3 el orgullo que deben sentir las comunidades educativas al contar con un modelo educativo mexicano, basado en las propias necesidades, experiencias y problem\u00e1ticas que han vivido las y los docentes en el aula.<\/p>\n\n\n\n<p>Al reconocer que es un gran reto la implementaci\u00f3n de este nuevo modelo, manifest\u00f3 su benepl\u00e1cito ante el inter\u00e9s de madres y padres de familia por conocer m\u00e1s sobre el contenido los ejemplares, lo que motiv\u00f3 que el gobierno de Cuitl\u00e1huac Garc\u00eda realice estos espacios que terminen con la campa\u00f1a de desinformaci\u00f3n que se ha generado alrededor de los libros y que ponen en mal el trabajo de miles de maestras y maestros de todo el pa\u00eds.<\/p>\n\n\n\n<p>\u201cMam\u00e1s, pap\u00e1s, conf\u00eden en nuestras maestras y maestros, porque ellos son quienes dise\u00f1aron estos libros\u201d, apunt\u00f3 Escobar Garc\u00eda, quien tambi\u00e9n hizo hincapi\u00e9 en que las diferencias de opini\u00f3n respecto a los libros se tratan de una batalla econ\u00f3mica por el alto precio que antes ten\u00eda su impresi\u00f3n, pues las casas editoriales vend\u00edan cada ejemplar en 100 pesos, cuando el costo real es de aproximadamente 30 pesos. Es decir, se tuvo un ahorro mayor a los tres mil millones de pesos, indic\u00f3.&nbsp;<\/p>\n\n\n\n<p>Subray\u00f3 que gracias al trabajo de los maestros, Veracruz disminuy\u00f3 el rezago educativo en dos puntos porcentuales, lo que significa un impacto en m\u00e1s de 160 mil habitantes, de acuerdo a estad\u00edsticas del Consejo Nacional de Evaluaci\u00f3n de la Pol\u00edtica de Desarrollo Social (CONEVAL).<\/p>\n\n\n\n<p>Estos resultados, detall\u00f3 Zenyazen, junto con los de la Comisi\u00f3n Nacional para la Mejora Continua de la Educaci\u00f3n (MEJOREDU) colocan hoy a la entidad entre los primeros cinco mejores lugares en el tema educativo, en contraparte al quinto peor lugar que ocupaba al inicio de este gobierno.<\/p>\n\n\n\n<p>\u201cEs el compromiso que tenemos con sus hijas e hijos, pero tambi\u00e9n es el compromiso por sacar adelante a nuestra sociedad y a nuestro pa\u00eds\u201d, concluy\u00f3 el funcionario estatal.&nbsp;<\/p>\n\n\n\n<p>bernardogup@hotmail.com<\/p>\n","protected":false},"excerpt":{"rendered":"<p>Bernardo Guti\u00e9rrez Parra\u00a0 Desde el Caf\u00e9\u00a0 Bajarse de la contienda por la candidatura presidencial del Frente Amplio por M\u00e9xico para apoyar a X\u00f3chitl G\u00e1lvez, es lo m\u00e1s sobresaliente que ha hecho Santiago Creel a lo largo de su anodina carrera pol\u00edtica. Y era para que despu\u00e9s de su mensaje de despedida se hubiera ido a [&hellip;]<\/p>\n","protected":false},"author":2,"featured_media":0,"comment_status":"closed","ping_status":"closed","sticky":false,"template":"","format":"standard","meta":{"_jetpack_newsletter_access":"","_jetpack_dont_email_post_to_subs":false,"_jetpack_newsletter_tier_id":0,"_jetpack_memberships_contains_paywalled_content":false,"_jetpack_memberships_contains_paid_content":false,"footnotes":""},"categories":[70],"tags":[34206,39118,38524,5590,12372],"class_list":["post-110486","post","type-post","status-publish","format-standard","hentry","category-de-opinion","tag-bernardo-gutierrez-parra","tag-foro-para-el-dialogo-sobre-los-libros-de-texto","tag-frente-amplio-por-mexico","tag-santiago-creel","tag-zenyazen-escobar-garcia"],"jetpack_featured_media_url":"","jetpack_sharing_enabled":true,"jetpack_shortlink":"https:\/\/wp.me\/p4Qcd3-sK2","_links":{"self":[{"href":"https:\/\/lospoliticosveracruz.com.mx\/index.php?rest_route=\/wp\/v2\/posts\/110486","targetHints":{"allow":["GET"]}}],"collection":[{"href":"https:\/\/lospoliticosveracruz.com.mx\/index.php?rest_route=\/wp\/v2\/posts"}],"about":[{"href":"https:\/\/lospoliticosveracruz.com.mx\/index.php?rest_route=\/wp\/v2\/types\/post"}],"author":[{"embeddable":true,"href":"https:\/\/lospoliticosveracruz.com.mx\/index.php?rest_route=\/wp\/v2\/users\/2"}],"replies":[{"embeddable":true,"href":"https:\/\/lospoliticosveracruz.com.mx\/index.php?rest_route=%2Fwp%2Fv2%2Fcomments&post=110486"}],"version-history":[{"count":1,"href":"https:\/\/lospoliticosveracruz.com.mx\/index.php?rest_route=\/wp\/v2\/posts\/110486\/revisions"}],"predecessor-version":[{"id":110487,"href":"https:\/\/lospoliticosveracruz.com.mx\/index.php?rest_route=\/wp\/v2\/posts\/110486\/revisions\/110487"}],"wp:attachment":[{"href":"https:\/\/lospoliticosveracruz.com.mx\/index.php?rest_route=%2Fwp%2Fv2%2Fmedia&parent=110486"}],"wp:term":[{"taxonomy":"category","embeddable":true,"href":"https:\/\/lospoliticosveracruz.com.mx\/index.php?rest_route=%2Fwp%2Fv2%2Fcategories&post=110486"},{"taxonomy":"post_tag","embeddable":true,"href":"https:\/\/lospoliticosveracruz.com.mx\/index.php?rest_route=%2Fwp%2Fv2%2Ftags&post=110486"}],"curies":[{"name":"wp","href":"https:\/\/api.w.org\/{rel}","templated":true}]}}