{"id":110494,"date":"2023-08-23T08:54:37","date_gmt":"2023-08-23T13:54:37","guid":{"rendered":"https:\/\/lospoliticosveracruz.com.mx\/?p=110494"},"modified":"2023-08-23T08:54:41","modified_gmt":"2023-08-23T13:54:41","slug":"se-vive-una-amistad-muy-individualista","status":"publish","type":"post","link":"https:\/\/lospoliticosveracruz.com.mx\/?p=110494","title":{"rendered":"SE VIVE UNA AMISTAD MUY INDIVIDUALISTA"},"content":{"rendered":"\n<p><strong>Julio Vallejo<br><\/strong><em>La l\u00ednea delgada entre mi opini\u00f3n y la tuya<\/em><\/p>\n\n\n\n<p>En la actualidad la sociedad ha virado hacia un individuo cada vez m\u00e1s individualista y eso afecta inevitablemente el comportamiento de la amistad.<br>\u201cNo tiene ning\u00fan amigo el que tiene muchos amigos\u201d (Arist\u00f3teles).<\/p>\n\n\n<div class=\"wp-block-image\">\n<figure class=\"alignleft size-full is-resized\"><a href=\"https:\/\/lospoliticosveracruz.com.mx\/wp-content\/uploads\/2023\/02\/Vinissimo.jpg\"><img loading=\"lazy\" decoding=\"async\" src=\"https:\/\/lospoliticosveracruz.com.mx\/wp-content\/uploads\/2023\/02\/Vinissimo.jpg\" alt=\"\" class=\"wp-image-102752\" width=\"175\" height=\"178\"\/><\/a><\/figure><\/div>\n\n\n<p><br>La amistad cobra un nuevo sentido donde la afinidad y la conexi\u00f3n dejan a un lado el afecto personal y puro del trato con la otra persona.<br>Hoy en d\u00eda debemos ense\u00f1ar a los j\u00f3venes como distinguir una buena amistad y decirles que existen tres conceptos de ella. La primera se trata de la amistad de utilidad, aquella donde comparten o tienen utilidad en com\u00fan. La segunda es la amistad diversi\u00f3n, esta va a durar lo que dure la utilidad y, por \u00faltimo la amistad, del aret\u00e9, que conlleva una percepci\u00f3n igualitaria no solamente del otro sino tambi\u00e9n del trato que das y recibes de la otra persona.<br>\u00bfCrees t\u00fa que se est\u00e1 desapareciendo la amistad?<br>Las amistades hoy en d\u00eda sufren un gran problema, ya que cada que conoces a alguien esperas m\u00e1s de lo que t\u00fa brindas sin importar que lo primero que muestras es tu propio ego. Me atrevo a decir que los nuevos modelos de amistad se contaminan poco a poco, creando as\u00ed grupos sociales contempor\u00e1neos individualistas.<br>Las amistades se pueden afianzar con el tiempo.<br>Un experimento social de Robert Waldinger manifiesta que tener una buena amistad se puede llegar a longevo, con una felicidad y salud por encima de la media. De ah\u00ed la importancia de construir una bonita a mistad en la cual puedas confiar tus problemas y pedir un buen consejo. En la actualidad, el valor de la amistad se desvanece, porque no somos capaces de identificarnos con el otro y prestar atenci\u00f3n a algo que no solo sea nuestro propio ego.<br>Como bien lo dice Robert Waldinger, para llegar a ser longevos y felices, debemos tener buenas amistades y relacionarnos de una manera donde podamos hacer una buena selecci\u00f3n de las relaciones sociales. No se trata de la cantidad de amigos, si no de la calidad.<br>El valor de la amistad desde la infancia es fundamental para el ser humano, ya que con las nuevas plataformas de redes sociales lo \u00fanico que est\u00e1 pasando es que al virtualizarse, se siembran conceptos de amistad a manera de avatar, un \u201cyo\u201d virtual. Damos en las redes sociales una cara que no somos y esto a su vez genera confusi\u00f3n en las personas a la hora de interactuar de manera personal, generando as\u00ed descontento y fracturando lo que cre\u00edamos era realmente una amistad plena.<br>Cabe resaltar que las amistades se van trabajando con el tiempo y poni\u00e9ndole mucha atenci\u00f3n al otro para que podamos tener un eje com\u00fan; por eso la importancia de cambiar los paradigmas de felicidad de modo radical donde impere siempre el concepto de amistad.<br>\u00bfY t\u00fa, qu\u00e9 tipo de amistades tienes? \u00bfcrees que la amistad se pierde, se transforma o se mantiene? o \u00bferes de los que solo la usan y la tiran? o crees que la mentalidad del consumo tenga algo que ver.<br>En el mundo actual deber\u00edamos mantener a los amigos verdaderos, esos que se forman en el camino de la vida y no solo los 677 que tienes agregados en tus plataformas sociales quienes solo son virtuales. Por \u00faltimo, te invito a compartir m\u00e1s tiempo con tus amigos verdaderos a quienes puedes llegar a necesitar alg\u00fan d\u00eda y sabes que estar\u00e1n contigo.<\/p>\n","protected":false},"excerpt":{"rendered":"<p>Julio VallejoLa l\u00ednea delgada entre mi opini\u00f3n y la tuya En la actualidad la sociedad ha virado hacia un individuo cada vez m\u00e1s individualista y eso afecta inevitablemente el comportamiento de la amistad.\u201cNo tiene ning\u00fan amigo el que tiene muchos amigos\u201d (Arist\u00f3teles). La amistad cobra un nuevo sentido donde la afinidad y la conexi\u00f3n dejan [&hellip;]<\/p>\n","protected":false},"author":2,"featured_media":0,"comment_status":"closed","ping_status":"closed","sticky":false,"template":"","format":"standard","meta":{"_jetpack_newsletter_access":"","_jetpack_dont_email_post_to_subs":false,"_jetpack_newsletter_tier_id":0,"_jetpack_memberships_contains_paywalled_content":false,"_jetpack_memberships_contains_paid_content":false,"footnotes":""},"categories":[70],"tags":[32927],"class_list":["post-110494","post","type-post","status-publish","format-standard","hentry","category-de-opinion","tag-julio-vallejo"],"jetpack_featured_media_url":"","jetpack_sharing_enabled":true,"jetpack_shortlink":"https:\/\/wp.me\/p4Qcd3-sKa","_links":{"self":[{"href":"https:\/\/lospoliticosveracruz.com.mx\/index.php?rest_route=\/wp\/v2\/posts\/110494","targetHints":{"allow":["GET"]}}],"collection":[{"href":"https:\/\/lospoliticosveracruz.com.mx\/index.php?rest_route=\/wp\/v2\/posts"}],"about":[{"href":"https:\/\/lospoliticosveracruz.com.mx\/index.php?rest_route=\/wp\/v2\/types\/post"}],"author":[{"embeddable":true,"href":"https:\/\/lospoliticosveracruz.com.mx\/index.php?rest_route=\/wp\/v2\/users\/2"}],"replies":[{"embeddable":true,"href":"https:\/\/lospoliticosveracruz.com.mx\/index.php?rest_route=%2Fwp%2Fv2%2Fcomments&post=110494"}],"version-history":[{"count":1,"href":"https:\/\/lospoliticosveracruz.com.mx\/index.php?rest_route=\/wp\/v2\/posts\/110494\/revisions"}],"predecessor-version":[{"id":110496,"href":"https:\/\/lospoliticosveracruz.com.mx\/index.php?rest_route=\/wp\/v2\/posts\/110494\/revisions\/110496"}],"wp:attachment":[{"href":"https:\/\/lospoliticosveracruz.com.mx\/index.php?rest_route=%2Fwp%2Fv2%2Fmedia&parent=110494"}],"wp:term":[{"taxonomy":"category","embeddable":true,"href":"https:\/\/lospoliticosveracruz.com.mx\/index.php?rest_route=%2Fwp%2Fv2%2Fcategories&post=110494"},{"taxonomy":"post_tag","embeddable":true,"href":"https:\/\/lospoliticosveracruz.com.mx\/index.php?rest_route=%2Fwp%2Fv2%2Ftags&post=110494"}],"curies":[{"name":"wp","href":"https:\/\/api.w.org\/{rel}","templated":true}]}}