{"id":110545,"date":"2023-08-24T08:44:25","date_gmt":"2023-08-24T13:44:25","guid":{"rendered":"https:\/\/lospoliticosveracruz.com.mx\/?p=110545"},"modified":"2023-08-24T08:44:29","modified_gmt":"2023-08-24T13:44:29","slug":"rescate","status":"publish","type":"post","link":"https:\/\/lospoliticosveracruz.com.mx\/?p=110545","title":{"rendered":"RESCATE"},"content":{"rendered":"\n<p><strong>Uriel Flores Aguayo<\/strong><\/p>\n\n\n\n<p>El pr\u00f3ximo a\u00f1o, en la elecci\u00f3n electoral federal , estar\u00e1 a votaci\u00f3n la continuidad u otra alternancia. Se optar\u00e1 por que se mantenga el partido Morena en el poder o que vuelvan los partidos agrupados en el Frente Amplio por M\u00e9xico.<\/p>\n\n\n<div class=\"wp-block-image\">\n<figure class=\"alignleft size-medium\"><a href=\"https:\/\/lospoliticosveracruz.com.mx\/wp-content\/uploads\/2021\/10\/WhatsApp-Image-2021-10-02-at-15.20.25.jpeg\"><img loading=\"lazy\" decoding=\"async\" width=\"212\" height=\"300\" src=\"https:\/\/lospoliticosveracruz.com.mx\/wp-content\/uploads\/2021\/10\/WhatsApp-Image-2021-10-02-at-15.20.25-212x300.jpeg\" alt=\"\" class=\"wp-image-80177\" srcset=\"https:\/\/lospoliticosveracruz.com.mx\/wp-content\/uploads\/2021\/10\/WhatsApp-Image-2021-10-02-at-15.20.25-212x300.jpeg 212w, https:\/\/lospoliticosveracruz.com.mx\/wp-content\/uploads\/2021\/10\/WhatsApp-Image-2021-10-02-at-15.20.25-724x1024.jpeg 724w, https:\/\/lospoliticosveracruz.com.mx\/wp-content\/uploads\/2021\/10\/WhatsApp-Image-2021-10-02-at-15.20.25-768x1086.jpeg 768w, https:\/\/lospoliticosveracruz.com.mx\/wp-content\/uploads\/2021\/10\/WhatsApp-Image-2021-10-02-at-15.20.25.jpeg 905w\" sizes=\"auto, (max-width: 212px) 100vw, 212px\" \/><\/a><\/figure><\/div>\n\n\n<p>Se trata de dos visiones distantes en t\u00e9rminos de democracia y Estado de derecho, pero coincidentes en el sistema econ\u00f3mico y la participaci\u00f3n privada en extensos \u00e1mbitos de la vida social, como salud, educaci\u00f3n, comercio, transporte, etc .. Ya tuvo su oportunidad L\u00f3pez Obrador, con resultados regulares y afanes caudillistas. Hay algunos aspectos positivos como la mejora del salario m\u00ednimo y algunos programas sociales; los fracasos son mayores en salud y seguridad. La concentraci\u00f3n del poder es el mayor d\u00e9ficit de este gobierno. El abuso del poder, el ataque a la pluralidad y el debilitamiento de la democracia son la parte negativa de AMLO. Todo gira en torno a su persona y a su imagen. Su discurso es propaganda. Elude la realidad y su responsabilidad para no manchar su prestigio, seg\u00fan sus ideas mesi\u00e1nicas. Su necesidad fisiol\u00f3gica de hablar y hablar, horas, le impone hablar de todo y exponerse a errores, mentiras y pol\u00e9micas. Sus seguidores m\u00e1s fieles, los llamados peje-zombis, desde gobernantes o lo que queda de marginales activistas, reproducen las descalificaciones presidenciales y niegan legitimidad a quienes piensen distinto. En mi experiencia p\u00fablica todo esto ya lo vi, son pr\u00e1cticas pol\u00edticas creadas y pulidas por el viejo PRI. Cambian los colores y los personajes pero son lo mismo en abusos y privilegios. Los nuevos se pueden considerar peores pues se presentaron como regeneradores. S\u00f3lo les queda la ret\u00f3rica y la demagogia. No dieron para m\u00e1s. No pudieron o no quisieron intentar un cambio en el ejercicio pol\u00edtico, algo m\u00e1s honesto, digno y transparente. Se fueron por los caminos f\u00e1ciles: clientelismo y corporativismo. Son una nueva casta, rebosantes de privilegios, conservadores que ahora luchan para defender su estatus. Su esfuerzo principal gira en enga\u00f1ar a sus seguidores y a la ciudadan\u00eda de que algo est\u00e1n cambiando. Viven simulando. Sus altos niveles de inexperiencia, ignorancia y soberbia los lleva a ser obvios y dejar registro de sus abusos. Pronto se dar\u00e1n cuenta de sus errores y ver\u00e1n con relativo arrepentimiento la falla enorme de publicitar sus ocurrencias. Son de papel. En el gobierno estatal hay operadores, duchos en dar \u00f3rdenes y movilizar con el presupuesto; es una administraci\u00f3n de operadores; brillan por su ausencia las ideas y los pensantes. Cometen barbaridades y las celebran d\u00e1ndoles m\u00e1xima publicidad. Cuando tengan que competir en condiciones equitativas se ver\u00e1 su real tama\u00f1o.<\/p>\n\n\n\n<p>Del lado del Frente hay muchas inc\u00f3gnitas sobre el compromiso democr\u00e1tico de los tres partidos. Vienen de una casi total ausencia de auto cr\u00edtica, adem\u00e1s de su distancia y falta de compromiso con algunas de las principales causas de los mexicanos. Est\u00e1 por verse hasta donde tendr\u00e1n apertura con la ciudadan\u00eda y que ruta renovadora tomar\u00e1n para jugar un rol democr\u00e1tico con M\u00e9xico.<br>Recadito: es insoportable el saqueo de las gr\u00faas en Xalapa.<\/p>\n","protected":false},"excerpt":{"rendered":"<p>Uriel Flores Aguayo El pr\u00f3ximo a\u00f1o, en la elecci\u00f3n electoral federal , estar\u00e1 a votaci\u00f3n la continuidad u otra alternancia. Se optar\u00e1 por que se mantenga el partido Morena en el poder o que vuelvan los partidos agrupados en el Frente Amplio por M\u00e9xico. Se trata de dos visiones distantes en t\u00e9rminos de democracia y [&hellip;]<\/p>\n","protected":false},"author":2,"featured_media":0,"comment_status":"closed","ping_status":"closed","sticky":false,"template":"","format":"standard","meta":{"_jetpack_newsletter_access":"","_jetpack_dont_email_post_to_subs":false,"_jetpack_newsletter_tier_id":0,"_jetpack_memberships_contains_paywalled_content":false,"_jetpack_memberships_contains_paid_content":false,"footnotes":""},"categories":[70],"tags":[618,34103,1026],"class_list":["post-110545","post","type-post","status-publish","format-standard","hentry","category-de-opinion","tag-andres-manuel-lopez-obrador","tag-gruas-en-xalapa","tag-morena"],"jetpack_featured_media_url":"","jetpack_sharing_enabled":true,"jetpack_shortlink":"https:\/\/wp.me\/s4Qcd3-rescate","_links":{"self":[{"href":"https:\/\/lospoliticosveracruz.com.mx\/index.php?rest_route=\/wp\/v2\/posts\/110545","targetHints":{"allow":["GET"]}}],"collection":[{"href":"https:\/\/lospoliticosveracruz.com.mx\/index.php?rest_route=\/wp\/v2\/posts"}],"about":[{"href":"https:\/\/lospoliticosveracruz.com.mx\/index.php?rest_route=\/wp\/v2\/types\/post"}],"author":[{"embeddable":true,"href":"https:\/\/lospoliticosveracruz.com.mx\/index.php?rest_route=\/wp\/v2\/users\/2"}],"replies":[{"embeddable":true,"href":"https:\/\/lospoliticosveracruz.com.mx\/index.php?rest_route=%2Fwp%2Fv2%2Fcomments&post=110545"}],"version-history":[{"count":1,"href":"https:\/\/lospoliticosveracruz.com.mx\/index.php?rest_route=\/wp\/v2\/posts\/110545\/revisions"}],"predecessor-version":[{"id":110546,"href":"https:\/\/lospoliticosveracruz.com.mx\/index.php?rest_route=\/wp\/v2\/posts\/110545\/revisions\/110546"}],"wp:attachment":[{"href":"https:\/\/lospoliticosveracruz.com.mx\/index.php?rest_route=%2Fwp%2Fv2%2Fmedia&parent=110545"}],"wp:term":[{"taxonomy":"category","embeddable":true,"href":"https:\/\/lospoliticosveracruz.com.mx\/index.php?rest_route=%2Fwp%2Fv2%2Fcategories&post=110545"},{"taxonomy":"post_tag","embeddable":true,"href":"https:\/\/lospoliticosveracruz.com.mx\/index.php?rest_route=%2Fwp%2Fv2%2Ftags&post=110545"}],"curies":[{"name":"wp","href":"https:\/\/api.w.org\/{rel}","templated":true}]}}