{"id":110631,"date":"2023-08-25T15:52:51","date_gmt":"2023-08-25T20:52:51","guid":{"rendered":"https:\/\/lospoliticosveracruz.com.mx\/?p=110631"},"modified":"2023-08-25T15:52:56","modified_gmt":"2023-08-25T20:52:56","slug":"la-sociedad-va-a-elegir-a-la-candidata","status":"publish","type":"post","link":"https:\/\/lospoliticosveracruz.com.mx\/?p=110631","title":{"rendered":"LA SOCIEDAD VA A ELEGIR A LA CANDIDATA!"},"content":{"rendered":"\n<p><\/p>\n\n\n\n<p><strong>Veracruz<\/strong><br>La sociedad ser\u00e1 quien decida el resultado y elija a quien coordine el Frente Amplio por M\u00e9xico (FAM), en el PRI estamos conscientes, y vamos a apoyar con todo, organiz\u00e1ndonos y prepar\u00e1ndonos para ir posteriormente, a una contienda presidencial en la que sabemos el aparato del Estado estar\u00e1 con toda su fuerza y recursos p\u00fablicos persiguiendo adversarios, afirm\u00f3 Carolina Viggiano Austria, secretaria general del CEN del PRI.<\/p>\n\n\n\n<p>En conferencia de prensa, en su visita a la entidad, puntualiz\u00f3 que las dos mujeres que compiten para coordinar el FAM, Beatriz Paredes, y X\u00f3chitl G\u00e1lvez, son mujeres maduras, mujeres hechas, pol\u00edticas con una formaci\u00f3n s\u00f3lida, \u201cy desde Palacio Nacional promueven una supuesta ruptura, pero ellos han intentado muchas veces fracturar, mientras tanto nosotros estamos unidos y enfrentando las distintas circunstancias\u201d.<\/p>\n\n\n\n<p>\u201cEstamos muy orgullosos de Beatriz Paredes, es una mujer que siempre nos hace quedar bien, es una mujer limpia, una mujer que durante toda su trayectoria nunca ha tenido un esc\u00e1ndalo, que tiene experiencia en la administraci\u00f3n p\u00fablica, como legisladora, como embajadora, diplom\u00e1tica, y fue gobernadora\u201d, expres\u00f3, acompa\u00f1ada de Marlon Ram\u00edrez Mar\u00edn, y Arianna Angeles Aguirre, presidente y secretaria general del CDE del PRI en Veracruz, y de Lorena Pi\u00f1\u00f3n Rivera, diputada federal.<\/p>\n\n\n\n<p>Carolina Viggiano, refiri\u00f3 que la diferencia entre lo que en Morena y en el oficialismo hacen, con lo que se hace en el FAM, es que \u201cnosotros lo hacemos abierto, y el 3 de septiembre, con un padr\u00f3n que se cerr\u00f3 el 20 de agosto se votar\u00e1 directamente por qui\u00e9n queremos que encabece el Frente, adem\u00e1s que se han realizado los foros; y en el caso de Morena, buscan continuidad, seguir sin medicamentos, con la estrategia de seguridad que tienen, promoviendo las energ\u00edas f\u00f3siles, porque si contradicen al gran elector, no van a ser candidatos, por eso no hay debates ni foros\u201d.<\/p>\n\n\n\n<p>Al responder la pregunta de reporteros, relativa a que Enrique Alfaro, gobernador de Jalisco y militante de Movimiento Ciudadano se una al FAM, record\u00f3 que siempre se ha invitado a este partido a participar en el Frente, y Enrique Alfaro ha demostrado valent\u00eda, ha enfrentado momentos dif\u00edciles, y es un hombre libre que decidir\u00e1 qu\u00e9 hacer.<\/p>\n\n\n\n<p>\u201cPensamos que la posici\u00f3n que est\u00e1 ocupando MC no ayuda al pa\u00eds, sino a Morena, al oficialismo, ya vimos que en Estado de M\u00e9xico se baj\u00f3 el candidato de MC, lo que permiti\u00f3 a Morena avanzar. Si Dante Delgado quiere conservar su registro y no le importa el pa\u00eds, se respeta, pero no se comparte, pero nunca hemos dejado de invitarlos\u201d, reiter\u00f3.<\/p>\n\n\n\n<p>Para concluir, detall\u00f3 que el PRI tiene sus propios tiempos internos, y hay temas como la construcci\u00f3n del Frente, la organizaci\u00f3n de la elecci\u00f3n del 3 de septiembre, el enrolamiento para obtener simpat\u00edas, adem\u00e1s de que est\u00e1 a punto de iniciar el proceso electoral federal, entre otros, que hacen complejo hacer renovaciones estatutarias en las dirigencias estatales, como es el caso de la dirigencia estatal en Veracruz, pero se revisar\u00e1 cada caso en los estados en los que habr\u00e1 elecci\u00f3n de gubernatura.<\/p>\n\n\n\n<p>\u201cVamos a poner en orden lo del Frente y luego se podr\u00e1 pasar a ver los estados que van a la gubernatura, y de eso dependen muchas cosas, porque queremos que en este partido, y ahora en el Frente, todos se sientan incluidos y representados, eso significa que una pieza no se mueve sola, es un tablero\u201d.<\/p>\n\n\n\n<p>Asimismo, minimiz\u00f3 que se d\u00e9 una desbandada, \u201ca veces hay gente que busca pretextos para irse, quisiera encontrar un pretexto para justificar que es oportunista, que es un traidor, que ya tiene pl\u00e1ticas con otros grupos; yo lo he vivido en otros estados de la rep\u00fablica, porque las cosas por las que se van se pueden arreglar, no es nada que no se pueda subsanar si se habla, en un partido pol\u00edtico como el nuestro siempre habr\u00e1 di\u00e1logo\u201d.<\/p>\n\n\n\n<p>La acompa\u00f1an tambi\u00e9n, en su gira de trabajo que incluye los municipios de Veracruz, Cuitl\u00e1huac y C\u00f3rdoba: Pedro Guti\u00e9rrez Guti\u00e9rrez, delegado del CEN del PRI en Veracruz; H\u00e9ctor Yunes Landa, ex legislador local y federal; Cirilo V\u00e1zquez Parissi, exalcalde de Cosoleacaque; Fernando Kuri Kuri, secretario de Acci\u00f3n Electoral del CDE; y Ram\u00f3n Alberto Reyes Viveros, secretario de Comunicaci\u00f3n Institucional y Estrategia del CDE.<\/p>\n\n\n\n<p>Adem\u00e1s, Claudia Ram\u00f3n Perea, secretaria de Asuntos Internacionales y Migratorios del CDE; Eliseo Islas Chagoya, secretario de Cultura del CDE; Yolanda Lagunes L\u00f3pez, presidenta del ONMPRI en Veracruz; Carlos Troncoso, presidente del Comit\u00e9 Municipal del PRI en Veracruz; as\u00ed como dirigentes de comit\u00e9s municipales, representantes de sectores, organizaciones, y de organismos especializados.<\/p>\n","protected":false},"excerpt":{"rendered":"<p>VeracruzLa sociedad ser\u00e1 quien decida el resultado y elija a quien coordine el Frente Amplio por M\u00e9xico (FAM), en el PRI estamos conscientes, y vamos a apoyar con todo, organiz\u00e1ndonos y prepar\u00e1ndonos para ir posteriormente, a una contienda presidencial en la que sabemos el aparato del Estado estar\u00e1 con toda su fuerza y recursos p\u00fablicos [&hellip;]<\/p>\n","protected":false},"author":2,"featured_media":0,"comment_status":"closed","ping_status":"closed","sticky":false,"template":"","format":"standard","meta":{"_jetpack_newsletter_access":"","_jetpack_dont_email_post_to_subs":false,"_jetpack_newsletter_tier_id":0,"_jetpack_memberships_contains_paywalled_content":false,"_jetpack_memberships_contains_paid_content":false,"footnotes":""},"categories":[73],"tags":[15340,26462,251],"class_list":["post-110631","post","type-post","status-publish","format-standard","hentry","category-de-boleto","tag-carolina-viggiano","tag-marlon-ramirez-2","tag-pri"],"jetpack_featured_media_url":"","jetpack_sharing_enabled":true,"jetpack_shortlink":"https:\/\/wp.me\/p4Qcd3-sMn","_links":{"self":[{"href":"https:\/\/lospoliticosveracruz.com.mx\/index.php?rest_route=\/wp\/v2\/posts\/110631","targetHints":{"allow":["GET"]}}],"collection":[{"href":"https:\/\/lospoliticosveracruz.com.mx\/index.php?rest_route=\/wp\/v2\/posts"}],"about":[{"href":"https:\/\/lospoliticosveracruz.com.mx\/index.php?rest_route=\/wp\/v2\/types\/post"}],"author":[{"embeddable":true,"href":"https:\/\/lospoliticosveracruz.com.mx\/index.php?rest_route=\/wp\/v2\/users\/2"}],"replies":[{"embeddable":true,"href":"https:\/\/lospoliticosveracruz.com.mx\/index.php?rest_route=%2Fwp%2Fv2%2Fcomments&post=110631"}],"version-history":[{"count":1,"href":"https:\/\/lospoliticosveracruz.com.mx\/index.php?rest_route=\/wp\/v2\/posts\/110631\/revisions"}],"predecessor-version":[{"id":110633,"href":"https:\/\/lospoliticosveracruz.com.mx\/index.php?rest_route=\/wp\/v2\/posts\/110631\/revisions\/110633"}],"wp:attachment":[{"href":"https:\/\/lospoliticosveracruz.com.mx\/index.php?rest_route=%2Fwp%2Fv2%2Fmedia&parent=110631"}],"wp:term":[{"taxonomy":"category","embeddable":true,"href":"https:\/\/lospoliticosveracruz.com.mx\/index.php?rest_route=%2Fwp%2Fv2%2Fcategories&post=110631"},{"taxonomy":"post_tag","embeddable":true,"href":"https:\/\/lospoliticosveracruz.com.mx\/index.php?rest_route=%2Fwp%2Fv2%2Ftags&post=110631"}],"curies":[{"name":"wp","href":"https:\/\/api.w.org\/{rel}","templated":true}]}}