{"id":110782,"date":"2023-08-30T08:40:00","date_gmt":"2023-08-30T13:40:00","guid":{"rendered":"https:\/\/lospoliticosveracruz.com.mx\/?p=110782"},"modified":"2023-08-29T12:54:28","modified_gmt":"2023-08-29T17:54:28","slug":"el-color-de-dante","status":"publish","type":"post","link":"https:\/\/lospoliticosveracruz.com.mx\/?p=110782","title":{"rendered":"EL COLOR DE DANTE"},"content":{"rendered":"\n<p><strong>Salvador Mu\u00f1oz<br><\/strong><em>Los Pol\u00edticos<\/em><\/p>\n\n\n\n<p>Movimiento Ciudadano tiene el prisma que requieran los ojos de quien lo vea\u2026<br>Para el Frente Amplio por M\u00e9xico, tiene tintes de traidor cada vez que el Naranja blande la idea de que este 2024, ha de participar solo y su alma en esas elecciones\u2026 o bien, hay un dejo de esperanza de que en un giro inesperado, as\u00ed como el que dio Enrique Alfaro contra su mismo partido, Movimiento Ciudadano fuera el cuarto aliado para confrontar al Sistema en el Poder\u2026<\/p>\n\n\n\n<figure class=\"wp-block-image size-large\"><a href=\"https:\/\/lospoliticosveracruz.com.mx\/wp-content\/uploads\/2016\/07\/Seguro-Julio-Cerecedo-2.jpg\"><img decoding=\"async\" src=\"https:\/\/lospoliticosveracruz.com.mx\/wp-content\/uploads\/2016\/07\/Seguro-Julio-Cerecedo-2-1024x381.jpg\" alt=\"\" class=\"wp-image-105879\"\/><\/a><\/figure>\n\n\n\n<p><br>S\u00ed, entonces Movimiento Ciudadano para el FAM tiene forma de bisagra, de esa bisagra que permita a la Oposici\u00f3n no s\u00f3lo hacer pareja la disputa por el poder, sino en una de \u00e9sas, arrebatarlo a quien hoy lo ostenta\u2026<br>Aunque tambi\u00e9n Movimiento Ciudadano para el FAM puede convertirse en el candado que eche abajo toda pretensi\u00f3n de un \u201ccambio democr\u00e1tico\u201d y llave de ese candado para que persista el \u201ccontinuismo autoritario\u201d\u2026<br>\u00bfQu\u00e9 estoy planteando? Un escenario simple, de blanco y negro donde no hay lugar para los medios tonos, en donde radica el pal\u00edndromo pol\u00edtico m\u00e1s radical que puede caber en estos d\u00edas de polarizaci\u00f3n generado por el Sistema en el Poder y por la Oposici\u00f3n: Somos o no somos.<br>Preciso: Ambos bandos, Sistema en el Poder y Oposici\u00f3n, s\u00f3lo cumplen con su papel en el lugar que les toca jugar\u2026 el primerO, hacer todo lo que sea necesario para mantenerse en el Poder; el segundo, hacer todo lo necesario para llegar al Poder. Ambos esgrimen argumentos v\u00e1lidos: El primero, un pasado corrupto; el segundo, un presente corrupto. Ambos tienen una consecuencia l\u00f3gica: Que el pasado no vuelva; que no se permita el continuismo.<br><em>\u00bfY cu\u00e1l es el papel de Movimiento Ciudadano?<br><\/em>Para hablar de Movimiento Ciudadano hay que hablar entonces de Dante Delgado Rannauro, amo y se\u00f1or de su partido.<br>Dante Delgado apuesta a ser la Tercera Opci\u00f3n con un esquema simple para el ciudadano com\u00fan que est\u00e1 desilusionado de quien le concedi\u00f3 la confianza en el 2018 pero que a la vez est\u00e1 decepcionado de quienes ya han ejercido el poder con o sin su voto antes del 2018\u2026<br>Dante juega sus cartas y viejo lobo de mar, pega donde duele con una frase simple: \u201cCon el PRI, ni a la esquina\u201d.<br>Para nadie es un secreto que el otrora partidazo sigue pagando la factura que endosaron sus representantes en la Silla Presidencial como en los gobiernos estatales\u2026<br>Dante sabe que no puede competir contra Morena, contra AMLO\u2026 pero tambi\u00e9n sabe que no puede competir contra el FAM\u2026<br>Pero lo que s\u00ed sabe Dante es que puede ganar los votos de quienes no quieren a un PAN aliado con el PRI\u2026 o los votos de quienes ven a Morena como un \u201cSimi\u201d: lo mismo que los otros, pero m\u00e1s barato\u2026<br>Lo que tambi\u00e9n sabe Dante es que yendo solo, \u00fanicamente un milagro, un hecho extraordinario, un \u201cBorgen\u201d (parece que le gusta mucho esa serie) lo llevar\u00eda al Poder\u2026 siendo pragm\u00e1ticos, a lo que apuesta Dante es a dos cosas y aunque suene feo:<br>1.- Cachar los votos de esos ciudadanos que no quieren nada de los que ya gobernaron ni de los que gobiernan, que no se enfrascan en la polarizaci\u00f3n, que podr\u00edan darle un voto de confianza a una nueva opci\u00f3n\u2026<br>2.- A que con su candidato, quien sea, quiz\u00e1s hasta Ivonne Ortega para estar a tono con las mujeres, incremente su porcentaje de votos porque es claro que en alianza, el tache en la boleta favorece m\u00e1s al partido que abandera al candidato que a los aliados\u2026 Cuesti\u00f3n de checar c\u00f3mo les fue en el 2018 a los aliados de \u201cPor M\u00e9xico al Frente\u201d o de \u201cJuntos Haremos Historia\u201d o \u201cTodos por M\u00e9xico\u201d\u2026<br>As\u00ed las cosas, para el FAM, para Morena, para AMLO, para quien sea, Movimiento Ciudadano tiene m\u00e1s colores que los que a simple vista nos puede mostrar\u2026 para Dante, s\u00f3lo hay uno: el color de la victoria, a sabiendas de que a veces perdiendo, se puede ganar\u2026 al tiempo.<\/p>\n","protected":false},"excerpt":{"rendered":"<p>Salvador Mu\u00f1ozLos Pol\u00edticos Movimiento Ciudadano tiene el prisma que requieran los ojos de quien lo vea\u2026Para el Frente Amplio por M\u00e9xico, tiene tintes de traidor cada vez que el Naranja blande la idea de que este 2024, ha de participar solo y su alma en esas elecciones\u2026 o bien, hay un dejo de esperanza de [&hellip;]<\/p>\n","protected":false},"author":2,"featured_media":0,"comment_status":"closed","ping_status":"closed","sticky":false,"template":"","format":"standard","meta":{"_jetpack_newsletter_access":"","_jetpack_dont_email_post_to_subs":false,"_jetpack_newsletter_tier_id":0,"_jetpack_memberships_contains_paywalled_content":false,"_jetpack_memberships_contains_paid_content":false,"footnotes":""},"categories":[70],"tags":[618,1006,9841,38524,5176,2327],"class_list":["post-110782","post","type-post","status-publish","format-standard","hentry","category-de-opinion","tag-andres-manuel-lopez-obrador","tag-dante-delgado-rannauro","tag-enrique-alfaro","tag-frente-amplio-por-mexico","tag-ivonne-ortega","tag-movimiento-ciudadano"],"jetpack_featured_media_url":"","jetpack_sharing_enabled":true,"jetpack_shortlink":"https:\/\/wp.me\/p4Qcd3-sOO","_links":{"self":[{"href":"https:\/\/lospoliticosveracruz.com.mx\/index.php?rest_route=\/wp\/v2\/posts\/110782","targetHints":{"allow":["GET"]}}],"collection":[{"href":"https:\/\/lospoliticosveracruz.com.mx\/index.php?rest_route=\/wp\/v2\/posts"}],"about":[{"href":"https:\/\/lospoliticosveracruz.com.mx\/index.php?rest_route=\/wp\/v2\/types\/post"}],"author":[{"embeddable":true,"href":"https:\/\/lospoliticosveracruz.com.mx\/index.php?rest_route=\/wp\/v2\/users\/2"}],"replies":[{"embeddable":true,"href":"https:\/\/lospoliticosveracruz.com.mx\/index.php?rest_route=%2Fwp%2Fv2%2Fcomments&post=110782"}],"version-history":[{"count":1,"href":"https:\/\/lospoliticosveracruz.com.mx\/index.php?rest_route=\/wp\/v2\/posts\/110782\/revisions"}],"predecessor-version":[{"id":110783,"href":"https:\/\/lospoliticosveracruz.com.mx\/index.php?rest_route=\/wp\/v2\/posts\/110782\/revisions\/110783"}],"wp:attachment":[{"href":"https:\/\/lospoliticosveracruz.com.mx\/index.php?rest_route=%2Fwp%2Fv2%2Fmedia&parent=110782"}],"wp:term":[{"taxonomy":"category","embeddable":true,"href":"https:\/\/lospoliticosveracruz.com.mx\/index.php?rest_route=%2Fwp%2Fv2%2Fcategories&post=110782"},{"taxonomy":"post_tag","embeddable":true,"href":"https:\/\/lospoliticosveracruz.com.mx\/index.php?rest_route=%2Fwp%2Fv2%2Ftags&post=110782"}],"curies":[{"name":"wp","href":"https:\/\/api.w.org\/{rel}","templated":true}]}}