{"id":111361,"date":"2023-09-11T08:49:02","date_gmt":"2023-09-11T13:49:02","guid":{"rendered":"https:\/\/lospoliticosveracruz.com.mx\/?p=111361"},"modified":"2023-09-11T08:49:07","modified_gmt":"2023-09-11T13:49:07","slug":"marcelo-un-jarron-que-nadie-sabe-donde-poner","status":"publish","type":"post","link":"https:\/\/lospoliticosveracruz.com.mx\/?p=111361","title":{"rendered":"MARCELO, UN JARR\u00d3N QUE NADIE SABE D\u00d3NDE PONER"},"content":{"rendered":"\n<p><strong>Bernardo Guti\u00e9rrez Parra<br><\/strong><em>Desde el Caf\u00e9<\/em><\/p>\n\n\n\n<p>Treinta a\u00f1os despu\u00e9s de que su jefe y mentor Manuel Camacho Sol\u00eds hiciera un berrinche porque no lo eligieron candidato a la presidencia de la Rep\u00fablica, Marcelo Ebrard repiti\u00f3 el numerito con p\u00e9simos resultados. Y es que en contrapunto con Camacho que a pesar de su exabrupto tuvo la esperanza de una segunda oportunidad, sobre todo como Comisionado para la paz en Chiapas, Ebrard no tiene nada; nada de nada.<\/p>\n\n\n\n<figure class=\"wp-block-image size-large\"><a href=\"https:\/\/lospoliticosveracruz.com.mx\/wp-content\/uploads\/2016\/07\/Seguro-Julio-Cerecedo-2.jpg\"><img decoding=\"async\" src=\"https:\/\/lospoliticosveracruz.com.mx\/wp-content\/uploads\/2016\/07\/Seguro-Julio-Cerecedo-2-1024x381.jpg\" alt=\"\" class=\"wp-image-105879\"\/><\/a><\/figure>\n\n\n\n<p>Algunos analistas han aventurado que el ex canciller no debi\u00f3 sulfurarse de esa manera porque aunque se quede en Morena, se margin\u00f3 de una hipot\u00e9tica segunda oportunidad. Y es que como a\u00fan faltan dos meses y medio para que la candidatura de Claudia Sheinbaum se haga oficial, pudiera ser que en ese tiempo L\u00f3pez Obrador cambie de opini\u00f3n y lo nombre candidato sustituto.<\/p>\n\n\n\n<p>Uta, optimistas los analistas.<\/p>\n\n\n\n<p>Suponiendo sin conceder que Marcelo hubiera aceptado el resultado de las encuestas y le hubiera levantado la mano a Claudia, ni as\u00ed ser\u00e1 candidato en caso de que la ex jefa de gobierno amanezca con dolor de est\u00f3mago y diga que siempre no le entra a la contienda.<\/p>\n\n\n\n<p>Si la candidatura de la se\u00f1ora no prende, si no levanta ni entusiasma, si pone en riesgo la continuidad de la 4T, L\u00f3pez Obrador recurrir\u00e1 a quien sea menos a Marcelo. Y para eso tiene varias cartas; en primer lugar est\u00e1 Ad\u00e1n Augusto L\u00f3pez y en \u00faltimo Ricardo Monreal de quien desconf\u00eda, aunque no tanto como de Marcelo.<\/p>\n\n\n\n<p>Para acabar pronto lector, puede que sean candidatos Cuitl\u00e1huac Garc\u00eda o Juanito, pero no Marcelo.<\/p>\n\n\n\n<p>Ayer por la tarde un analista dijo que la clase pol\u00edtica \u201cse mantiene en vilo\u201d pues la decisi\u00f3n que tome hoy lunes el ex canciller puede incidir en la disputa por la presidencia del pr\u00f3ximo a\u00f1o.<\/p>\n\n\n\n<p><strong>\u00bfY qu\u00e9 dir\u00e1 Marcelo?<\/strong><\/p>\n\n\n\n<p>Uno, que se va de Morena lo que ya sab\u00edamos porque lo dijo a Ciro G\u00f3mez Leyva la semana anterior. Esto pondr\u00e1 felices a los morenos puros que siempre lo han visto como un advenedizo y se le van a ir encima con todo.<\/p>\n\n\n\n<p>Dos, que se queda en Morena, lo que lo dejar\u00e1 en calidad de jarr\u00f3n viejo ya que Claudia Sheinbaum no lo querr\u00e1 ni como matraquero en su campa\u00f1a y la c\u00fapula del partido no sabr\u00e1 d\u00f3nde ponerlo.<\/p>\n\n\n\n<p>Tres, que se va como candidato a Movimiento Ciudadano lo que pondr\u00e1 feliz a Andr\u00e9s Manuel ya que si bien es cierto que un voto por Marcelo ser\u00e1 uno menos para Claudia; a quien verdaderamente afectar\u00e1 con esta decisi\u00f3n ser\u00e1 a X\u00f3chitl G\u00e1lvez, la candidata del Frente Amplio, que va a necesitar como agua necesita un sediento cada voto de los que obtenga Marcelo.<\/p>\n\n\n\n<p>Cuatro. Ofrecer\u00e1 sus servicios a la oposici\u00f3n lo que provocar\u00e1 un rompimiento con L\u00f3pez Obrador que como contestaci\u00f3n, desempolvar\u00e1 su expediente sobre la L\u00ednea 12 del Metro y es capaz de mandarlo guardar unos meses en un reclusorio.<\/p>\n\n\n\n<p>Quinto. Anunciar\u00e1 que recurrir\u00e1 a los tribunales nacionales e internacionales para que se repitan las encuestas, lo que provocar\u00e1 risas en el extranjero y carcajadas ac\u00e1 de este lado.<\/p>\n\n\n\n<p>Sexto. Quiz\u00e1 salga con el rollo de que sembrar\u00e1 para el futuro, es decir, para el 2030. En el papel la idea lucir\u00e1 bien y se ver\u00e1 muy bonita. Pero es demasiado ut\u00f3pica para un sujeto con 63 a\u00f1os a cuestas.<\/p>\n\n\n\n<p>En resumen; si Marcelo se queda en Morena, malo. Si se va de Morena, peor. Si va con MC por la presidencia jam\u00e1s ganar\u00e1 y ser\u00e1 un traidor para el Frente Amplio por M\u00e9xico. Si se va al FAM ser\u00e1 un traidor para Morena y L\u00f3pez Obrador. Que le robaron la elecci\u00f3n, eso es definitivo, que le har\u00e1n caso en los tribunales sobre todo en los nacionales, eso es de risa loca.<\/p>\n\n\n\n<p>A contrapelo de Manuel Camacho que se ilusion\u00f3 por su cuenta porque nadie le dijo que ser\u00eda candidato a la presidencia, Marcelo s\u00ed crey\u00f3 en Andr\u00e9s Manuel que lo enga\u00f1\u00f3 hasta la saciedad y en el pecado llev\u00f3 la penitencia.<\/p>\n\n\n\n<p>Lo que har\u00e1 hoy ser\u00e1 anunciar con mucho bombo su \u00faltima, pen\u00faltima o antepen\u00faltima alharaca medi\u00e1tica antes de pasar definitivamente al ostracismo. Porque, pobrecito\u2026 \u00bfacaso alguien le ve futuro pol\u00edtico?<\/p>\n\n\n\n<p><strong>El gris liderazgo de Ram\u00edrez Zepeta<\/strong><\/p>\n\n\n\n<p>Lo que comenz\u00f3 como un trascendido ha cobrado fuerza y ya no es un secreto que Esteban Ram\u00edrez Zepeta se ha convertido en una aut\u00e9ntica calamidad, porque lejos de hacer la chamba para la que fue designado, privilegia las fiestas, se pega mucho a la botella y pasado de tragos le da por ventilar asuntos de su vida privada, cosa que no tendr\u00eda la menor importancia de no ser porque el se\u00f1or es dirigente estatal de Morena y tiene abandonado tanto a su partido como a la militancia.<\/p>\n\n\n\n<p>Esteban tiene diversos se\u00f1alamientos por esc\u00e1ndalos que lo han llevado a perder su calidad moral (si es que alguna vez la tuvo) y el respeto de amigos, compa\u00f1eros y militantes del partido guinda ya que no ha tomado en serio la encomienda que los veracruzanos de Morena le han encargado. \u201cEl trabajo que debe realizar ha brillado por su ausencia ya que ni recorre el estado visitando la estructura del partido, ni se preocupa por los problemas de la militancia, ni siquiera hace un llamado a la unidad en estos momentos en que m\u00e1s lo necesitamos\u201d es la queja.<\/p>\n\n\n\n<p>Lo que es un hecho no s\u00f3lo para los morenos, sino para la clase pol\u00edtica veracruzana, es que Ram\u00edrez Zepeta ha tenido una gesti\u00f3n gris como dirigente de Morena y su trabajo (es un decir) ha pasado sin pena ni gloria.<\/p>\n\n\n\n<p>Las divisiones al interior del partido son cada vez m\u00e1s frecuentes y han escalado hasta Palacio de Gobierno, por lo que es urgente que el gobernador Cuitl\u00e1huac Garc\u00eda ponga orden, de lo contrario la operaci\u00f3n rumbo al 2024 est\u00e1 condenada al fracaso.<\/p>\n\n\n\n<p>Morena en Veracruz necesita una figura con liderazgo que d\u00e9 continuidad al proceso de transformaci\u00f3n y lleve por buen camino al partido.<\/p>\n\n\n\n<p>Por lo anterior, la militancia de Morena le est\u00e1 pidiendo a Ram\u00edrez Zepeta que act\u00fae con congruencia y renuncie a la dirigencia. Su desgaste pol\u00edtico ha sido notorio y lo que est\u00e1 esperando la militancia es que una vez que Claudia Sheinbaum sea elegida candidata presidencial, venga un reacomodo al interior de Morena en Veracruz.<\/p>\n\n\n\n<p>bernardogup@hotmail.com<\/p>\n","protected":false},"excerpt":{"rendered":"<p>Bernardo Guti\u00e9rrez ParraDesde el Caf\u00e9 Treinta a\u00f1os despu\u00e9s de que su jefe y mentor Manuel Camacho Sol\u00eds hiciera un berrinche porque no lo eligieron candidato a la presidencia de la Rep\u00fablica, Marcelo Ebrard repiti\u00f3 el numerito con p\u00e9simos resultados. Y es que en contrapunto con Camacho que a pesar de su exabrupto tuvo la esperanza [&hellip;]<\/p>\n","protected":false},"author":2,"featured_media":0,"comment_status":"closed","ping_status":"closed","sticky":false,"template":"","format":"standard","meta":{"_jetpack_newsletter_access":"","_jetpack_dont_email_post_to_subs":false,"_jetpack_newsletter_tier_id":0,"_jetpack_memberships_contains_paywalled_content":false,"_jetpack_memberships_contains_paid_content":false,"footnotes":""},"categories":[70],"tags":[618,34206,17053,14703,1026,20351,195],"class_list":["post-111361","post","type-post","status-publish","format-standard","hentry","category-de-opinion","tag-andres-manuel-lopez-obrador","tag-bernardo-gutierrez-parra","tag-esteban-ramirez-zepeta","tag-marcelo-ebrard","tag-morena","tag-morena-en-veracruz","tag-veracruz"],"jetpack_featured_media_url":"","jetpack_sharing_enabled":true,"jetpack_shortlink":"https:\/\/wp.me\/p4Qcd3-sY9","_links":{"self":[{"href":"https:\/\/lospoliticosveracruz.com.mx\/index.php?rest_route=\/wp\/v2\/posts\/111361","targetHints":{"allow":["GET"]}}],"collection":[{"href":"https:\/\/lospoliticosveracruz.com.mx\/index.php?rest_route=\/wp\/v2\/posts"}],"about":[{"href":"https:\/\/lospoliticosveracruz.com.mx\/index.php?rest_route=\/wp\/v2\/types\/post"}],"author":[{"embeddable":true,"href":"https:\/\/lospoliticosveracruz.com.mx\/index.php?rest_route=\/wp\/v2\/users\/2"}],"replies":[{"embeddable":true,"href":"https:\/\/lospoliticosveracruz.com.mx\/index.php?rest_route=%2Fwp%2Fv2%2Fcomments&post=111361"}],"version-history":[{"count":1,"href":"https:\/\/lospoliticosveracruz.com.mx\/index.php?rest_route=\/wp\/v2\/posts\/111361\/revisions"}],"predecessor-version":[{"id":111362,"href":"https:\/\/lospoliticosveracruz.com.mx\/index.php?rest_route=\/wp\/v2\/posts\/111361\/revisions\/111362"}],"wp:attachment":[{"href":"https:\/\/lospoliticosveracruz.com.mx\/index.php?rest_route=%2Fwp%2Fv2%2Fmedia&parent=111361"}],"wp:term":[{"taxonomy":"category","embeddable":true,"href":"https:\/\/lospoliticosveracruz.com.mx\/index.php?rest_route=%2Fwp%2Fv2%2Fcategories&post=111361"},{"taxonomy":"post_tag","embeddable":true,"href":"https:\/\/lospoliticosveracruz.com.mx\/index.php?rest_route=%2Fwp%2Fv2%2Ftags&post=111361"}],"curies":[{"name":"wp","href":"https:\/\/api.w.org\/{rel}","templated":true}]}}