{"id":111380,"date":"2023-09-11T10:53:38","date_gmt":"2023-09-11T15:53:38","guid":{"rendered":"https:\/\/lospoliticosveracruz.com.mx\/?p=111380"},"modified":"2023-09-11T10:53:42","modified_gmt":"2023-09-11T15:53:42","slug":"el-valor-de-marcelo","status":"publish","type":"post","link":"https:\/\/lospoliticosveracruz.com.mx\/?p=111380","title":{"rendered":"EL VALOR DE MARCELO"},"content":{"rendered":"\n<p><strong>Ignacio \u00c1lvarez<br><\/strong><em>Pluma Negra<\/em><\/p>\n\n\n\n<p>Marcelo Ebrard Casaub\u00f3n todav\u00eda es una piedra en el zapato dentro de Morena, pero tambi\u00e9n corre el riesgo de la autodevaluaci\u00f3n en la organizaci\u00f3n pol\u00edtica de sus sue\u00f1os. El ex canciller se encuentra atrapado en su decisi\u00f3n pol\u00edtica que hoy deber\u00e1 definir y que solo tiene dos opciones; aceptar la designaci\u00f3n de Claudia Sheimbaum y al Presidente como el jefe vigente de Morena o apoyar a la oposici\u00f3n para despedir a la 4T. Una tercera opci\u00f3n es una candidatura solitaria para enterrar su carrera pol\u00edtica.<\/p>\n\n\n<div class=\"wp-block-image\">\n<figure class=\"alignleft size-medium\"><a href=\"https:\/\/lospoliticosveracruz.com.mx\/wp-content\/uploads\/2021\/10\/WhatsApp-Image-2021-10-02-at-15.20.25.jpeg\"><img loading=\"lazy\" decoding=\"async\" width=\"212\" height=\"300\" src=\"https:\/\/lospoliticosveracruz.com.mx\/wp-content\/uploads\/2021\/10\/WhatsApp-Image-2021-10-02-at-15.20.25-212x300.jpeg\" alt=\"\" class=\"wp-image-80177\" srcset=\"https:\/\/lospoliticosveracruz.com.mx\/wp-content\/uploads\/2021\/10\/WhatsApp-Image-2021-10-02-at-15.20.25-212x300.jpeg 212w, https:\/\/lospoliticosveracruz.com.mx\/wp-content\/uploads\/2021\/10\/WhatsApp-Image-2021-10-02-at-15.20.25-724x1024.jpeg 724w, https:\/\/lospoliticosveracruz.com.mx\/wp-content\/uploads\/2021\/10\/WhatsApp-Image-2021-10-02-at-15.20.25-768x1086.jpeg 768w, https:\/\/lospoliticosveracruz.com.mx\/wp-content\/uploads\/2021\/10\/WhatsApp-Image-2021-10-02-at-15.20.25.jpeg 905w\" sizes=\"auto, (max-width: 212px) 100vw, 212px\" \/><\/a><\/figure><\/div>\n\n\n<p>Anoche entreg\u00f3 su impugnaci\u00f3n ante la Comisi\u00f3n Nacional de Honestidad y Justicia de Morena para exigir la reposici\u00f3n del proceso interno, a sabiendas de que eso no es posible en la 4T. Marcelo Ebrard fue el \u00fanico que crey\u00f3 en el proceso interno limpio, las dem\u00e1s corcholatas sab\u00edan a qu\u00e9 jugaban y al igual que en el viejo PRI han acudido sumisos al besamanos con la candidata.<\/p>\n\n\n\n<p>El ex canciller valora su condici\u00f3n de rebelde, en Morena no hay mucho de inter\u00e9s para \u00e9l, alinearse con su ex jefe, el presidente, devaluar\u00eda su capital; adem\u00e1s de que muchos de sus seguidores ya lo abandonaron, por ejemplo en Veracruz, sus promotores ya presumen fotos con Claudia.<\/p>\n\n\n\n<p>Este lunes, Marcelo Ebrard debe asestar un golpe pol\u00edtico y medi\u00e1tico de gran fuerza, demostrar su Independencia y autonom\u00eda que presumi\u00f3 en los \u00faltimos a\u00f1os para ser un factor inteligente de cambio o sumarse y sumirse en las corrientes sucesorias de Morena, que \u00e9l mismo califica como turbias.<\/p>\n\n\n\n<p>El valor de Marcelo Ebrard no es poco, ocup\u00f3 en las encuestas oficiales de Morena el segundo lugar, en una realidad oculta pudo haber ganado; adem\u00e1s es quien mantuvo la relaci\u00f3n diplom\u00e1tica y en paz con los Estados Unidos y el \u00fanico con valor para tratar de hacer efectivo el discurso democr\u00e1tico de Morena.<\/p>\n\n\n\n<p>Este lunes, Ebrard est\u00e1 a punto de tomar una decisi\u00f3n importante en su vida pol\u00edtica, ser obediente con el Presidente y obedecer la instrucci\u00f3n p\u00fablica de la ma\u00f1anera o demostrar que tiene capacidad para defender lo que piensa.<\/p>\n","protected":false},"excerpt":{"rendered":"<p>Ignacio \u00c1lvarezPluma Negra Marcelo Ebrard Casaub\u00f3n todav\u00eda es una piedra en el zapato dentro de Morena, pero tambi\u00e9n corre el riesgo de la autodevaluaci\u00f3n en la organizaci\u00f3n pol\u00edtica de sus sue\u00f1os. El ex canciller se encuentra atrapado en su decisi\u00f3n pol\u00edtica que hoy deber\u00e1 definir y que solo tiene dos opciones; aceptar la designaci\u00f3n de [&hellip;]<\/p>\n","protected":false},"author":2,"featured_media":0,"comment_status":"closed","ping_status":"closed","sticky":false,"template":"","format":"standard","meta":{"_jetpack_newsletter_access":"","_jetpack_dont_email_post_to_subs":false,"_jetpack_newsletter_tier_id":0,"_jetpack_memberships_contains_paywalled_content":false,"_jetpack_memberships_contains_paid_content":false,"footnotes":""},"categories":[70],"tags":[14655,30968,15105,1026],"class_list":["post-111380","post","type-post","status-publish","format-standard","hentry","category-de-opinion","tag-claudia-sheimbaum","tag-ignacio-alvarez-2","tag-marcelo-ebrard-casaubon","tag-morena"],"jetpack_featured_media_url":"","jetpack_sharing_enabled":true,"jetpack_shortlink":"https:\/\/wp.me\/p4Qcd3-sYs","_links":{"self":[{"href":"https:\/\/lospoliticosveracruz.com.mx\/index.php?rest_route=\/wp\/v2\/posts\/111380","targetHints":{"allow":["GET"]}}],"collection":[{"href":"https:\/\/lospoliticosveracruz.com.mx\/index.php?rest_route=\/wp\/v2\/posts"}],"about":[{"href":"https:\/\/lospoliticosveracruz.com.mx\/index.php?rest_route=\/wp\/v2\/types\/post"}],"author":[{"embeddable":true,"href":"https:\/\/lospoliticosveracruz.com.mx\/index.php?rest_route=\/wp\/v2\/users\/2"}],"replies":[{"embeddable":true,"href":"https:\/\/lospoliticosveracruz.com.mx\/index.php?rest_route=%2Fwp%2Fv2%2Fcomments&post=111380"}],"version-history":[{"count":1,"href":"https:\/\/lospoliticosveracruz.com.mx\/index.php?rest_route=\/wp\/v2\/posts\/111380\/revisions"}],"predecessor-version":[{"id":111381,"href":"https:\/\/lospoliticosveracruz.com.mx\/index.php?rest_route=\/wp\/v2\/posts\/111380\/revisions\/111381"}],"wp:attachment":[{"href":"https:\/\/lospoliticosveracruz.com.mx\/index.php?rest_route=%2Fwp%2Fv2%2Fmedia&parent=111380"}],"wp:term":[{"taxonomy":"category","embeddable":true,"href":"https:\/\/lospoliticosveracruz.com.mx\/index.php?rest_route=%2Fwp%2Fv2%2Fcategories&post=111380"},{"taxonomy":"post_tag","embeddable":true,"href":"https:\/\/lospoliticosveracruz.com.mx\/index.php?rest_route=%2Fwp%2Fv2%2Ftags&post=111380"}],"curies":[{"name":"wp","href":"https:\/\/api.w.org\/{rel}","templated":true}]}}