{"id":111409,"date":"2023-09-11T17:34:12","date_gmt":"2023-09-11T22:34:12","guid":{"rendered":"https:\/\/lospoliticosveracruz.com.mx\/?p=111409"},"modified":"2023-09-11T17:34:21","modified_gmt":"2023-09-11T22:34:21","slug":"en-franca-rebeldia-el-sur-de-veracruz","status":"publish","type":"post","link":"https:\/\/lospoliticosveracruz.com.mx\/?p=111409","title":{"rendered":"EN FRANCA REBELD\u00cdA EL SUR DE VERACRUZ"},"content":{"rendered":"\n<p><strong>Vicente Luna Hern\u00e1ndez<\/strong><\/p>\n\n\n\n<p>Viv\u00edamos al tope nuestras vidas\/ de cara al mundo en franca rebeld\u00eda\/ t\u00fa eres algo para siempre\/ t\u00fa eres algo para siempre\/ hacia el sur\/ al sur\u2026 \u00c9xito de Magneto.<\/p>\n\n\n<div class=\"wp-block-image\">\n<figure class=\"alignleft size-full is-resized\"><a href=\"https:\/\/lospoliticosveracruz.com.mx\/wp-content\/uploads\/2023\/02\/Vinissimo.jpg\"><img loading=\"lazy\" decoding=\"async\" src=\"https:\/\/lospoliticosveracruz.com.mx\/wp-content\/uploads\/2023\/02\/Vinissimo.jpg\" alt=\"\" class=\"wp-image-102752\" width=\"175\" height=\"178\"\/><\/a><\/figure><\/div>\n\n\n<p>En la elecci\u00f3n para gobernador de Veracruz entre Miguel \u00c1ngel Yunes Linares y Javier Duarte, el PAN gan\u00f3 toda la zona norte, parte del centro incluidos Veracruz puerto y Boca del Rio, sin embargo, con el respaldo mayoritario del sur, el PRI gan\u00f3 la elecci\u00f3n, Duarte gobernador y la historia de lo que pas\u00f3\u2026todo Veracruz la sabe.<\/p>\n\n\n\n<p>En el 2016 de nuevo el PAN gan\u00f3 la zona norte y el sur fue disputado entre Morena y el PRI, gan\u00f3 el PAN y la historia todo Veracruz la sabe.<\/p>\n\n\n\n<p>En el 2018 de nuevo el PAN gana la zona norte, centro incluidos Veracruz puerto y Boca del Rio pero el sur se va con Morena y gracias a ello, Cuitl\u00e1huac hoy es gobernador del Estado, la historia todo Veracruz la sabe y a\u00fan falta por escribir un poco m\u00e1s, lo cierto es que si AMLO no hubiese sido candidato presidencial, el PAN fuera gobierno y nadie sabe c\u00f3mo estar\u00eda Veracruz.<\/p>\n\n\n\n<p>\u00bfQu\u00e9 partido tiene mayor presencia en la zona sur? \u00bfQu\u00e9 aspirante tiene mayor presencia en la zona sur? \u00bfC\u00f3mo le ha ido al sur bajo el gobierno de Cuitl\u00e1huac Garc\u00eda Jim\u00e9nez? \u00bfLos mayores beneficiados del poder del PRI y del poder del PAN a\u00fan militan en esos partidos? \u00bfCuantos actores pol\u00edticos de ayer, probables corruptos, neoliberales, conservadores, aspiracionistas, ostentosos, traidores a la confianza ciudadana de ayer, hoy son principales operadores de morena en el sur? \u00bfEn serio creen que a la gente ya se les olvido su fracaso como gobernantes o servidores p\u00fablicos?<\/p>\n\n\n\n<p>M\u00e1s all\u00e1 de las simpat\u00edas partidistas y del respaldo a una o a un aspirante, es necesario que surjan nuevos liderazgos sociales en la regi\u00f3n, es necesario que hombres y mujeres de manera organizada impulsen proyectos de beneficio colectivo y los temas de inter\u00e9s de sus respectivas comunidades sean tema de debate y temas de campa\u00f1a de manera permanente, es hora que la ciudadan\u00eda de la zona sur \u2013 tan rica en recursos naturales pero tan pobre en obra p\u00fablica \u2013 se manifieste de manera p\u00fablica y eleve la voz para se\u00f1alar las principales demandas de todos los sectores sociales de la zona, \u00bfhoy qui\u00e9n puede presumir tener el basti\u00f3n electoral de la zona sur a su favor? No se a\u00f1oran a los de ayer pero tampoco se extra\u00f1ar\u00e1n a los de hoy, seguro hay ciudadanos valiosos que tienen mucho que aportar a favor de sus respectivas comunidades.<\/p>\n\n\n\n<p>\u00bfEn serio es cierto que los del norte de Veracruz se sienten de Tamaulipas y hoy los del sur se sienten de Tabasco? \u00bfSer\u00e1n los petroleros de nuevo factor de poder pol\u00edtico y econ\u00f3mico como eran ayer? \u00bfSe puede presumir hoy que las dirigencia sindicales tienen el mismo control de ayer? \u00bfY los ganaderos? \u00bfLos peque\u00f1os comerciantes? \u00bfEl magisterio? \u00bfLos transportistas? \u00bfLos universitarios? \u00bfLas mujeres? \u00bfAcaso no es la hora que los que ayer callaron hoy alcen la voz? Lo cierto es que no hay que confiar en las dirigencias estatales de cualquier sector productivo, la \u00e9lite de l\u00edderes caminan para un lado y la militancia camina para otro.<\/p>\n\n\n\n<p>En el sur de Veracruz pasa lo que sucede en la zona de los Tuxtlas y Llanos del Sotavento, se habla mucho de ellos pero se les atiende muy poco, est\u00e1n en los discursos pero no en los hechos, zonas que tuvieron liderazgos fuertes pero hoy deambulan de manera d\u00e9bil bajo las faldas del partido en el poder, pol\u00edticos que se enriquecieron con la derecha y hoy enarbolan una bandera guinda con la mano izquierda, al cambiar de camiseta, \u00bf Son los corruptos lobos de ayer los inocentes corderos de hoy? \u00bfQui\u00e9n los purific\u00f3?<\/p>\n\n\n\n<p>Tanto en el Frente Amplio por M\u00e9xico como en la Alianza Juntos Haremos Historia seguro que hay cabida para todas y todos, \u00bfqui\u00e9n se reserva el derecho de admisi\u00f3n? \u00bfEl corrupto de ayer se lav\u00f3 la cara al hacer aportaciones econ\u00f3micas hoy?\u00bf que pensaran X\u00f3chitl y Claudia en su momento? \u00bf votos o dinero? \u00bfGanar adeptos o ganar credibilidad? Que nadie se sorprenda de ver en los equipos de campa\u00f1a, a quienes ayer portaban un color de camisa diferente a las que portan hoy, que nadie se diga enga\u00f1ado de creer a quienes prometieron ayer lo que no cumplieron y hoy piden una segunda oportunidad,&nbsp;&nbsp;aunque se disfracen y se pongan lentes oscuros, todo Veracruz sabe la clase de escorias que fueron con la ciudadan\u00eda en su momento, \u00bfel color de su camisa ser\u00e1 su mejor carta de presentaci\u00f3n? La zona en el 2021 otorg\u00f3 y refrend\u00f3 la confianza a quienes s\u00ed les han respondido y a quienes sean mantenido fieles a sus ideales como servidores p\u00fablicos est\u00e9n en el partido que est\u00e9n.<\/p>\n\n\n\n<p>El sur de Veracruz tiene mucho que aportar al futuro proyecto ganador, el sur debe de impulsar nuevos liderazgos, no se buscan angelitos, ni representantes de la pureza celestial, se buscan hombres y mujeres que su historia de vida p\u00fablica sea congruente con su actuar con o sin poder pol\u00edtico, que la voz del sur de Veracruz se escuche hasta palacio nacional \u00bfes la hora del sur de Veracruz? Por el bien de todos\u2026 que sea la hora de Veracruz.<\/p>\n\n\n\n<p>P.D.- Con el \u00e1nimo que la problem\u00e1tica del transporte p\u00fablico sea tema de las pr\u00f3ximas campa\u00f1as\u2026Escribir\u00e9 otro d\u00eda.<\/p>\n","protected":false},"excerpt":{"rendered":"<p>Vicente Luna Hern\u00e1ndez Viv\u00edamos al tope nuestras vidas\/ de cara al mundo en franca rebeld\u00eda\/ t\u00fa eres algo para siempre\/ t\u00fa eres algo para siempre\/ hacia el sur\/ al sur\u2026 \u00c9xito de Magneto. En la elecci\u00f3n para gobernador de Veracruz entre Miguel \u00c1ngel Yunes Linares y Javier Duarte, el PAN gan\u00f3 toda la zona norte, [&hellip;]<\/p>\n","protected":false},"author":2,"featured_media":0,"comment_status":"closed","ping_status":"closed","sticky":false,"template":"","format":"standard","meta":{"_jetpack_newsletter_access":"","_jetpack_dont_email_post_to_subs":false,"_jetpack_newsletter_tier_id":0,"_jetpack_memberships_contains_paywalled_content":false,"_jetpack_memberships_contains_paid_content":false,"footnotes":""},"categories":[70],"tags":[1563,38524,260,428,1026],"class_list":["post-111409","post","type-post","status-publish","format-standard","hentry","category-de-opinion","tag-cuitlahuac-garcia-jimenez","tag-frente-amplio-por-mexico","tag-javier-duarte-de-ochoa","tag-miguel-angel-yunes-linares","tag-morena"],"jetpack_featured_media_url":"","jetpack_sharing_enabled":true,"jetpack_shortlink":"https:\/\/wp.me\/p4Qcd3-sYV","_links":{"self":[{"href":"https:\/\/lospoliticosveracruz.com.mx\/index.php?rest_route=\/wp\/v2\/posts\/111409","targetHints":{"allow":["GET"]}}],"collection":[{"href":"https:\/\/lospoliticosveracruz.com.mx\/index.php?rest_route=\/wp\/v2\/posts"}],"about":[{"href":"https:\/\/lospoliticosveracruz.com.mx\/index.php?rest_route=\/wp\/v2\/types\/post"}],"author":[{"embeddable":true,"href":"https:\/\/lospoliticosveracruz.com.mx\/index.php?rest_route=\/wp\/v2\/users\/2"}],"replies":[{"embeddable":true,"href":"https:\/\/lospoliticosveracruz.com.mx\/index.php?rest_route=%2Fwp%2Fv2%2Fcomments&post=111409"}],"version-history":[{"count":1,"href":"https:\/\/lospoliticosveracruz.com.mx\/index.php?rest_route=\/wp\/v2\/posts\/111409\/revisions"}],"predecessor-version":[{"id":111410,"href":"https:\/\/lospoliticosveracruz.com.mx\/index.php?rest_route=\/wp\/v2\/posts\/111409\/revisions\/111410"}],"wp:attachment":[{"href":"https:\/\/lospoliticosveracruz.com.mx\/index.php?rest_route=%2Fwp%2Fv2%2Fmedia&parent=111409"}],"wp:term":[{"taxonomy":"category","embeddable":true,"href":"https:\/\/lospoliticosveracruz.com.mx\/index.php?rest_route=%2Fwp%2Fv2%2Fcategories&post=111409"},{"taxonomy":"post_tag","embeddable":true,"href":"https:\/\/lospoliticosveracruz.com.mx\/index.php?rest_route=%2Fwp%2Fv2%2Ftags&post=111409"}],"curies":[{"name":"wp","href":"https:\/\/api.w.org\/{rel}","templated":true}]}}