{"id":111538,"date":"2023-09-14T10:50:26","date_gmt":"2023-09-14T15:50:26","guid":{"rendered":"https:\/\/lospoliticosveracruz.com.mx\/?p=111538"},"modified":"2023-09-14T10:50:30","modified_gmt":"2023-09-14T15:50:30","slug":"pozos-castro-se-aplica","status":"publish","type":"post","link":"https:\/\/lospoliticosveracruz.com.mx\/?p=111538","title":{"rendered":"POZOS CASTRO SE APLICA"},"content":{"rendered":"\n<p><strong>Luis Bustos<br><\/strong><em>EnEstaHora<\/em><\/p>\n\n\n\n<p>El Alcalde de Tuxpan, que en fecha reciente, fue electo por sus pares representantes de los municipios de todo el pa\u00eds, como Presidente de la Conferencia Nacional de Seguridad Municipal,se aplica y le dedica tiempo, estudio, experiencia y voluntad pol\u00edtica, para cumplir con esa responsabilidad extraterritorial que le fue conferida.<\/p>\n\n\n<div class=\"wp-block-image\">\n<figure class=\"alignleft size-full is-resized\"><a href=\"https:\/\/lospoliticosveracruz.com.mx\/wp-content\/uploads\/2023\/02\/Vinissimo.jpg\"><img loading=\"lazy\" decoding=\"async\" src=\"https:\/\/lospoliticosveracruz.com.mx\/wp-content\/uploads\/2023\/02\/Vinissimo.jpg\" alt=\"\" class=\"wp-image-102752\" width=\"175\" height=\"178\"\/><\/a><\/figure><\/div>\n\n\n<p>Es de recordar que el tuxpe\u00f1o es un conocedor de la materia, no de hoy, sino de tiempo atr\u00e1s, ya que se ha desempe\u00f1ado en ese \u00e1mbito, tanto como funcionario p\u00fablico como cuando fue diputado local y presidente del Congreso del estado.<\/p>\n\n\n\n<p>As\u00ed que como dice el cl\u00e1sico:\u00bbEste es su mero mole\u00bb, raz\u00f3n por la cual, sin descuidar su principal responsabilidad como alcalde, est\u00e1 metido con todo, para poder cumplir con esa distinci\u00f3n que le otorgaron los alcaldes,fundamentalmente, porque es de los que piensan que \u00a1Sin seguridad, no hay desarrollo!.<\/p>\n\n\n\n<p>Apenas ha posteado en sus redes sociales la reuni\u00f3n de trabajo que sostuvo con la Secretaria Ejecutiva del Sistema Nacional de Seguridad P\u00fablica Federal, Clara Luz Flores Carrales y as\u00ed lo informa:<\/p>\n\n\n\n<p>\u00abEn mi car\u00e1cter de Presidente de la Conferencia Nacional de Seguridad P\u00fablica Municipal sostuve una importante reuni\u00f3n de trabajo con la Secretaria Ejecutiva del Sistema Nacional de Seguridad P\u00fablica Federal Clara Luz Flores Carrales.<\/p>\n\n\n\n<p>Esta gran coordinaci\u00f3n que existe nos permite lograr Importantes acuerdos que se transforman en resultados palpables.<\/p>\n\n\n\n<p>\u00a1Seguimos trabajando!<\/p>\n\n\n\n<p>\u00a1Sin seguridad, no hay desarrollo!\u00bb<\/p>\n","protected":false},"excerpt":{"rendered":"<p>Luis BustosEnEstaHora El Alcalde de Tuxpan, que en fecha reciente, fue electo por sus pares representantes de los municipios de todo el pa\u00eds, como Presidente de la Conferencia Nacional de Seguridad Municipal,se aplica y le dedica tiempo, estudio, experiencia y voluntad pol\u00edtica, para cumplir con esa responsabilidad extraterritorial que le fue conferida. Es de recordar [&hellip;]<\/p>\n","protected":false},"author":2,"featured_media":0,"comment_status":"closed","ping_status":"closed","sticky":false,"template":"","format":"standard","meta":{"_jetpack_newsletter_access":"","_jetpack_dont_email_post_to_subs":false,"_jetpack_newsletter_tier_id":0,"_jetpack_memberships_contains_paywalled_content":false,"_jetpack_memberships_contains_paid_content":false,"footnotes":""},"categories":[70],"tags":[39351,11958,16759,39349],"class_list":["post-111538","post","type-post","status-publish","format-standard","hentry","category-de-opinion","tag-clara-luz-flores-carrales","tag-jose-manuel-pozos-castro","tag-luis-bustos","tag-seguridad-publica-federal"],"jetpack_featured_media_url":"","jetpack_sharing_enabled":true,"jetpack_shortlink":"https:\/\/wp.me\/p4Qcd3-t10","_links":{"self":[{"href":"https:\/\/lospoliticosveracruz.com.mx\/index.php?rest_route=\/wp\/v2\/posts\/111538","targetHints":{"allow":["GET"]}}],"collection":[{"href":"https:\/\/lospoliticosveracruz.com.mx\/index.php?rest_route=\/wp\/v2\/posts"}],"about":[{"href":"https:\/\/lospoliticosveracruz.com.mx\/index.php?rest_route=\/wp\/v2\/types\/post"}],"author":[{"embeddable":true,"href":"https:\/\/lospoliticosveracruz.com.mx\/index.php?rest_route=\/wp\/v2\/users\/2"}],"replies":[{"embeddable":true,"href":"https:\/\/lospoliticosveracruz.com.mx\/index.php?rest_route=%2Fwp%2Fv2%2Fcomments&post=111538"}],"version-history":[{"count":1,"href":"https:\/\/lospoliticosveracruz.com.mx\/index.php?rest_route=\/wp\/v2\/posts\/111538\/revisions"}],"predecessor-version":[{"id":111541,"href":"https:\/\/lospoliticosveracruz.com.mx\/index.php?rest_route=\/wp\/v2\/posts\/111538\/revisions\/111541"}],"wp:attachment":[{"href":"https:\/\/lospoliticosveracruz.com.mx\/index.php?rest_route=%2Fwp%2Fv2%2Fmedia&parent=111538"}],"wp:term":[{"taxonomy":"category","embeddable":true,"href":"https:\/\/lospoliticosveracruz.com.mx\/index.php?rest_route=%2Fwp%2Fv2%2Fcategories&post=111538"},{"taxonomy":"post_tag","embeddable":true,"href":"https:\/\/lospoliticosveracruz.com.mx\/index.php?rest_route=%2Fwp%2Fv2%2Ftags&post=111538"}],"curies":[{"name":"wp","href":"https:\/\/api.w.org\/{rel}","templated":true}]}}