{"id":111676,"date":"2023-09-18T13:45:24","date_gmt":"2023-09-18T18:45:24","guid":{"rendered":"https:\/\/lospoliticosveracruz.com.mx\/?p=111676"},"modified":"2023-09-18T13:45:31","modified_gmt":"2023-09-18T18:45:31","slug":"nanchital-alguien-miente","status":"publish","type":"post","link":"https:\/\/lospoliticosveracruz.com.mx\/?p=111676","title":{"rendered":"NANCHITAL: ALGUIEN MIENTE\u00a0"},"content":{"rendered":"\n<p><strong>Vicente Luna Hern\u00e1ndez<\/strong><\/p>\n\n\n\n<p>El pasado 5 de septiembre durante su conferencia ma\u00f1anera, el presidente AMLO habl\u00f3 sobre la Clausura y Saneamiento del tiradero de basura a cielo abierto de las \u00abMatas\u00bb en el sur de Veracruz y de la ubicaci\u00f3n del Relleno Sanitario en el municipio de Nanchital y se\u00f1al\u00f3 los siguientes puntos:<\/p>\n\n\n\n<figure class=\"wp-block-image size-large\"><a href=\"https:\/\/lospoliticosveracruz.com.mx\/wp-content\/uploads\/2016\/07\/Seguro-Julio-Cerecedo-2.jpg\"><img decoding=\"async\" src=\"https:\/\/lospoliticosveracruz.com.mx\/wp-content\/uploads\/2016\/07\/Seguro-Julio-Cerecedo-2-1024x381.jpg\" alt=\"\" class=\"wp-image-105879\"\/><\/a><\/figure>\n\n\n\n<p>1.- Agradec\u00eda al pueblo de Nanchital por su apoyo para recibir el Relleno Sanitario.<\/p>\n\n\n\n<p>2.- Deslind\u00f3 a la presidenta municipal Esmeralda Mora Zamudio de alguna responsabilidad en la ubicaci\u00f3n del relleno sanitario.<\/p>\n\n\n\n<p>3.- Garantiz\u00f3 que no habr\u00e1 ning\u00fan tipo de contaminaci\u00f3n.<\/p>\n\n\n\n<p>4.- Se comprometi\u00f3 a realizar obras en beneficio de Nanchital.<\/p>\n\n\n\n<p>Aunado a lo anterior, la presidenta municipal ha dicho que no ha recibido alguna informaci\u00f3n oficial al respecto, sin embargo, ella es la que recibe los airados reclamos del pueblo \u00bfo al estar en contra de una decisi\u00f3n del presidente no son pueblo? Una parte importante de sus habitantes han manifestado de manera categ\u00f3rica su rechazo al famoso relleno sanitario a pesar del agradecimiento del presidente \u00bfque agradeci\u00f3 el presidente? \u00bfEl probable silencio ciudadano? \u00bfAcaso crey\u00f3 que su voz era suficiente para que el pueblo no se manifestara en contra? \u00bfAlguien le minti\u00f3?<\/p>\n\n\n\n<p>Lo cierto es que presuntamente se tom\u00f3 en cuenta&nbsp;&nbsp;a todos los involucrados en este asunto, en palabras del presidente el recurso econ\u00f3mico ya est\u00e1 autorizado por parte del gobierno federal pero algo fall\u00f3, alguien no hizo bien su trabajo de escuchar todas las voces involucradas, principalmente a los habitantes del lugar donde se piensa instalar el relleno sanitario, sea Nanchital o cualquier otro municipio y el conflicto estall\u00f3, un numeroso pueblo de Nanchital no est\u00e1 de acuerdo en recibir m\u00e1s de 500 toneladas de basura de manera diaria y aunque el presidente les garantiza que no habr\u00e1 contaminaci\u00f3n alguna\u2026no le creen.<\/p>\n\n\n\n<p>Lo cierto es que el relleno sanitario es necesario, por propia salud p\u00fablica urge un Dep\u00f3sito de Residuos S\u00f3lidos, el relleno \u00bb Las Matas\u00bb ya no da m\u00e1s y es un foco de infecci\u00f3n grave para todos los habitantes de los municipios vecinos, sin embargo, es responsabilidad del Gobierno Federal y del Gobierno del Estado sensibilizar a todos los involucrados de la necesidad y de los beneficios del nuevo Dep\u00f3sito, ni permitir manos ajenas que tengan otros intereses que nada tienen que ver con Nanchital pero tampoco cerrar o\u00eddos y ojos a un justo reclamo de sus habitantes.<\/p>\n\n\n\n<p>Considero que al Presidente le pasaron de manera&nbsp;&nbsp;err\u00f3nea la informaci\u00f3n o \u00e9l haya tenido otros datos &#8211; es algo com\u00fan &#8211; sobre los involucrados, los habitantes de Nanchital no aceptaron el agradecimiento presidencial, \u00bfprimero te agradezco que me dejes tirar basura en tu casa y despu\u00e9s te explico por qu\u00e9 la tire? \u00bfCu\u00e1ndo se les pidi\u00f3 permiso o se les consult\u00f3 a los habitantes de Nanchital? \u00bfEn serio alguien del gobierno estatal se sorprendi\u00f3 de la inconformidad social? \u00bfAcaso esperaban que el d\u00eda del anuncio hubiera fiesta patronal en el pueblo?<\/p>\n\n\n\n<p>Hoy la Alcaldesa pide que se suspenda la instalaci\u00f3n del dep\u00f3sito en su municipio, hoy se pone del lado de su pueblo, \u00bfno se atrevi\u00f3 en su momento en decir \u00abNo\u00bb o fue ignorada? \u00bfPertenecer al partido morena la at\u00f3 de manos para rechazar el dep\u00f3sito? \u00bfAcaso esperaba la alcaldesa que el pueblo le har\u00eda una estatua a la entrada del municipio por su silencio? \u00bfLe sirvi\u00f3 de algo que el presidente la deslindara de toda responsabilidad? Por los fuertes reclamos que le impidieron dar \u00abel grito\u00bb\u2026parece que no.<\/p>\n\n\n\n<p>P.D.- Con el \u00e1nimo que se tomen las medidas necesarias y todas las partes involucradas contribuyan a atender una demanda social necesaria (el dep\u00f3sito sanitario) pero tambi\u00e9n un clamor ciudadano (la voz de Nanchital)\u2026Escribir\u00e9 otro d\u00eda.<\/p>\n","protected":false},"excerpt":{"rendered":"<p>Vicente Luna Hern\u00e1ndez El pasado 5 de septiembre durante su conferencia ma\u00f1anera, el presidente AMLO habl\u00f3 sobre la Clausura y Saneamiento del tiradero de basura a cielo abierto de las \u00abMatas\u00bb en el sur de Veracruz y de la ubicaci\u00f3n del Relleno Sanitario en el municipio de Nanchital y se\u00f1al\u00f3 los siguientes puntos: 1.- Agradec\u00eda [&hellip;]<\/p>\n","protected":false},"author":2,"featured_media":0,"comment_status":"closed","ping_status":"closed","sticky":false,"template":"","format":"standard","meta":{"_jetpack_newsletter_access":"","_jetpack_dont_email_post_to_subs":false,"_jetpack_newsletter_tier_id":0,"_jetpack_memberships_contains_paywalled_content":false,"_jetpack_memberships_contains_paid_content":false,"footnotes":""},"categories":[70],"tags":[618,10951,1026,374,9117],"class_list":["post-111676","post","type-post","status-publish","format-standard","hentry","category-de-opinion","tag-andres-manuel-lopez-obrador","tag-esmeralda-mora-zamudio","tag-morena","tag-nanchital","tag-relleno-sanitario"],"jetpack_featured_media_url":"","jetpack_sharing_enabled":true,"jetpack_shortlink":"https:\/\/wp.me\/p4Qcd3-t3e","_links":{"self":[{"href":"https:\/\/lospoliticosveracruz.com.mx\/index.php?rest_route=\/wp\/v2\/posts\/111676","targetHints":{"allow":["GET"]}}],"collection":[{"href":"https:\/\/lospoliticosveracruz.com.mx\/index.php?rest_route=\/wp\/v2\/posts"}],"about":[{"href":"https:\/\/lospoliticosveracruz.com.mx\/index.php?rest_route=\/wp\/v2\/types\/post"}],"author":[{"embeddable":true,"href":"https:\/\/lospoliticosveracruz.com.mx\/index.php?rest_route=\/wp\/v2\/users\/2"}],"replies":[{"embeddable":true,"href":"https:\/\/lospoliticosveracruz.com.mx\/index.php?rest_route=%2Fwp%2Fv2%2Fcomments&post=111676"}],"version-history":[{"count":1,"href":"https:\/\/lospoliticosveracruz.com.mx\/index.php?rest_route=\/wp\/v2\/posts\/111676\/revisions"}],"predecessor-version":[{"id":111677,"href":"https:\/\/lospoliticosveracruz.com.mx\/index.php?rest_route=\/wp\/v2\/posts\/111676\/revisions\/111677"}],"wp:attachment":[{"href":"https:\/\/lospoliticosveracruz.com.mx\/index.php?rest_route=%2Fwp%2Fv2%2Fmedia&parent=111676"}],"wp:term":[{"taxonomy":"category","embeddable":true,"href":"https:\/\/lospoliticosveracruz.com.mx\/index.php?rest_route=%2Fwp%2Fv2%2Fcategories&post=111676"},{"taxonomy":"post_tag","embeddable":true,"href":"https:\/\/lospoliticosveracruz.com.mx\/index.php?rest_route=%2Fwp%2Fv2%2Ftags&post=111676"}],"curies":[{"name":"wp","href":"https:\/\/api.w.org\/{rel}","templated":true}]}}