{"id":111714,"date":"2023-09-19T10:46:45","date_gmt":"2023-09-19T15:46:45","guid":{"rendered":"https:\/\/lospoliticosveracruz.com.mx\/?p=111714"},"modified":"2023-09-19T10:46:52","modified_gmt":"2023-09-19T15:46:52","slug":"nahle-la-candidata","status":"publish","type":"post","link":"https:\/\/lospoliticosveracruz.com.mx\/?p=111714","title":{"rendered":"NAHLE, LA CANDIDATA\u2026"},"content":{"rendered":"\n<p><strong>Adriana Mu\u00f1oz Cabrera<\/strong><\/p>\n\n\n\n<p><em>Sin Rencores<\/em><\/p>\n\n\n\n<p>\u201cS\u00e9 amorosamente ego\u00edsta, silenciosamente paciente, amigablemente distante.<\/p>\n\n\n\n<p>Respetemos el camino de cada ser humano.\u201dAutor desconocido.&nbsp;<\/p>\n\n\n\n<p>Finalmente fue emitida la convocatoria de Morena y aunque esto predispondr\u00e1 r\u00edos de tinta, es un hecho que la candidata ser\u00e1 mujer, esto, aunque la misma establece que deben inscribirse por lo menos dos damas y por supuesto hombres para que sea equitativo el asunto.<\/p>\n\n\n\n<figure class=\"wp-block-image size-large\"><a href=\"https:\/\/lospoliticosveracruz.com.mx\/wp-content\/uploads\/2016\/07\/Seguro-Julio-Cerecedo-2.jpg\"><img decoding=\"async\" src=\"https:\/\/lospoliticosveracruz.com.mx\/wp-content\/uploads\/2016\/07\/Seguro-Julio-Cerecedo-2-1024x381.jpg\" alt=\"\" class=\"wp-image-105879\"\/><\/a><\/figure>\n\n\n\n<p>En Veracruz no hay vuelta de hoja: es uno de los&nbsp;&nbsp;nueve estados donde se tiene mayormente posicionada a una mujer para coordinar los trabajos por la defensa de la Cuarta Transformaci\u00f3n y esa mujer tiene nombre y apellidos: Roc\u00edo Nahle Garc\u00eda.<\/p>\n\n\n\n<p>No hay m\u00e1s.&nbsp;<\/p>\n\n\n\n<p>\u2014\u2014-\/\/\/\u2014\u2014<\/p>\n\n\n\n<p><strong>HASTA DICIEMBRE\u2026<\/strong><\/p>\n\n\n\n<p>Continuar\u00e1 en el cargo.<\/p>\n\n\n\n<p>Para quienes est\u00e1n pregunta y pregunta cuando se va Roc\u00edo Nahle de la SENER, la propia secretaria lo dijo la semana pasada y lo reiter\u00f3 este martes: esperar\u00eda la convocatoria y hoy, que esta es un hecho, es pertinente subrayar que el documento de entrada, se\u00f1ala que quien ocupe un cargo federal deber\u00e1 separarse de dicho puesto 90 d\u00edas antes del 2 de junio de 2024, es decir, en el caso de la secretaria Nahle seguir\u00e1 en funciones hasta finales del 2023, luego entonces, no se estresen cuando ella est\u00e1 feliz y relajada, relajada, relajada.<\/p>\n\n\n\n<p>\u2014\u2014\u2014\u2014\/\/\/\u2014\u2014-<\/p>\n\n\n\n<p><strong>DICHO SEA DE PASO\u2026<\/strong><\/p>\n\n\n\n<p>El dispendio no estar\u00e1 permitido as\u00ed que de acuerdo a la convocatoria, quedan prohibidos espectaculares y contracampa\u00f1as y sobre todo quienes tengan en su haber denuncias por violencia de g\u00e9nero pues la Comisi\u00f3n Nacional de Elecciones en Morena se reservar\u00e1 el derecho de admisi\u00f3n.&nbsp;<\/p>\n\n\n\n<p>As\u00ed que esperemos que salvo Roc\u00edo Nahle que pr\u00e1cticamente es la m\u00e1s posicionada, el resto de todos los suspirantes se inscriban, ya el CEN tendr\u00e1 la \u00faltima palabra as\u00ed como la encuesta.<\/p>\n\n\n\n<p>Solo falta saber, quien ser\u00e1 la otra mujer que se inscriba como aspirante a coordinadora estatal, tal como lo marca la convocatoria, del g\u00e9nero masculino ya est\u00e1n cantados.<\/p>\n\n\n\n<p>\u2014\u2014\u2014\u2014\/\/\/\u2014\u2014-<\/p>\n\n\n\n<p><strong>LA CONVOCATORIA\u2026<\/strong><\/p>\n\n\n\n<p>De Morena para elegir a Coordinador Estatal de la Defensa de los Comit\u00e9s de la 4T en nueve estados es clara:<\/p>\n\n\n\n<p>-Habr\u00e1 encuesta.<\/p>\n\n\n\n<p>-No ser\u00e1 necesario pedir licencia al cargo.&nbsp;<\/p>\n\n\n\n<p>1.- Registro en l\u00ednea: 25 y 26 de septiembre<\/p>\n\n\n\n<p>2.- 27 y 28 de septiembre sesionar\u00e1 el Consejo Estatal correspondiente y se pronunciar\u00e1 por 2 hombres&nbsp;&nbsp;y 2 mujeres<\/p>\n\n\n\n<p>3.- La Comisi\u00f3n Nacional de Elecciones (CNE) podr\u00e1 determinar la inclusi\u00f3n de perfiles de acuerdo con lo se\u00f1alado en el estatuto&nbsp;<\/p>\n\n\n\n<p>4.- La CNE publicar\u00e1 la relaci\u00f3n de solicitudes aprobadas el 30 de octubre (cuando se dar\u00e1 el resultado)<\/p>\n\n\n\n<p>5.- Se podr\u00e1 cancelar el registro a quien violente a otros militantes.<\/p>\n\n\n\n<p>Esperemos el \u00faltimo punto realmente se cumpla de lo contrario ser\u00e1 misoginia.&nbsp;<\/p>\n\n\n\n<p>\u2014\u2014\u2014\/\/\/\u2014\u2014-<\/p>\n\n\n\n<p><strong>LA PROPIA ROC\u00cdO NAHLE\u2026<\/strong><\/p>\n\n\n\n<p>Ha reconocido ya que aprueba los t\u00e9rminos de la convocatoria de MORENA y algo natural en todas sus contiendas, se someter\u00e1 a la consulta para que los veracruzanos decidan.&nbsp;<\/p>\n\n\n\n<p>Por eso es candidata, autoridad electa y funcionaria del pueblo porque siempre se ha sometido a su decisi\u00f3n.&nbsp;<\/p>\n\n\n\n<p>Ah\u00ed est\u00e1n las elecciones de 2012 cuando no gan\u00f3 la primera contienda en la que particip\u00f3 por el distrito de Coatzacoalcos; en 2015 gan\u00f3 por la misma zona la diputaci\u00f3n federal y en 2018, nuevamente gan\u00f3 el senado.<\/p>\n\n\n\n<p>Siempre ha sido respetuosa del clamor popular v\u00eda el voto.&nbsp;<\/p>\n\n\n\n<p>Esta vez no ser\u00e1 la excepci\u00f3n.<\/p>\n\n\n\n<p>Un nueva contienda se acerca.<\/p>\n\n\n\n<p>Roc\u00edo Nahle est\u00e1 m\u00e1s lista.&nbsp;<\/p>\n\n\n\n<p>Tengan un excelente martes.<\/p>\n\n\n\n<p>e-mail: sinrencorespuntocom@gmail.com<\/p>\n","protected":false},"excerpt":{"rendered":"<p>Adriana Mu\u00f1oz Cabrera Sin Rencores \u201cS\u00e9 amorosamente ego\u00edsta, silenciosamente paciente, amigablemente distante. Respetemos el camino de cada ser humano.\u201dAutor desconocido.&nbsp; Finalmente fue emitida la convocatoria de Morena y aunque esto predispondr\u00e1 r\u00edos de tinta, es un hecho que la candidata ser\u00e1 mujer, esto, aunque la misma establece que deben inscribirse por lo menos dos damas [&hellip;]<\/p>\n","protected":false},"author":2,"featured_media":0,"comment_status":"closed","ping_status":"closed","sticky":false,"template":"","format":"standard","meta":{"_jetpack_newsletter_access":"","_jetpack_dont_email_post_to_subs":false,"_jetpack_newsletter_tier_id":0,"_jetpack_memberships_contains_paywalled_content":false,"_jetpack_memberships_contains_paid_content":false,"footnotes":""},"categories":[70],"tags":[32606,1026,3578,195],"class_list":["post-111714","post","type-post","status-publish","format-standard","hentry","category-de-opinion","tag-adriana-munoz-cabrera","tag-morena","tag-rocio-nahle","tag-veracruz"],"jetpack_featured_media_url":"","jetpack_sharing_enabled":true,"jetpack_shortlink":"https:\/\/wp.me\/p4Qcd3-t3Q","_links":{"self":[{"href":"https:\/\/lospoliticosveracruz.com.mx\/index.php?rest_route=\/wp\/v2\/posts\/111714","targetHints":{"allow":["GET"]}}],"collection":[{"href":"https:\/\/lospoliticosveracruz.com.mx\/index.php?rest_route=\/wp\/v2\/posts"}],"about":[{"href":"https:\/\/lospoliticosveracruz.com.mx\/index.php?rest_route=\/wp\/v2\/types\/post"}],"author":[{"embeddable":true,"href":"https:\/\/lospoliticosveracruz.com.mx\/index.php?rest_route=\/wp\/v2\/users\/2"}],"replies":[{"embeddable":true,"href":"https:\/\/lospoliticosveracruz.com.mx\/index.php?rest_route=%2Fwp%2Fv2%2Fcomments&post=111714"}],"version-history":[{"count":1,"href":"https:\/\/lospoliticosveracruz.com.mx\/index.php?rest_route=\/wp\/v2\/posts\/111714\/revisions"}],"predecessor-version":[{"id":111716,"href":"https:\/\/lospoliticosveracruz.com.mx\/index.php?rest_route=\/wp\/v2\/posts\/111714\/revisions\/111716"}],"wp:attachment":[{"href":"https:\/\/lospoliticosveracruz.com.mx\/index.php?rest_route=%2Fwp%2Fv2%2Fmedia&parent=111714"}],"wp:term":[{"taxonomy":"category","embeddable":true,"href":"https:\/\/lospoliticosveracruz.com.mx\/index.php?rest_route=%2Fwp%2Fv2%2Fcategories&post=111714"},{"taxonomy":"post_tag","embeddable":true,"href":"https:\/\/lospoliticosveracruz.com.mx\/index.php?rest_route=%2Fwp%2Fv2%2Ftags&post=111714"}],"curies":[{"name":"wp","href":"https:\/\/api.w.org\/{rel}","templated":true}]}}