{"id":111760,"date":"2023-09-19T23:25:16","date_gmt":"2023-09-20T04:25:16","guid":{"rendered":"https:\/\/lospoliticosveracruz.com.mx\/?p=111760"},"modified":"2023-09-19T23:25:34","modified_gmt":"2023-09-20T04:25:34","slug":"dialogo-nacional-paz-y-justicia","status":"publish","type":"post","link":"https:\/\/lospoliticosveracruz.com.mx\/?p=111760","title":{"rendered":"DI\u00c1LOGO NACIONAL; PAZ Y JUSTICIA"},"content":{"rendered":"\n<p><\/p>\n\n\n\n<p><br><strong>Jos\u00e9 Luis Enr\u00edquez Ambell<\/strong><br><em>Caf\u00e9 de Ma\u00f1ana<\/em><\/p>\n\n\n\n<p>Es de llamar la atenci\u00f3n que este movimiento y la convocatoria provenga de la sociedad y no del sector gobierno, pero adem\u00e1s, no deber\u00edamos andar en estos escenarios y mucho menos que se vayan a convertir en costumbre.<\/p>\n\n\n\n<figure class=\"wp-block-embed is-type-video is-provider-youtube wp-block-embed-youtube wp-embed-aspect-16-9 wp-has-aspect-ratio\"><div class=\"wp-block-embed__wrapper\">\n<span class=\"embed-youtube\" style=\"text-align:center; display: block;\"><iframe loading=\"lazy\" class=\"youtube-player\" width=\"750\" height=\"422\" src=\"https:\/\/www.youtube.com\/embed\/Nxe-vxf8GuY?version=3&#038;rel=1&#038;showsearch=0&#038;showinfo=1&#038;iv_load_policy=1&#038;fs=1&#038;hl=es-ES&#038;autohide=2&#038;wmode=transparent\" allowfullscreen=\"true\" style=\"border:0;\" sandbox=\"allow-scripts allow-same-origin allow-popups allow-presentation allow-popups-to-escape-sandbox\"><\/iframe><\/span>\n<\/div><\/figure>\n\n\n\n<p>Se habla de tratar de construir acuerdos que coadyuven a la regeneraci\u00f3n del tejido social, lo que lleva a tener que reconocer que los valores y principios para la convivencia con armon\u00eda y concordia a la que aspiramos todos desde la comunidad en su conjunto, est\u00e1 fragmentada.<\/p>\n\n\n\n<p>Se observa tambi\u00e9n que existe una especie de mejor y mayor madurez en la cultura de las movilizaciones sociales y tambi\u00e9n en el reclamo ciudadano, y todos deseamos se reconozcan por ser en forma pac\u00edfica sobre todo si se trata de reclamar algo justo o como ahora, pero tambi\u00e9n, hay que hacer votos para que no se encamine al \u00e1nimo agresivo como tampoco nos vayamos acostumbrando a este tipo de di\u00e1logos o peor a\u00fan, que se conviertan en s\u00f3lo di\u00e1logos, entre sordos.<\/p>\n\n\n\n<p>Este di\u00e1logo al que sabemos se convoca, surgi\u00f3 de la Iglesia en respuesta a los asesinatos de los sacerdotes jesuitas Javier Campos y Joaqu\u00edn Mora en el templo de Cerocahui, en la sierra Tarahumara en Chihuahua, y a miles de v\u00edctimas m\u00e1s que se han sumado en el dolor.<\/p>\n\n\n\n<p>Y aqu\u00ed debe decirse que convergen diferentes organizaciones de la sociedad civil, la academia, v\u00edctimas, grupos vulnerables (migrantes e ind\u00edgenas), representantes de las diferentes religiones, gobiernos locales, empresarios, personas expertas y sociedad abierta y toda una ciudadan\u00eda comprometida y organizada.<\/p>\n\n\n\n<p>Se sabe que la ciudad de Puebla fue designada sede para el Di\u00e1logo Nacional por la Paz y la Justicia,&nbsp;encuentro en el que buscan encontrar alternativas y propuestas de soluci\u00f3n a la violencia, los homicidios, la&nbsp;disgregaci\u00f3n del tejido social y la desaparici\u00f3n de habilidades de convivencia&nbsp;en el seno familiar en M\u00e9xico<\/p>\n\n\n\n<p>Don V\u00edctor S\u00e1nchez Espinosa,&nbsp;arzobispo de Puebla, reci\u00e9n dio a conocer que integrantes de la iglesia, de las instituciones de educaci\u00f3n superior y de diferentes sectores de la sociedad del pa\u00eds, se reunir\u00e1n del 21 al 23 de septiembre, -jueves, viernes y s\u00e1bado pr\u00f3ximos,- esto en las instalaciones de la&nbsp;Universidad Iberoamericana en la Angelopolis,&nbsp;y que busca con este encuentro impulsar una cultura de la paz.<\/p>\n\n\n\n<p>Especialistas en sociolog\u00eda social han tomado como objeto de estudio y an\u00e1lisis, las causas y los efectos de la violencia en M\u00e9xico y que igual transita por la pobreza que las drogas, y adem\u00e1s ahora el Estado mexicano est\u00e1 siendo empujado por la poblaci\u00f3n en la b\u00fasqueda de soluciones y mejorar la situaci\u00f3n, pues es muy evidente que es bastante grave en el pa\u00eds.<\/p>\n\n\n\n<p>De los llamados a y en misa estamos pasando a las reuniones convocadas que ojal\u00e1 no vayan a resultar manifestaciones que pongan a prueba a la seguridad p\u00fablica, la procuraci\u00f3n de justicia y la administraci\u00f3n de justicia, pues de por s\u00ed esta trilog\u00eda no atraviesa por sus mejores momentos.<\/p>\n\n\n\n<p>DE SOBREMESA<\/p>\n\n\n\n<p>Con la convocatoria de Morena para los nueve estados de la Rep\u00fablica que tendr\u00e1n elecciones locales en 2024 y a donde postular\u00e1n a cinco hombres y cuatro mujeres -Veracruz ser\u00e1 mujer y Roc\u00edo Nahle- traer\u00e1 consigo a los \u00abaspirantes, suspirantes y expirantes\u201d. \u00abEn la democracia no todo es unanimidad, es diversidad y la pluralidad que se da hacia afuera del r\u00e9gimen de partidos y tambi\u00e9n se da hacia adentro de la vida interna de los partidos\u00bb, a\u00fan falta mucho por verse.<\/p>\n\n\n\n<p>El carro completo que buscar\u00e1 Morena llevar\u00eda a que el Frente Amplio por M\u00e9xico sus integrantes PAN, PRI y PRD -por el momento- revisen las normas internas; pues, supondr\u00eda a t\u00edtulo muy personal, que algunos de ellos pueden decidir ir solos en algunos estados o aliados no entre ellos, pero s\u00ed con fuerzas locales y regionales en cada entidad, dado que la diversidad electoral en M\u00e9xico es distinta en cada entidad e incluso en un mismo estado hay caracter\u00edsticas diferentes.<\/p>\n\n\n\n<p>Y en ese sentido, como escribi\u00f3 el Ex Gobernador Miguel Alem\u00e1n Velasco: la pol\u00edtica es la ciencia de la conciencia, constancia y circunstancia, las tres \u00abC\u00bb y \u00e9stas se acomodar\u00e1n a quien muestre y demuestre querer y poder servir mejor a todo Veracruz, ya falta poco.<\/p>\n\n\n\n<p>UN CAF\u00c9 CON DOBLE CARGA<\/p>\n\n\n\n<p>La movilidad aceptada por el Gobernador del Estado de miembros de su gabinete, as\u00ed como, la convocatoria publicada por Morena con bases para la sucesi\u00f3n estatal y adem\u00e1s, los anuncios de varios miembros del Poder Ejecutivo para registrarse a la contienda interna, enciende a la vez focos amarillos y rojos para la Contralor\u00eda General, pues poco o nada parece inquietarle ante el posible mal uso de recursos humanos, materiales, financieros y en general para fines ajenos a sus responsabilidades. Y eso mismo, aplica para otros Poderes y \u00f3rganos aut\u00f3nomos, poniendo en riesgo la transparencia y rendici\u00f3n de cuentas.<\/p>\n\n\n\n<p>UN LECHERO LIGHT DIVORCIADO<\/p>\n\n\n\n<p>Ante las m\u00e1s recientes declaraciones de la titular del ORFIS, Delia Gonz\u00e1lez, y el Diputado Presidente de la Comisi\u00f3n Permanente de Vigilancia del H. Congreso del Estado, Rafael Fararoni, en torno a despachos de auditor\u00eda &#8211; a quienes llamado limpiadores de cuentas &#8211; y la actuaci\u00f3n de algunos entes municipales, cabe recordar que la Comisi\u00f3n es un cuerpo colegiado con facultades de opini\u00f3n que est\u00e1 legalmente constituido para vigilar, controlar, as\u00ed como dar seguimiento a observaciones y solventaciones en t\u00e9rminos de la transparencia y rendici\u00f3n de cuentas, pero de la mano con el \u00d3rgano Superior de Fiscalizaci\u00f3n, \u00abnada y nadie por separado\u00bb.<\/p>\n\n\n\n<p>UN CAF\u00c9 CON CANELA Y PANELA<\/p>\n\n\n\n<p>Viendo la agitaci\u00f3n de las aguas sucesorias en Veracruz, cabe una pregunta cafetera; \u00bf y quien podr\u00eda resultar \u00abel Ebrard Jarocho\u00bb ?<\/p>\n\n\n\n<p>\u00a1 ES CUANTO !<\/p>\n\n\n\n<p>Jos\u00e9 Luis Enr\u00edquez Ambell<br>enamjl62@gmail.com; enriquezambell@gmail.com<br>Secretario General de la Federaci\u00f3n Aut\u00e9ntica de Trabajadores del Estado de Veracruz (FATEV &#8211; JLEG) Registro Federal del Trabajo # 5844 y Director General de la Consultor\u00eda y Asesor\u00eda Integral AECAI Torre Animas en Xalapa, Ver.<\/p>\n","protected":false},"excerpt":{"rendered":"<p>Jos\u00e9 Luis Enr\u00edquez AmbellCaf\u00e9 de Ma\u00f1ana Es de llamar la atenci\u00f3n que este movimiento y la convocatoria provenga de la sociedad y no del sector gobierno, pero adem\u00e1s, no deber\u00edamos andar en estos escenarios y mucho menos que se vayan a convertir en costumbre. Se habla de tratar de construir acuerdos que coadyuven a la [&hellip;]<\/p>\n","protected":false},"author":2,"featured_media":0,"comment_status":"closed","ping_status":"closed","sticky":false,"template":"","format":"standard","meta":{"_jetpack_newsletter_access":"","_jetpack_dont_email_post_to_subs":false,"_jetpack_newsletter_tier_id":0,"_jetpack_memberships_contains_paywalled_content":false,"_jetpack_memberships_contains_paid_content":false,"footnotes":""},"categories":[70],"tags":[8383],"class_list":["post-111760","post","type-post","status-publish","format-standard","hentry","category-de-opinion","tag-jose-luis-enriquez-ambell"],"jetpack_featured_media_url":"","jetpack_sharing_enabled":true,"jetpack_shortlink":"https:\/\/wp.me\/p4Qcd3-t4A","_links":{"self":[{"href":"https:\/\/lospoliticosveracruz.com.mx\/index.php?rest_route=\/wp\/v2\/posts\/111760","targetHints":{"allow":["GET"]}}],"collection":[{"href":"https:\/\/lospoliticosveracruz.com.mx\/index.php?rest_route=\/wp\/v2\/posts"}],"about":[{"href":"https:\/\/lospoliticosveracruz.com.mx\/index.php?rest_route=\/wp\/v2\/types\/post"}],"author":[{"embeddable":true,"href":"https:\/\/lospoliticosveracruz.com.mx\/index.php?rest_route=\/wp\/v2\/users\/2"}],"replies":[{"embeddable":true,"href":"https:\/\/lospoliticosveracruz.com.mx\/index.php?rest_route=%2Fwp%2Fv2%2Fcomments&post=111760"}],"version-history":[{"count":1,"href":"https:\/\/lospoliticosveracruz.com.mx\/index.php?rest_route=\/wp\/v2\/posts\/111760\/revisions"}],"predecessor-version":[{"id":111761,"href":"https:\/\/lospoliticosveracruz.com.mx\/index.php?rest_route=\/wp\/v2\/posts\/111760\/revisions\/111761"}],"wp:attachment":[{"href":"https:\/\/lospoliticosveracruz.com.mx\/index.php?rest_route=%2Fwp%2Fv2%2Fmedia&parent=111760"}],"wp:term":[{"taxonomy":"category","embeddable":true,"href":"https:\/\/lospoliticosveracruz.com.mx\/index.php?rest_route=%2Fwp%2Fv2%2Fcategories&post=111760"},{"taxonomy":"post_tag","embeddable":true,"href":"https:\/\/lospoliticosveracruz.com.mx\/index.php?rest_route=%2Fwp%2Fv2%2Ftags&post=111760"}],"curies":[{"name":"wp","href":"https:\/\/api.w.org\/{rel}","templated":true}]}}