{"id":111762,"date":"2023-09-20T05:29:22","date_gmt":"2023-09-20T10:29:22","guid":{"rendered":"https:\/\/lospoliticosveracruz.com.mx\/?p=111762"},"modified":"2023-09-20T05:29:27","modified_gmt":"2023-09-20T10:29:27","slug":"populi","status":"publish","type":"post","link":"https:\/\/lospoliticosveracruz.com.mx\/?p=111762","title":{"rendered":"POPULI"},"content":{"rendered":"\n<p><strong>Guadalupe H. Mar<\/strong><\/p>\n\n\n\n<p><em>Mira Pol\u00edtica<\/em><\/p>\n\n\n\n<p>VOX DEI \u2026 Convencida de la certeza de que el pueblo pone y el pueblo quita, la alcaldesa morenista del municipio de Nanchital de L\u00e1zaro C\u00e1rdenas del R\u00edo, Esmeralda Mora Zamudio, se sum\u00f3 a sus gobernados que se niegan a la creaci\u00f3n de un relleno sanitario regional en su territorio y solicit\u00f3 al mism\u00edsimo presidente de la rep\u00fablica Andr\u00e9s Manuel L\u00f3pez Obrador, que cancele el proyecto, del que, por cierto, ella no tiene mayor informaci\u00f3n, apurada sobre todo porque la poblaci\u00f3n est\u00e1 demandando se le retire del cargo.<\/p>\n\n\n<div class=\"wp-block-image\">\n<figure class=\"alignleft size-medium\"><a href=\"https:\/\/lospoliticosveracruz.com.mx\/wp-content\/uploads\/2021\/10\/WhatsApp-Image-2021-10-02-at-15.20.25.jpeg\"><img loading=\"lazy\" decoding=\"async\" width=\"212\" height=\"300\" src=\"https:\/\/lospoliticosveracruz.com.mx\/wp-content\/uploads\/2021\/10\/WhatsApp-Image-2021-10-02-at-15.20.25-212x300.jpeg\" alt=\"\" class=\"wp-image-80177\" srcset=\"https:\/\/lospoliticosveracruz.com.mx\/wp-content\/uploads\/2021\/10\/WhatsApp-Image-2021-10-02-at-15.20.25-212x300.jpeg 212w, https:\/\/lospoliticosveracruz.com.mx\/wp-content\/uploads\/2021\/10\/WhatsApp-Image-2021-10-02-at-15.20.25-724x1024.jpeg 724w, https:\/\/lospoliticosveracruz.com.mx\/wp-content\/uploads\/2021\/10\/WhatsApp-Image-2021-10-02-at-15.20.25-768x1086.jpeg 768w, https:\/\/lospoliticosveracruz.com.mx\/wp-content\/uploads\/2021\/10\/WhatsApp-Image-2021-10-02-at-15.20.25.jpeg 905w\" sizes=\"auto, (max-width: 212px) 100vw, 212px\" \/><\/a><\/figure><\/div>\n\n\n<p>Si los nanchitecos la pusieron, los nanchitecos la pueden quitar por no sentirse representados por ella que como la mayor\u00eda de los morenistas voltearon la cara al pueblo, a sus representantes, para plegarse a los gustos y caprichos del presidente L\u00f3pez.<\/p>\n\n\n\n<p>Recordar\u00e1n amables lectoras y lectores, que el gobierno federal determin\u00f3 cerrar el basurero m\u00e1s contaminante de este pa\u00eds, el de \u201cLas Matas\u201d en el municipio de Minatitl\u00e1n y para sustituirlo, decidi\u00f3 crear uno regional, que aseguran ser\u00e1 relleno sanitario porque tecnol\u00f3gicamente evitar\u00e1n sea contaminante del ambiente, en el cual se depositar\u00edan m\u00e1s de 500 toneladas de basura proveniente de los municipios de Minatitl\u00e1n, Coatzacoalcos, Cosoleacaque y por supuesto Nanchital.<\/p>\n\n\n\n<p>Hoy, por voz de la alcaldesa del municipio nanchiteco, Esmeralda Mora Zamudio, se sabe que el ayuntamiento que ella preside no ha autorizado siquiera el cambio de uso de suelo para el disque relleno sanitario regional y que peor a\u00fan, no sabe nada del proyecto del gobierno federal.<\/p>\n\n\n\n<p>Por lo mismo, la presidenta municipal de Nanchital de L\u00e1zaro C\u00e1rdenas del R\u00edo se ha sumado a sus gobernados para demandar al presidente L\u00f3pez que cancele este proyecto.<\/p>\n\n\n\n<p>Textualmente la alcaldesa municipal nanchiteca dijo el lunes pasado \u201cquiero decirle que desde que nos anunci\u00f3 el proyecto federal en su conferencia ma\u00f1anera, no ha aterrizado informaci\u00f3n oficial. Ninguna informaci\u00f3n oficial nos ha llegado al pueblo de Nanchital por parte de las autoridades correspondientes o competentes, los que debieran de informar, que es la parte de Semarnat y la parte de lo que es Sedema\u201d, mensaje por supuesto dirigido al presidente L\u00f3pez.<\/p>\n\n\n\n<p>Por ello y presionada por gran parte de la poblaci\u00f3n que por cierto no la dej\u00f3 dar el grito de Independencia la semana pasada, la morenista Esmeralda Mora Zamudio le mand\u00f3 a decir tambi\u00e9n al presidente L\u00f3pez \u201ccon todo cari\u00f1o, con todo respeto, le solicito en este momento que est\u00e9 suspendida toda actividad vinculada a la construcci\u00f3n del relleno sanitario que viene ahorita para Nanchital, es un relleno regional, hasta que se le informe a la poblaci\u00f3n y presenten el proyecto a toda nuestra gente\u201d.<\/p>\n\n\n\n<p>El posicionamiento y deslinde de la alcaldesa nanchiteca, se dio luego de que los mismos pobladores del lugar que demandan la cancelaci\u00f3n del proyecto del Relleno Sanitario Regional en Nanchital, sumaron la demanda de revocaci\u00f3n de mandato de la presidenta municipal Esmeralda Mora Zamudio, quien as\u00ed habr\u00e1 visto a la poblaci\u00f3n y verse ella sin respaldo gubernamental, que mejor se sum\u00f3 a quienes la eligieron no vaya a ser que se convierta en ejemplo de lo que tanto pregona L\u00f3pez el presidente \u201cel pueblo pone y el pueblo quita\u201d.<\/p>\n\n\n\n<p>UNO PARA TODOS \u2026 La comunicadora y periodista Eirinet G\u00f3mez L\u00f3pez<\/p>\n\n\n\n<p>public\u00f3 en su cuenta de Xtwitter @ninetologa, el riesgo que corre el compa\u00f1ero Josu\u00e9 Othoniel Alejandre, a quien est\u00e1n amenazando de muerte por hacer su trabajo al reportear la privaci\u00f3n de la libertad de una persona en el sur de Veracruz.<\/p>\n\n\n\n<p>Eirinet public\u00f3 \u201cTengo miedo, no quiero ser el pr\u00f3ximo #periodista asesinado en Veracruz\u00bb, me dijo el #Josu\u00e9OthonielAlejandro, al contarme sobre las amenazas que recibi\u00f3 por reportear la privaci\u00f3n de la libertad de una persona en el sur de #Veracruz\u201d, denuncia a la que nos sumamos desde aqu\u00ed, en apoyo del compa\u00f1ero del municipio de Isla.<\/p>\n\n\n\n<p>TODOS PARA UNO \u2026 Por cierto, el sur de la entidad veracruzana se est\u00e1 convirtiendo en una zona dif\u00edcil para ejercer el periodismo, pues ya no se sabe de d\u00f3nde vienen las agresiones.<\/p>\n\n\n\n<p>Recordar\u00e1n amables lectoras y lectores, que hace unos d\u00edas periodistas de Minatitl\u00e1n, Veracruz, publicaron una carta abierta al presidente de la rep\u00fablica Andr\u00e9s Manuel L\u00f3pez Obrador y al secretario de la Defensa Nacional, Luis Crescencio Sandoval Gonz\u00e1lez, por los atropellos que sufrieron en la 29 zona militar el pasado 13 de septiembre, en la ceremonia dedicada a los Ni\u00f1os H\u00e9roes.<\/p>\n\n\n\n<p>D\u00cdGALO SIN MIEDO \u2026 Al correo electr\u00f3nico guadalupehmar@yahoo.com<\/p>\n","protected":false},"excerpt":{"rendered":"<p>Guadalupe H. Mar Mira Pol\u00edtica VOX DEI \u2026 Convencida de la certeza de que el pueblo pone y el pueblo quita, la alcaldesa morenista del municipio de Nanchital de L\u00e1zaro C\u00e1rdenas del R\u00edo, Esmeralda Mora Zamudio, se sum\u00f3 a sus gobernados que se niegan a la creaci\u00f3n de un relleno sanitario regional en su territorio [&hellip;]<\/p>\n","protected":false},"author":2,"featured_media":0,"comment_status":"closed","ping_status":"closed","sticky":false,"template":"","format":"standard","meta":{"_jetpack_newsletter_access":"","_jetpack_dont_email_post_to_subs":false,"_jetpack_newsletter_tier_id":0,"_jetpack_memberships_contains_paywalled_content":false,"_jetpack_memberships_contains_paid_content":false,"footnotes":""},"categories":[70],"tags":[10951,39381],"class_list":["post-111762","post","type-post","status-publish","format-standard","hentry","category-de-opinion","tag-esmeralda-mora-zamudio","tag-nanchital-de-lazaro-cardenas-del-rio"],"jetpack_featured_media_url":"","jetpack_sharing_enabled":true,"jetpack_shortlink":"https:\/\/wp.me\/s4Qcd3-populi","_links":{"self":[{"href":"https:\/\/lospoliticosveracruz.com.mx\/index.php?rest_route=\/wp\/v2\/posts\/111762","targetHints":{"allow":["GET"]}}],"collection":[{"href":"https:\/\/lospoliticosveracruz.com.mx\/index.php?rest_route=\/wp\/v2\/posts"}],"about":[{"href":"https:\/\/lospoliticosveracruz.com.mx\/index.php?rest_route=\/wp\/v2\/types\/post"}],"author":[{"embeddable":true,"href":"https:\/\/lospoliticosveracruz.com.mx\/index.php?rest_route=\/wp\/v2\/users\/2"}],"replies":[{"embeddable":true,"href":"https:\/\/lospoliticosveracruz.com.mx\/index.php?rest_route=%2Fwp%2Fv2%2Fcomments&post=111762"}],"version-history":[{"count":1,"href":"https:\/\/lospoliticosveracruz.com.mx\/index.php?rest_route=\/wp\/v2\/posts\/111762\/revisions"}],"predecessor-version":[{"id":111763,"href":"https:\/\/lospoliticosveracruz.com.mx\/index.php?rest_route=\/wp\/v2\/posts\/111762\/revisions\/111763"}],"wp:attachment":[{"href":"https:\/\/lospoliticosveracruz.com.mx\/index.php?rest_route=%2Fwp%2Fv2%2Fmedia&parent=111762"}],"wp:term":[{"taxonomy":"category","embeddable":true,"href":"https:\/\/lospoliticosveracruz.com.mx\/index.php?rest_route=%2Fwp%2Fv2%2Fcategories&post=111762"},{"taxonomy":"post_tag","embeddable":true,"href":"https:\/\/lospoliticosveracruz.com.mx\/index.php?rest_route=%2Fwp%2Fv2%2Ftags&post=111762"}],"curies":[{"name":"wp","href":"https:\/\/api.w.org\/{rel}","templated":true}]}}