{"id":111959,"date":"2023-09-24T23:53:19","date_gmt":"2023-09-25T04:53:19","guid":{"rendered":"https:\/\/lospoliticosveracruz.com.mx\/?p=111959"},"modified":"2023-09-24T23:53:25","modified_gmt":"2023-09-25T04:53:25","slug":"gasoducto","status":"publish","type":"post","link":"https:\/\/lospoliticosveracruz.com.mx\/?p=111959","title":{"rendered":"GASODUCTO"},"content":{"rendered":"\n<p><strong>Guadalupe H. Mar<br><\/strong><em>Mira Pol\u00edtica<\/em><\/p>\n\n\n\n<p>PROTESTA VECINAL \u2026 Ante la falta de informaci\u00f3n oficial de parte de los tres niveles de gobierno, vecinos de la avenida Juan Pablo II, del municipio de Boca del R\u00edo, realizaron un plant\u00f3n la ma\u00f1ana del s\u00e1bado, para clausurar simb\u00f3licamente los trabajos de modernizaci\u00f3n de esa v\u00eda, obra que se aprovecha para furtivamente introducir ductos que transportar\u00e1n gas natural.<\/p>\n\n\n<div class=\"wp-block-image\">\n<figure class=\"alignleft size-full is-resized\"><a href=\"https:\/\/lospoliticosveracruz.com.mx\/wp-content\/uploads\/2023\/02\/Vinissimo.jpg\"><img loading=\"lazy\" decoding=\"async\" src=\"https:\/\/lospoliticosveracruz.com.mx\/wp-content\/uploads\/2023\/02\/Vinissimo.jpg\" alt=\"\" class=\"wp-image-102752\" width=\"175\" height=\"178\"\/><\/a><\/figure><\/div>\n\n\n<p><br>En la esquina que conforman las avenidas Urano y Juan Pablo II, los vecinos se reunieron y con una peque\u00f1a lona manifestaron su rechazo a la silente introducci\u00f3n de un gasoducto.<br>\u00bfPor qu\u00e9 furtivamente? La respuesta es simple amables lectoras y lectores. Porque oficialmente ninguno de los representantes de los tres niveles de gobierno, el federal, estatal y municipal, han confirmado que en los trabajos de modernizaci\u00f3n de la avenida Juan Pablo II, que corre del bulevar costero Manuel \u00c1vila Camacho hasta la avenida Salvador D\u00edaz Mir\u00f3n del municipio de Boca del R\u00edo, han confirmado la introducci\u00f3n de un gasoducto para transporte de gas natural.<br>Los vecinos que realizaron el plant\u00f3n del s\u00e1bado en contra de ese ducto para gas natural, exigieron eso a las autoridades, informaci\u00f3n oficial, pues es evidente y existen testimonios videograbados, de la introducci\u00f3n de ductos en el \u00e1rea de las banquetas, apenas a un metro de profundidad.<br>La desinformaci\u00f3n sobre la furtiva introducci\u00f3n de un gasoducto en la avenida Juan Pablo II, es la que genera temor y desconfianza, lo cual a su vez provoca incertidumbre y miedo, que conforme avance la obra ocasionar\u00e1 m\u00e1s protestas vecinales.<br><strong>DEDAZO PRESIDENCIAL \u2026 <\/strong>Al igual que lo hizo con la doctora Claudia Sheinbaum Pardo a quien le arm\u00f3 su democr\u00e1tica designaci\u00f3n como virtual abanderada del Partido Movimiento de Regeneraci\u00f3n Nacional, as\u00ed el presidente de la rep\u00fablica y primer morenista del pa\u00eds, Andr\u00e9s Manuel L\u00f3pez Obrador, construy\u00f3 el escenario para que la zacatecana Norma Roc\u00edo Nahle Garc\u00eda sea la candidata de Morena al gobierno del estado de Veracruz.<br>Y para ratificarlo, adem\u00e1s de dar l\u00ednea, el presidente L\u00f3pez el viernes pasado durante su mon\u00f3logo ma\u00f1anero, habl\u00f3 de Norma Roc\u00edo, de quien adelant\u00f3 que renunciar\u00e1 al cargo de Secretar\u00eda de Energ\u00eda, del gobierno federal.<br>Como anta\u00f1o, en la moderna versi\u00f3n del dedazo, el presidente L\u00f3pez se refiri\u00f3 a Nahle Garc\u00eda y su intenci\u00f3n de ser la pr\u00f3xima gobernadora del estado de Veracruz: \u201cSi ella tiene ese prop\u00f3sito, adelante. Que le vaya muy bien, es de primera. Una mujer con principios, honesta, trabajadora\u201d.<br>Ante ello, el morenismo veracruzano tiene la ruta trazada, as\u00ed le manden a todos los \u201cAd\u00e1n Augusto\u201d que solo se apuntar\u00e1n para hacer cre\u00edble un escenario construido por dedazo presidencial.<br><strong>TREMENDA SOLUCI\u00d3N \u2026<\/strong> El gobierno estatal y la Comisi\u00f3n de Agua del estado de Veracruz (CAEV) est\u00e1n invirtiendo, desde hace algunos meses, casi 100 millones de pesos, no para atender la problem\u00e1tica por falta de abasto del vital l\u00edquido en el territorio veracruzano, sino en la construcci\u00f3n de edificios para sus nuevas oficinas.<br>El argumento de los directivos de la CAEV para invertir en nuevas instalaciones, es que ya no caben en los lugares que ocupan, lo que hace suponer exceso de personal y, por otro lado, ahorrar en el pago de rentas, sin decir hasta ahora de cu\u00e1nto ser\u00e1 el ahorro.<br>Obviamente este dinero ser\u00e1 reportado por el gobierno estatal, como inversi\u00f3n relacionada con el abasto de agua potable.<br><strong>NO HAY, NO HAY \u2026 <\/strong>Xalapa, la ciudad capital del estado, sigue padeciendo por falta de suministro de agua potable en sus m\u00e1s de 300 colonias populares y, sobre todo, en el centro de la ciudad, no obstante que ha llovido, las represas se han llenado y los r\u00edos llevan m\u00e1s agua.<br>Esta falta de agua potable demuestra que los gobiernos estatal y municipal no han invertido lo suficiente y necesario para dotar de este servicio b\u00e1sico a la ciudadan\u00eda.<br>Con palabras, los gobernantes han querido solucionar el problema, pero los hechos demuestran que no han podido.<br>D\u00cdGALO SIN MIEDO \u2026 Al correo electr\u00f3nico guadalupehmar@yahoo.com<\/p>\n","protected":false},"excerpt":{"rendered":"<p>Guadalupe H. MarMira Pol\u00edtica PROTESTA VECINAL \u2026 Ante la falta de informaci\u00f3n oficial de parte de los tres niveles de gobierno, vecinos de la avenida Juan Pablo II, del municipio de Boca del R\u00edo, realizaron un plant\u00f3n la ma\u00f1ana del s\u00e1bado, para clausurar simb\u00f3licamente los trabajos de modernizaci\u00f3n de esa v\u00eda, obra que se aprovecha [&hellip;]<\/p>\n","protected":false},"author":2,"featured_media":0,"comment_status":"closed","ping_status":"closed","sticky":false,"template":"","format":"standard","meta":{"_jetpack_newsletter_access":"","_jetpack_dont_email_post_to_subs":false,"_jetpack_newsletter_tier_id":0,"_jetpack_memberships_contains_paywalled_content":false,"_jetpack_memberships_contains_paid_content":false,"footnotes":""},"categories":[70],"tags":[6725,618,601,3739,17763,1992,1606,1026,9982,96],"class_list":["post-111959","post","type-post","status-publish","format-standard","hentry","category-de-opinion","tag-agua","tag-andres-manuel-lopez-obrador","tag-boca-del-rio","tag-caev","tag-claudia-sheinbaum-pardo","tag-gasoducto","tag-guadalupe-h-mar","tag-morena","tag-norma-rocio-nahle-garcia","tag-xalapa"],"jetpack_featured_media_url":"","jetpack_sharing_enabled":true,"jetpack_shortlink":"https:\/\/wp.me\/p4Qcd3-t7N","_links":{"self":[{"href":"https:\/\/lospoliticosveracruz.com.mx\/index.php?rest_route=\/wp\/v2\/posts\/111959","targetHints":{"allow":["GET"]}}],"collection":[{"href":"https:\/\/lospoliticosveracruz.com.mx\/index.php?rest_route=\/wp\/v2\/posts"}],"about":[{"href":"https:\/\/lospoliticosveracruz.com.mx\/index.php?rest_route=\/wp\/v2\/types\/post"}],"author":[{"embeddable":true,"href":"https:\/\/lospoliticosveracruz.com.mx\/index.php?rest_route=\/wp\/v2\/users\/2"}],"replies":[{"embeddable":true,"href":"https:\/\/lospoliticosveracruz.com.mx\/index.php?rest_route=%2Fwp%2Fv2%2Fcomments&post=111959"}],"version-history":[{"count":1,"href":"https:\/\/lospoliticosveracruz.com.mx\/index.php?rest_route=\/wp\/v2\/posts\/111959\/revisions"}],"predecessor-version":[{"id":111960,"href":"https:\/\/lospoliticosveracruz.com.mx\/index.php?rest_route=\/wp\/v2\/posts\/111959\/revisions\/111960"}],"wp:attachment":[{"href":"https:\/\/lospoliticosveracruz.com.mx\/index.php?rest_route=%2Fwp%2Fv2%2Fmedia&parent=111959"}],"wp:term":[{"taxonomy":"category","embeddable":true,"href":"https:\/\/lospoliticosveracruz.com.mx\/index.php?rest_route=%2Fwp%2Fv2%2Fcategories&post=111959"},{"taxonomy":"post_tag","embeddable":true,"href":"https:\/\/lospoliticosveracruz.com.mx\/index.php?rest_route=%2Fwp%2Fv2%2Ftags&post=111959"}],"curies":[{"name":"wp","href":"https:\/\/api.w.org\/{rel}","templated":true}]}}