{"id":112376,"date":"2023-10-03T08:47:36","date_gmt":"2023-10-03T13:47:36","guid":{"rendered":"https:\/\/lospoliticosveracruz.com.mx\/?p=112376"},"modified":"2023-10-03T08:47:41","modified_gmt":"2023-10-03T13:47:41","slug":"la-justicia-pidiendo-justicia","status":"publish","type":"post","link":"https:\/\/lospoliticosveracruz.com.mx\/?p=112376","title":{"rendered":"LA JUSTICIA PIDIENDO JUSTICIA"},"content":{"rendered":"\n<p><strong>Jos\u00e9 Luis Enr\u00edquez Ambell<br><\/strong><em>Caf\u00e9 de Ma\u00f1ana<\/em><\/p>\n\n\n\n<p>La intenci\u00f3n de mejorar la impartici\u00f3n de justicia en una etapa donde junto con la procuraci\u00f3n de justicia y la seguridad p\u00fablica no atraviesan por sus mejores momentos -en lo individual como en lo colectivo- y por si algo a\u00fan faltase, ahora enfrenta el tema presupuestal, y esto es en lo local y federal; o sea, en Veracruz y en el Pa\u00eds.<\/p>\n\n\n<div class=\"wp-block-image\">\n<figure class=\"alignleft size-medium\"><a href=\"https:\/\/lospoliticosveracruz.com.mx\/wp-content\/uploads\/2021\/10\/Zacauilt.jpg\"><img decoding=\"async\" src=\"https:\/\/lospoliticosveracruz.com.mx\/wp-content\/uploads\/2021\/10\/Zacauilt-150x300.jpg\" alt=\"\" class=\"wp-image-80558\"\/><\/a><\/figure><\/div>\n\n\n<p>La Comisi\u00f3n de Presupuesto y Cuenta P\u00fablica del H. Congreso de la Uni\u00f3n, entiendo que sus miembros cuentan con las herramientas que necesitan para revisar, discutir, proponer, as\u00ed como, aprobar el paquete econ\u00f3mico con el equilibrio posible y la responsabilidad legislativa incluso por encima del deseo de la SHCP y del Poder Ejecutivo para que no s\u00f3lo se observ\u00e9 en la decisi\u00f3n del gasto la inversi\u00f3n social como la electoral sino tambi\u00e9n, la operatividad integral de la administraci\u00f3n p\u00fablica, y donde se incluya al Poder Judicial comprendiendo tambi\u00e9n a la seguridad p\u00fablica y procuraci\u00f3n de justicia.<\/p>\n\n\n\n<p>Las miradas desde todos los enfoques no creo sean \u00fanicamente al venidero proceso electoral y al gasto social; sino tambi\u00e9n a la movilidad, el mantenimiento y la conservaci\u00f3n de todas las instituciones p\u00fablicas, y el Poder Judicial forma parte de la salud, educaci\u00f3n y cultura vigorosas del pa\u00eds, de ah\u00ed que su presupuesto es alimento puro para robustecerlo en favor de la poblaci\u00f3n.<\/p>\n\n\n\n<p>La divisi\u00f3n de Poderes no s\u00f3lo es una frontera de respeto en la actuaci\u00f3n individual y colectiva sino que tambi\u00e9n lleva impl\u00edcito no intentar el sometimiento o empujamiento al abismo para querer cortarle el presupuesto al Poder Judicial a trav\u00e9s del abuso de un maridaje clandestino entre el Poder Ejecutivo y Legislativo, y con una especie de bulling pol\u00edtico y teniendo de reh\u00e9n al PPEF y Paquete Econ\u00f3mico para el 2024, que est\u00e1 por autorizarse.<\/p>\n\n\n\n<p>La etapa de rivalidades, competencias, traiciones y deslealtades que se observan entre los actores en los escenarios de Veracruz y M\u00e9xico, por estos d\u00edas, el presupuesto para el egresos del pr\u00f3ximo a\u00f1o, empezar\u00e1 a ocuparse como una medida de presi\u00f3n, y ya veremos qu\u00e9 posici\u00f3n responsable o no asume el Poder Legislativo ante el Poder Ejecutivo para favorecer o no al Poder Judicial.<\/p>\n\n\n\n<p>Mientras tanto, en el sexenio federal en su recta final, as\u00ed como, en nueve entidades federativas -Veracruz incluido- veremos c\u00f3mo se despachan y tratan los Poderes, e incluso a los Organismos Aut\u00f3nomos c\u00f3mo les va en la repartici\u00f3n del presupuesto a trav\u00e9s del Paquete Econ\u00f3mico 2024.<\/p>\n\n\n\n<p>En res\u00famen<\/p>\n\n\n\n<p><strong>DE SOBREMESA<\/strong><\/p>\n\n\n\n<p>En el ambiente de la sucesi\u00f3n transexenal se logra observar que existen conductas a la espera de la traici\u00f3n. Y es que en estos tiempos aciagos de algunos pol\u00edticos que se han formado entre la olla expres y hasta en horno de microondas, da la impresi\u00f3n que el quehacer de la pol\u00edtica dej\u00f3 de ser un proyecto profesional de personas serias, siendo relevado por un trabajo en donde estar y cobrar, sin aportar o muy poco.<\/p>\n\n\n\n<p><strong>UN CAF\u00c9 CON DOBLE CARGA<\/strong><\/p>\n\n\n\n<p>Hay quienes opinan existe la autofagia y el canibalismo para transitar en la sucesi\u00f3n entre algunos militantes partidistas. Y es que, la descomposici\u00f3n que destruye en lo interior -la autofagia- y la costumbre humana de comerse unos a otros -el canibalismo- es muy poca la diferencia, pues pareciera que se trata de qu\u00edtate para que yo me ponga, acci\u00f3n o conducta propia entre tribus feroces.<\/p>\n\n\n\n<p><strong>UN CAF\u00c9 CON CANELA Y PANELA<\/strong><\/p>\n\n\n\n<p>La C\u00e1mara de Diputados en lo federal tiene hasta el 20 de octubre para discutir, as\u00ed como, aprobar la Iniciativa de Ley de Ingresos que enviar\u00e1 al Senado de la Rep\u00fablica para su aprobaci\u00f3n, a m\u00e1s tardar el 31 de octubre. Y respecto al Presupuesto de Egresos, los diputados deber\u00e1n aprobarlo a m\u00e1s tardar el 15 de noviembre ya que el Ejecutivo tiene que hacer la publicaci\u00f3n en el Diario Oficial de la Federaci\u00f3n (DOF) 20 d\u00edas naturales despu\u00e9s. Esto significa que a toda m\u00e1quina y marchas forzadas los legisladores habr\u00e1n de trabajar estas semanas en materia del Paquete Econ\u00f3mico 2024.<\/p>\n\n\n\n<p>\u00a1 ES CUANTO !<\/p>\n\n\n\n<p>Jos\u00e9 Luis Enr\u00edquez Ambell<br>enamjl62@gmail.com; enriquezambell@gmail.com<br>Secretario General de la Federaci\u00f3n Aut\u00e9ntica de Trabajadores del Estado de Veracruz (FATEV &#8211; JLEG) Registro Federal del Trabajo # 5844 y Director General de la Consultor\u00eda y Asesor\u00eda Integral AECAI Torre Animas en Xalapa, Ver<\/p>\n","protected":false},"excerpt":{"rendered":"<p>Jos\u00e9 Luis Enr\u00edquez AmbellCaf\u00e9 de Ma\u00f1ana La intenci\u00f3n de mejorar la impartici\u00f3n de justicia en una etapa donde junto con la procuraci\u00f3n de justicia y la seguridad p\u00fablica no atraviesan por sus mejores momentos -en lo individual como en lo colectivo- y por si algo a\u00fan faltase, ahora enfrenta el tema presupuestal, y esto es [&hellip;]<\/p>\n","protected":false},"author":2,"featured_media":0,"comment_status":"closed","ping_status":"closed","sticky":false,"template":"","format":"standard","meta":{"_jetpack_newsletter_access":"","_jetpack_dont_email_post_to_subs":false,"_jetpack_newsletter_tier_id":0,"_jetpack_memberships_contains_paywalled_content":false,"_jetpack_memberships_contains_paid_content":false,"footnotes":""},"categories":[70],"tags":[8383,10613,1315],"class_list":["post-112376","post","type-post","status-publish","format-standard","hentry","category-de-opinion","tag-jose-luis-enriquez-ambell","tag-ley-de-ingresos","tag-senado-de-la-republica"],"jetpack_featured_media_url":"","jetpack_sharing_enabled":true,"jetpack_shortlink":"https:\/\/wp.me\/p4Qcd3-tew","_links":{"self":[{"href":"https:\/\/lospoliticosveracruz.com.mx\/index.php?rest_route=\/wp\/v2\/posts\/112376","targetHints":{"allow":["GET"]}}],"collection":[{"href":"https:\/\/lospoliticosveracruz.com.mx\/index.php?rest_route=\/wp\/v2\/posts"}],"about":[{"href":"https:\/\/lospoliticosveracruz.com.mx\/index.php?rest_route=\/wp\/v2\/types\/post"}],"author":[{"embeddable":true,"href":"https:\/\/lospoliticosveracruz.com.mx\/index.php?rest_route=\/wp\/v2\/users\/2"}],"replies":[{"embeddable":true,"href":"https:\/\/lospoliticosveracruz.com.mx\/index.php?rest_route=%2Fwp%2Fv2%2Fcomments&post=112376"}],"version-history":[{"count":1,"href":"https:\/\/lospoliticosveracruz.com.mx\/index.php?rest_route=\/wp\/v2\/posts\/112376\/revisions"}],"predecessor-version":[{"id":112377,"href":"https:\/\/lospoliticosveracruz.com.mx\/index.php?rest_route=\/wp\/v2\/posts\/112376\/revisions\/112377"}],"wp:attachment":[{"href":"https:\/\/lospoliticosveracruz.com.mx\/index.php?rest_route=%2Fwp%2Fv2%2Fmedia&parent=112376"}],"wp:term":[{"taxonomy":"category","embeddable":true,"href":"https:\/\/lospoliticosveracruz.com.mx\/index.php?rest_route=%2Fwp%2Fv2%2Fcategories&post=112376"},{"taxonomy":"post_tag","embeddable":true,"href":"https:\/\/lospoliticosveracruz.com.mx\/index.php?rest_route=%2Fwp%2Fv2%2Ftags&post=112376"}],"curies":[{"name":"wp","href":"https:\/\/api.w.org\/{rel}","templated":true}]}}