{"id":112479,"date":"2023-10-04T21:18:38","date_gmt":"2023-10-05T02:18:38","guid":{"rendered":"https:\/\/lospoliticosveracruz.com.mx\/?p=112479"},"modified":"2023-10-04T21:19:57","modified_gmt":"2023-10-05T02:19:57","slug":"la-ley-3-de-3","status":"publish","type":"post","link":"https:\/\/lospoliticosveracruz.com.mx\/?p=112479","title":{"rendered":"LA LEY 3 DE 3"},"content":{"rendered":"\n<p><strong>Enrique Yasser Pompeyo<br><\/strong><em>Mesa de Redacci\u00f3n<\/em><\/p>\n\n\n\n<p>La denominada \u201cLey 3 de 3\u201d tiene el objetivo de suspender los derechos para ocupar cargos, empleo o comisi\u00f3n del servicio p\u00fablico a deudores alimentarios, as\u00ed como a quienes tienen sentencia firme por violencia de g\u00e9nero pol\u00edtica, f\u00edsica, sexual, familiar, dom\u00e9stica o violaci\u00f3n a la intimidad.<\/p>\n\n\n\n<figure class=\"wp-block-image size-large\"><a href=\"https:\/\/lospoliticosveracruz.com.mx\/wp-content\/uploads\/2016\/07\/Seguro-Julio-Cerecedo-2.jpg\"><img decoding=\"async\" src=\"https:\/\/lospoliticosveracruz.com.mx\/wp-content\/uploads\/2016\/07\/Seguro-Julio-Cerecedo-2-1024x381.jpg\" alt=\"\" class=\"wp-image-105879\"\/><\/a><\/figure>\n\n\n\n<p>Como se recordar\u00e1, se trata de una reforma que se hizo a los art\u00edculos 38 y 102 de la Constituci\u00f3n Pol\u00edtica del pa\u00eds, la cual fue ratificada por las 32 entidades federativas.<\/p>\n\n\n\n<p>Desafortunadamente, en el estado de Veracruz no se han hecho los ajustes a los ordenamientos jur\u00eddicos.<\/p>\n\n\n\n<p>Pese a ello, la diputada Anil\u00fa Ingram Vallines es clara al precisar que se debe respetar al pie de la letra, de manera que \u201cno se escapan\u201d los deudores, los agresores y los acosadores.<\/p>\n\n\n\n<p>El tema cobra relevancia porque a nivel federal ya comenz\u00f3 el proceso electoral para renovar la presidencia del pa\u00eds, as\u00ed como la C\u00e1mara de Senadores y la C\u00e1mara de Diputados.<\/p>\n\n\n\n<p>Adem\u00e1s, dentro de un mes, en la entidad veracruzana inicia el proceso local para elegir nuevo gobernador y diputados locales.<\/p>\n\n\n\n<p>De manera que ninguna persona que se encuentre entre los supuestos que establece la Carta Magna puede aparecer en las boletas electorales.<\/p>\n\n\n\n<p>La tambi\u00e9n coordinadora del Grupo Legislativo del PRI en el Congreso del Estado subraya que los partidos pol\u00edticos deben cumplir con las disposiciones de la Constituci\u00f3n.<\/p>\n\n\n\n<p>Algunos personajes pol\u00edticos que tienen aspiraciones de ocupar un cargo de elecci\u00f3n popular deber\u00e1n revisar lo que han hecho, pues podr\u00edan verse imposibilitados de participar.<\/p>\n\n\n\n<p>Las dirigencias estatales y nacionales tambi\u00e9n tendr\u00e1n que revisar con lupa el perfil de cada aspirante, pues podr\u00edan llevarse varias sorpresas.<\/p>\n\n\n\n<p>enriquepompeyo@hotmail.com<\/p>\n","protected":false},"excerpt":{"rendered":"<p>Enrique Yasser PompeyoMesa de Redacci\u00f3n La denominada \u201cLey 3 de 3\u201d tiene el objetivo de suspender los derechos para ocupar cargos, empleo o comisi\u00f3n del servicio p\u00fablico a deudores alimentarios, as\u00ed como a quienes tienen sentencia firme por violencia de g\u00e9nero pol\u00edtica, f\u00edsica, sexual, familiar, dom\u00e9stica o violaci\u00f3n a la intimidad. Como se recordar\u00e1, se [&hellip;]<\/p>\n","protected":false},"author":2,"featured_media":0,"comment_status":"closed","ping_status":"closed","sticky":false,"template":"","format":"standard","meta":{"_jetpack_newsletter_access":"","_jetpack_dont_email_post_to_subs":false,"_jetpack_newsletter_tier_id":0,"_jetpack_memberships_contains_paywalled_content":false,"_jetpack_memberships_contains_paid_content":false,"footnotes":""},"categories":[70],"tags":[1872,15477],"class_list":["post-112479","post","type-post","status-publish","format-standard","hentry","category-de-opinion","tag-anilu-ingram-vallines","tag-enrique-yasser-pompeyo"],"jetpack_featured_media_url":"","jetpack_sharing_enabled":true,"jetpack_shortlink":"https:\/\/wp.me\/p4Qcd3-tgb","_links":{"self":[{"href":"https:\/\/lospoliticosveracruz.com.mx\/index.php?rest_route=\/wp\/v2\/posts\/112479","targetHints":{"allow":["GET"]}}],"collection":[{"href":"https:\/\/lospoliticosveracruz.com.mx\/index.php?rest_route=\/wp\/v2\/posts"}],"about":[{"href":"https:\/\/lospoliticosveracruz.com.mx\/index.php?rest_route=\/wp\/v2\/types\/post"}],"author":[{"embeddable":true,"href":"https:\/\/lospoliticosveracruz.com.mx\/index.php?rest_route=\/wp\/v2\/users\/2"}],"replies":[{"embeddable":true,"href":"https:\/\/lospoliticosveracruz.com.mx\/index.php?rest_route=%2Fwp%2Fv2%2Fcomments&post=112479"}],"version-history":[{"count":1,"href":"https:\/\/lospoliticosveracruz.com.mx\/index.php?rest_route=\/wp\/v2\/posts\/112479\/revisions"}],"predecessor-version":[{"id":112480,"href":"https:\/\/lospoliticosveracruz.com.mx\/index.php?rest_route=\/wp\/v2\/posts\/112479\/revisions\/112480"}],"wp:attachment":[{"href":"https:\/\/lospoliticosveracruz.com.mx\/index.php?rest_route=%2Fwp%2Fv2%2Fmedia&parent=112479"}],"wp:term":[{"taxonomy":"category","embeddable":true,"href":"https:\/\/lospoliticosveracruz.com.mx\/index.php?rest_route=%2Fwp%2Fv2%2Fcategories&post=112479"},{"taxonomy":"post_tag","embeddable":true,"href":"https:\/\/lospoliticosveracruz.com.mx\/index.php?rest_route=%2Fwp%2Fv2%2Ftags&post=112479"}],"curies":[{"name":"wp","href":"https:\/\/api.w.org\/{rel}","templated":true}]}}