{"id":112481,"date":"2023-10-04T21:30:46","date_gmt":"2023-10-05T02:30:46","guid":{"rendered":"https:\/\/lospoliticosveracruz.com.mx\/?p=112481"},"modified":"2023-10-04T21:30:54","modified_gmt":"2023-10-05T02:30:54","slug":"sener-y-cfe-deben-poner-orden-en-xalapa","status":"publish","type":"post","link":"https:\/\/lospoliticosveracruz.com.mx\/?p=112481","title":{"rendered":"SENER Y CFE DEBEN PONER ORDEN EN XALAPA"},"content":{"rendered":"\n<p><strong>Jos\u00e9 Luis Enr\u00edquez Ambell<br><\/strong><em>Caf\u00e9 de Ma\u00f1ana<\/em><\/p>\n\n\n\n<p>Existe un protocolo normativo cuando se debe suspender el servicio de energ\u00eda el\u00e9ctrica por la CFE y que incluso est\u00e1 publicado en el Diario Oficial de la Federaci\u00f3n, y por supuesto, fuera de las circunstancias por impactos o efectos de la naturaleza y el medio ambiente que a veces ocasionan hasta da\u00f1os materiales y humanos.<\/p>\n\n\n<div class=\"wp-block-image\">\n<figure class=\"alignleft size-medium\"><a href=\"https:\/\/lospoliticosveracruz.com.mx\/wp-content\/uploads\/2021\/10\/Zacauilt.jpg\"><img decoding=\"async\" src=\"https:\/\/lospoliticosveracruz.com.mx\/wp-content\/uploads\/2021\/10\/Zacauilt-150x300.jpg\" alt=\"\" class=\"wp-image-80558\"\/><\/a><\/figure><\/div>\n\n\n<p>Y hay servidores p\u00fablicos de la Comisi\u00f3n Federal de Electricidad verdaderos ejemplos de trabajo y responsabilidad &#8211; sindicalizados y de confianza &#8211; pero hay otros que bajo sospechosos acuerdos con contratistas de la CFE y particulares, dejan muy mal parado al sector energ\u00e9tico, a la titular de la secretar\u00eda de energ\u00eda &#8211; por cierto Senadora de la Rep\u00fablica por Veracruz y con licencia, Ing. Roc\u00edo Nahle &#8211; y por supuesto al pol\u00edtico poblano Manuel Bartlett, famoso por la ca\u00edda del sistema electoral en 1988 siendo titular de la Secretar\u00eda de Gobernaci\u00f3n.<\/p>\n\n\n\n<p>Y es que aunque algunos cortes de luz est\u00e1n debidamente justificados, si el cliente sufre una interrupci\u00f3n del suministro el\u00e9ctrico de forma inesperada y sin causa,- como es el caso,- se debe proceder a que CFE indemnice como la distribuidora el\u00e9ctrica que es, a los afectados.<\/p>\n\n\n\n<p>Es el caso de este mi\u00e9rcoles cuando vecinos del Fraccionamiento Rinc\u00f3n del Sol ubicado sobra la Av. Pico de Orizaba # 5 y casi Esquina con Av. Araucarias &#8211; atr\u00e1s de la agencia volfswagen y frente a las oficinas de la CMIC Xalapa &#8211; de 9:00 a 15:00 hrs aproximadamente los y nos dejaron sin luz y servicio de energ\u00eda, vali\u00e9ndoles 10 de mayo en pleno octubre e inicio de oto\u00f1o.<\/p>\n\n\n\n<p>Cabe decir que un d\u00eda antes pasaron dejando en la reja del acceso peque\u00f1os volantes &#8211; ap\u00f3crifos por cierto, como consta en charlas con amigos funcionarios de la CFE a quienes se consulto a traves de what&#8217;s &#8211; y las c\u00e1maras de vigilancia dan muestra de que jam\u00e1s hubo un aviso oportuno, formal y de acuerdo al protocolo normativo, ni siquiera por cortes\u00eda de alguien que vende un servicio y no deber\u00eda maltratar a sus clientes.<\/p>\n\n\n\n<p>Hace un a\u00f1o Ra\u00fal \u00dasala L\u00f3pez fue relevado en la Gerencia de la Divisi\u00f3n Oriente CFE Xalapa y al cargo lleg\u00f3 Ferm\u00edn P\u00e9rez y a quien parece que le est\u00e1n fallando algunos subalternos, ojal\u00e1 no le vayan a ocasionar peores escenarios por andar queriendo pasarse de listos y sobre las l\u00edneas de la transparencia.<\/p>\n\n\n\n<p>Nadie que vende un servicio debe y puede da\u00f1ar a sus clientes, y menos cuando el r\u00e9gimen del Presidente L\u00f3pez Obrador dice promover \u00abel humanismo\u00bb. Bien dec\u00eda don Gaspar Henaine Capulina; \u00absi como no\u00bb, con estos elementos de la CFE el humanismo no se ve por ning\u00fan lado.<\/p>\n\n\n\n<p>Es norma que el departamento de planeaci\u00f3n de cada zona de distribuci\u00f3n, analice y autorice los proyectos de baja o media tensi\u00f3n, sean estos particulares o gubernamentales. Y cuando un proyecto es llevado a cabo y \u00e9ste se finaliza, ya se procede a la conexi\u00f3n a cargo de los departamentos de planeaci\u00f3n, comercial y medici\u00f3n, coordinados por distribuci\u00f3n de zona.<\/p>\n\n\n\n<p>Y es que, siempre antes de hacer enlaces de circuitos para alimentar servicios nuevos, si acaso es necesaria la suspensi\u00f3n del servicio el\u00e9ctrico de determinado circuito, debe avisarse a los usuarios acerca del evento, esto para no generar o afectar a los vecinos conectados a los ramales secundarios, pero les vali\u00f3 sombrilla.<\/p>\n\n\n\n<p>Se comenta que por amiguismo\/compadrazgo u otras razones de pe$o, en muchas ocasiones, el contratista en la CFE suele agilizar los tr\u00e1mites y finalizaci\u00f3n de las obras, lo que muchas veces lleva a la pr\u00e1ctica de \u00abconexiones r\u00e1pidas\u00bb sin dar a usuarios el obligado y necesario aviso de interrupci\u00f3n de energ\u00eda.<\/p>\n\n\n\n<p><strong>DE SOBREMESA<\/strong><\/p>\n\n\n\n<p>\u00abSin energ\u00eda no hay desarrollo y eso lo sabe bien la Secretaria Roc\u00edo Nahle, pero quiz\u00e1 desde la CFE en Xalapa &#8211; al menos &#8211; parece haber poco tacto y con &#8211; tacto social en materia humanista y de buen servicio con un mejor trato a clientes\u00bb.<\/p>\n\n\n\n<p><strong>UN CAF\u00c9 CON DOBLE CARGA<\/strong><\/p>\n\n\n\n<p>Junto con los criterios emitidos por la SHCP con miras al armado del Paquete Econ\u00f3mico 2024 se ha dicho que algunas dependencias como la CFE y SENER no sufrir\u00e1n recortes y quiza hasta beneficiadas con&nbsp;recursos adicionales, y ante el maltrato a usuarios habr\u00e1 que pedir a diputados y senadores les propongan un mejoramiento en materia de capacitaci\u00f3n a ciertos empleados de la Comisi\u00f3n Federal de Electricidad, empezando por considerar la partida presupuestal para ello.<\/p>\n\n\n\n<p><strong>UN CAF\u00c9 VERACRUZANO<\/strong><\/p>\n\n\n\n<p>No hay duda que la designada para contender en Veracruz por Morena ser\u00e1 Roc\u00edo Nahle, el tema es el costo y las consecuencias, pues tengo la impresi\u00f3n &#8211; como sociedad civil &#8211; que necesita un equipo que ayude a construir edificando sin la necesidad de enfrentar ni destruyendo, aunque esas acciones favorecen a la oposici\u00f3n en su conjunto.<\/p>\n\n\n\n<p><strong>\u00a1 ES CUANTO !<\/strong><\/p>\n\n\n\n<p>Jos\u00e9 Luis Enr\u00edquez Ambell<br>enamjl62@gmail.com; enriquezambell@gmail.com<br>Secretario General de la Federaci\u00f3n Aut\u00e9ntica de Trabajadores del Estado de Veracruz (FATEV &#8211; JLEG) Registro Federal del Trabajo # 5844 y Director General de la Consultor\u00eda y Asesor\u00eda Integral AECAI Torre Animas en Xalapa, Ver.<\/p>\n","protected":false},"excerpt":{"rendered":"<p>Jos\u00e9 Luis Enr\u00edquez AmbellCaf\u00e9 de Ma\u00f1ana Existe un protocolo normativo cuando se debe suspender el servicio de energ\u00eda el\u00e9ctrica por la CFE y que incluso est\u00e1 publicado en el Diario Oficial de la Federaci\u00f3n, y por supuesto, fuera de las circunstancias por impactos o efectos de la naturaleza y el medio ambiente que a veces [&hellip;]<\/p>\n","protected":false},"author":2,"featured_media":0,"comment_status":"closed","ping_status":"closed","sticky":false,"template":"","format":"standard","meta":{"_jetpack_newsletter_access":"","_jetpack_dont_email_post_to_subs":false,"_jetpack_newsletter_tier_id":0,"_jetpack_memberships_contains_paywalled_content":false,"_jetpack_memberships_contains_paid_content":false,"footnotes":""},"categories":[70],"tags":[4973,39486,12040],"class_list":["post-112481","post","type-post","status-publish","format-standard","hentry","category-de-opinion","tag-cfe","tag-ing-rocio-nahle","tag-manuel-bartlett"],"jetpack_featured_media_url":"","jetpack_sharing_enabled":true,"jetpack_shortlink":"https:\/\/wp.me\/p4Qcd3-tgd","_links":{"self":[{"href":"https:\/\/lospoliticosveracruz.com.mx\/index.php?rest_route=\/wp\/v2\/posts\/112481","targetHints":{"allow":["GET"]}}],"collection":[{"href":"https:\/\/lospoliticosveracruz.com.mx\/index.php?rest_route=\/wp\/v2\/posts"}],"about":[{"href":"https:\/\/lospoliticosveracruz.com.mx\/index.php?rest_route=\/wp\/v2\/types\/post"}],"author":[{"embeddable":true,"href":"https:\/\/lospoliticosveracruz.com.mx\/index.php?rest_route=\/wp\/v2\/users\/2"}],"replies":[{"embeddable":true,"href":"https:\/\/lospoliticosveracruz.com.mx\/index.php?rest_route=%2Fwp%2Fv2%2Fcomments&post=112481"}],"version-history":[{"count":1,"href":"https:\/\/lospoliticosveracruz.com.mx\/index.php?rest_route=\/wp\/v2\/posts\/112481\/revisions"}],"predecessor-version":[{"id":112483,"href":"https:\/\/lospoliticosveracruz.com.mx\/index.php?rest_route=\/wp\/v2\/posts\/112481\/revisions\/112483"}],"wp:attachment":[{"href":"https:\/\/lospoliticosveracruz.com.mx\/index.php?rest_route=%2Fwp%2Fv2%2Fmedia&parent=112481"}],"wp:term":[{"taxonomy":"category","embeddable":true,"href":"https:\/\/lospoliticosveracruz.com.mx\/index.php?rest_route=%2Fwp%2Fv2%2Fcategories&post=112481"},{"taxonomy":"post_tag","embeddable":true,"href":"https:\/\/lospoliticosveracruz.com.mx\/index.php?rest_route=%2Fwp%2Fv2%2Ftags&post=112481"}],"curies":[{"name":"wp","href":"https:\/\/api.w.org\/{rel}","templated":true}]}}