{"id":112758,"date":"2023-10-11T05:59:54","date_gmt":"2023-10-11T10:59:54","guid":{"rendered":"https:\/\/lospoliticosveracruz.com.mx\/?p=112758"},"modified":"2023-10-11T08:48:37","modified_gmt":"2023-10-11T13:48:37","slug":"calenturas-ajenas","status":"publish","type":"post","link":"https:\/\/lospoliticosveracruz.com.mx\/?p=112758","title":{"rendered":"CALENTURAS AJENAS!"},"content":{"rendered":"\n<p><strong>Ricardo Chua<\/strong><\/p>\n\n\n\n<p><em>Sale y Vale<\/em><\/p>\n\n\n\n<p>REFLEXI\u00d3N A ESTEBAN BAUTISTA HERN\u00c1NDEZ.. Diputado federal de MORENA, Esteban Bautista, el PLEITO, CONFLICTO O RENCILLA que tenga con el diputado local, Juan Javier G\u00f3mez Cazar\u00edn.. Resu\u00e9lvalo con \u00e9l.. Yo no soy vocero de nadie para que diga que uno escribe, lo que me indican.. Menos vender la \u00abpluma\u00bb, si tiene pruebas h\u00e1galas p\u00fablicas.. Si alguien ha sido cr\u00edtico de MORENA he sido yo.. Dedique un poco de tiempo a leer columnas period\u00edsticas, h\u00e1galo un h\u00e1bito, lo har\u00e1 mejor pol\u00edtico, no se base en lo que le dicen..<\/p>\n\n\n\n<figure class=\"wp-block-image size-large\"><a href=\"https:\/\/lospoliticosveracruz.com.mx\/wp-content\/uploads\/2016\/07\/Seguro-Julio-Cerecedo-2.jpg\"><img decoding=\"async\" src=\"https:\/\/lospoliticosveracruz.com.mx\/wp-content\/uploads\/2016\/07\/Seguro-Julio-Cerecedo-2-1024x381.jpg\" alt=\"\" class=\"wp-image-105879\"\/><\/a><\/figure>\n\n\n\n<p>Me refiero a Cazar\u00edn porque a \u00e9l lo se\u00f1ala, seg\u00fan se entiende el texto que coment\u00f3 en el Portal \u00abEncrucijada Pol\u00edtica\u00bb donde me hace alusi\u00f3n.. Pero qui\u00e9n no ha DESMENTIDO que G\u00f3mez Cazar\u00edn, sea el coordinador de Roc\u00edo Nahle, es ella misma.. As\u00ed que usted no \u00absude calenturas\u00bb ajenas.. Haga ese reclamo a la titular de SENER para que sea ella la que defina.. Y no se \u00abenferme\u00bb de importancia porque la columna del pasado lunes, nunca me refer\u00ed a usted, que no est\u00e1 en mi \u00abradar\u00bb de pol\u00edticos en MORENA con presencia.. PARA MI ES UNO M\u00c1S<\/p>\n\n\n\n<p>Por lo general nunca habl\u00f3 en primera persona.. Tampoco me hago la v\u00edctima y ocup\u00f3 la columna para ello.. Pero si es importante aclarar su se\u00f1alamiento.. Son 5 a\u00f1os de criticar a personajes como usted, que se dicen impolutos, pero que a su paso tienen \u00abhistorias negras\u00bb, como lo que dicen de usted, que traicion\u00f3 a Rogelio Franco (Cuando le jur\u00f3 \u00abamor eterno\u00bb en el PRD) o que se qued\u00f3 con la maquinaria del constructor conocido como \u00abEl Oaxaco\u00bb, desaparecido en tiempos de Fidel Herrera y que no hubo denuncia de por medio..<\/p>\n\n\n\n<p>As\u00ed como las versiones de que los movimientos de los habitantes de Tatahuicapan, donde fue alcalde, para cerrar la presa \u00abYuribia\u00bb, usted los dirig\u00eda para sacar beneficios pol\u00edticos y econ\u00f3micos.. Esas y muchas historias m\u00e1s.. Por eso, le sostengo que no me hice el ofendido.. Pero su problema es con G\u00f3mez Cazar\u00edn, no conmigo.. Pero tiene que aprender a respetar a los medios de comunicaci\u00f3n.. No puede andar denostando o con qu\u00e9 clase de periodistas interact\u00faa para que se\u00f1ale algo as\u00ed.. No todos los diputados cuentan con una casa de descanso en Catemaco donde pasan sus fines de semanas como pol\u00edticos \u00abFifis\u00bb como usted.. \u00abPRImero los pobres\u00bb.. Ya tuvo sus 5 minutos de fama.. AMEN..<\/p>\n\n\n\n<p>ZENYAZEN, A LA CARGA.. El que sigue caminando para alcanzar la candidatura al gobierno de Veracruz o por lo menos al Senado por MORENA, es el titular de la SEV, Zenyazen Escobar Garc\u00eda, que sin descuidar su tarea educativa.. Se mueve por toda la entidad.. Ya que si algo caracteriza a la gesti\u00f3n de este personaje, es el inter\u00e9s por llegar a todos los rincones del Estado, lo cual ha demostrado con sus constantes giras.. Ya lo ha dicho en varias de sus intervenciones ante las comunidades educativas, de \u201cm\u00e1s territorio, menos escritorio\u201d..<\/p>\n\n\n\n<p>Por ello, despu\u00e9s de los fines de semana que le dedica a los temas pol\u00edticos de MORENA en los que est\u00e1 inmerso.. En los d\u00edas laborales, se le puede ver conviviendo con el magisterio de todos los sectores, como en el XXVII aniversario de la reagrupaci\u00f3n del equipo pol\u00edtico de la Secci\u00f3n 32 del Sindicato Nacional de Trabajadores de la Educaci\u00f3n (SNTE), en el tradicional punto de Paso Do\u00f1a Juana, municipio de \u00darsulo Galv\u00e1n.. Tambi\u00e9n entregando mesabancos en el sur y en el norte de la entidad, o dando seguimiento a gestiones en la SEP..<\/p>\n\n\n\n<p>Zenyazen camin\u00f3 a la par del secretario general de la Secci\u00f3n 32 del SNTE, Daniel Covarrubias L\u00f3pez.. Donde les record\u00f3 a los agremiados la importancia de trabajar en unidad y la satisfacci\u00f3n, que deja trabajar en la formaci\u00f3n de mujeres y hombres de bien\u2026 Adem\u00e1s que Escobar Garc\u00eda ha sido un importante impulsor del fomento al deporte, lo que se demuestra con la visita que realiz\u00f3 al Bolerama de Veracruz y al Gimnasio de \u00abLas Vegas\u00bb, los cuales est\u00e1n en remodelaci\u00f3n y pronto abrir\u00e1n sus puertas a los veracruzanos\u2026<\/p>\n\n\n\n<p>Por eso, no es casual que durante su cargo en la SEV, el reordenamiento administrativo haya sido otra de sus premisas.. Por ello, tampoco es casualidad que haya pedido a la oficial mayor, Ariadna Selene Aguilar Amaya, agilizar los movimientos de los maestros. En consecuencia, en d\u00edas pasados, el Complejo Deportivo \u00abOmega\u00bb fue el punto de reuni\u00f3n de 3 mil 919 docentes que recibieron, de forma transparente y de manos del secretario de Educaci\u00f3n, sus \u00f3rdenes de presentaci\u00f3n por cambio de adscripci\u00f3n.<\/p>\n\n\n\n<p>Para acabarla, Escobar Garc\u00eda atendi\u00f3 las condiciones de los planteles veracruzanos, ya que visit\u00f3 la Escuela de Bachilleres Unidad y Trabajo Mixta de la Direcci\u00f3n General de Bachillerato, luego de que sufriera afectaciones por las intensas lluvias que se presentaron en Xalapa.. Despu\u00e9s inici\u00f3 una intensa gira de trabajo para entregar pupitres en Coatzacoalcos y Agua Dulce.. OJO cuando quieres ser candidato a Gobernador tienes que hacer estas acciones, recorrer el estado y entregar buenas cuentas de tu encargo.. EL QUE ENTENDI\u00d3, ENTENDI\u00d3..<\/p>\n","protected":false},"excerpt":{"rendered":"<p>Ricardo Chua Sale y Vale REFLEXI\u00d3N A ESTEBAN BAUTISTA HERN\u00c1NDEZ.. Diputado federal de MORENA, Esteban Bautista, el PLEITO, CONFLICTO O RENCILLA que tenga con el diputado local, Juan Javier G\u00f3mez Cazar\u00edn.. Resu\u00e9lvalo con \u00e9l.. Yo no soy vocero de nadie para que diga que uno escribe, lo que me indican.. Menos vender la \u00abpluma\u00bb, si [&hellip;]<\/p>\n","protected":false},"author":2,"featured_media":0,"comment_status":"closed","ping_status":"closed","sticky":false,"template":"","format":"standard","meta":{"_jetpack_newsletter_access":"","_jetpack_dont_email_post_to_subs":false,"_jetpack_newsletter_tier_id":0,"_jetpack_memberships_contains_paywalled_content":false,"_jetpack_memberships_contains_paid_content":false,"footnotes":""},"categories":[70],"tags":[618,18437,12695,1026,195,12372],"class_list":["post-112758","post","type-post","status-publish","format-standard","hentry","category-de-opinion","tag-andres-manuel-lopez-obrador","tag-esteban-bautista-hernandez","tag-juan-javier-gomez-cazarin","tag-morena","tag-veracruz","tag-zenyazen-escobar-garcia"],"jetpack_featured_media_url":"","jetpack_sharing_enabled":true,"jetpack_shortlink":"https:\/\/wp.me\/p4Qcd3-tkG","_links":{"self":[{"href":"https:\/\/lospoliticosveracruz.com.mx\/index.php?rest_route=\/wp\/v2\/posts\/112758","targetHints":{"allow":["GET"]}}],"collection":[{"href":"https:\/\/lospoliticosveracruz.com.mx\/index.php?rest_route=\/wp\/v2\/posts"}],"about":[{"href":"https:\/\/lospoliticosveracruz.com.mx\/index.php?rest_route=\/wp\/v2\/types\/post"}],"author":[{"embeddable":true,"href":"https:\/\/lospoliticosveracruz.com.mx\/index.php?rest_route=\/wp\/v2\/users\/2"}],"replies":[{"embeddable":true,"href":"https:\/\/lospoliticosveracruz.com.mx\/index.php?rest_route=%2Fwp%2Fv2%2Fcomments&post=112758"}],"version-history":[{"count":2,"href":"https:\/\/lospoliticosveracruz.com.mx\/index.php?rest_route=\/wp\/v2\/posts\/112758\/revisions"}],"predecessor-version":[{"id":112764,"href":"https:\/\/lospoliticosveracruz.com.mx\/index.php?rest_route=\/wp\/v2\/posts\/112758\/revisions\/112764"}],"wp:attachment":[{"href":"https:\/\/lospoliticosveracruz.com.mx\/index.php?rest_route=%2Fwp%2Fv2%2Fmedia&parent=112758"}],"wp:term":[{"taxonomy":"category","embeddable":true,"href":"https:\/\/lospoliticosveracruz.com.mx\/index.php?rest_route=%2Fwp%2Fv2%2Fcategories&post=112758"},{"taxonomy":"post_tag","embeddable":true,"href":"https:\/\/lospoliticosveracruz.com.mx\/index.php?rest_route=%2Fwp%2Fv2%2Ftags&post=112758"}],"curies":[{"name":"wp","href":"https:\/\/api.w.org\/{rel}","templated":true}]}}