{"id":112905,"date":"2023-10-14T07:45:50","date_gmt":"2023-10-14T12:45:50","guid":{"rendered":"https:\/\/lospoliticosveracruz.com.mx\/?p=112905"},"modified":"2023-10-14T09:23:36","modified_gmt":"2023-10-14T14:23:36","slug":"salida-digna-sin-retorno","status":"publish","type":"post","link":"https:\/\/lospoliticosveracruz.com.mx\/?p=112905","title":{"rendered":"SALIDA DIGNA SIN RETORNO"},"content":{"rendered":"\n<p><strong>Ricardo Chua<\/strong><\/p>\n\n\n\n<p><em>Sale y Vale<\/em><\/p>\n\n\n\n<p>EXCLUSIVA AMLO Y MORENA VERACRUZ.. El v\u00eddeo que hizo Andr\u00e9s Manuel L\u00f3pez Obrador en Coatzacoalcos.. Con todo el gabinete federal energ\u00e9tico acompa\u00f1ado del gobernador, Cuitl\u00e1huac Garc\u00eda, pues, qu\u00e9 m\u00e1s quieren, para saber a d\u00f3nde van las se\u00f1ales de qui\u00e9n ser\u00e1 la candidata al gobierno estatal de Veracruz por MORENA.. El Presidente de M\u00e9xico dio a los \u00abMorenos\u00bb en la entidad.. Un contundente mensaje \u00abvolador de cabezas\u00bb\u2026 De que su \u00abgallo\u00bb es Roc\u00edo Nahle Garc\u00eda.. ES EVIDENTE..<\/p>\n\n\n\n<figure class=\"wp-block-image size-large\"><a href=\"https:\/\/lospoliticosveracruz.com.mx\/wp-content\/uploads\/2016\/07\/Seguro-Julio-Cerecedo-2.jpg\"><img decoding=\"async\" src=\"https:\/\/lospoliticosveracruz.com.mx\/wp-content\/uploads\/2016\/07\/Seguro-Julio-Cerecedo-2-1024x381.jpg\" alt=\"\" class=\"wp-image-105879\"\/><\/a><\/figure>\n\n\n\n<p>Algunos altos funcionarios federales.. Dicen que fue un mensaje directo para Eric Cisneros y aliados.. Para los que financian su campa\u00f1a y quienes est\u00e1n detr\u00e1s de ella.. Sobre todo para aquellos que hicieron la \u00abguerra sucia\u00bb contra la propia Roc\u00edo Nahle.. Porque se supone que AMLO sabe de las traiciones en contra de su \u00abtapada\u00bb, de todos los ataques desde el gobierno del Estado.. Sin embargo, ser\u00e1 el \u00absereno\u00bb pero el hecho es que Patrocinio contin\u00faa en la lista para ser encuestado.. Su lucha sigue.. AMEN<\/p>\n\n\n\n<p><strong>PATROCINIO, \u00bfSIN SALIDA PACTADA?..<\/strong> Despu\u00e9s de que se confirm\u00f3 LA EXCLUSIVA de esta columna de ayer por la ma\u00f1ana, que adelant\u00f3 la salida de la secretar\u00eda de Gobierno de Eric Cisneros Burgos.. Confirmada por \u00e9l ayer por la noche.. Ahora el mismo \u00abGarganta Profunda\u00bb confes\u00f3 que SU SALIDA NO FUE PACTADA.. Que pase lo que pase en la campa\u00f1a interna de MORENA y su resultado final.. Al menos, Patrocinio YA NO REGRESAR\u00c1 al cargo que hasta ayer ostent\u00f3..<\/p>\n\n\n\n<p>A pesar de que el gobernador, Cuitl\u00e1huac Garc\u00eda, estaba en su postura de NO DEJARLO IR.. Ya que el mandatario tiene una severa DEPENDENCIA de Patrocinio.. No le qued\u00f3 de otra.. Porque la orden fue directa de Palacio Nacional.. Una salida digna pero sin regreso.. Y por ello dej\u00f3 en su lugar a Carlos Ju\u00e1rez, un personaje leal a Cuitl\u00e1huac y ENFRENTADO en abierto con Eric Cisneros.. Era su jefe pero su relaci\u00f3n era tirana.. Junto con Yair Aldemar es 100 por ciento Eric pero tambi\u00e9n 100 por ciento Cuitl\u00e1huac..<\/p>\n\n\n\n<p>Por ello, \u00abGarganta Profunda\u00bb expresa que la verdadera \u00abnegritud\u00bb se le viene encima a Patrocinio.. Qui\u00e9n \u00absembr\u00f3 viento y va a cosechar tempestades\u00bb.. Ya que se le van a echar todos encima de \u00e9l y van a PACTAR con Roc\u00edo Nahle.. Ser\u00e1 \u00abun peguenle al negro\u00bb y le van a tratar de aplicar: \u00abLos carniceros de hoy, son las reses del ma\u00f1ana\u00bb.. Tratarlo como si fuera un improvisado pol\u00edtico de la 4T, que tiene \u00abfecha de caducidad\u00bb, la vida es de ida y vuelta.. Y que nada es para siempre..<\/p>\n\n\n\n<p>Adem\u00e1s Cisneros empezar\u00e1 a sentir el rigor de dejar el poder y empezar a \u00abcosechar\u00bb las \u00abtempestades\u00bb que \u00absembr\u00f3\u00bb por la presunta persecuci\u00f3n y \u00abcanibalismo\u00bb pol\u00edtico de la que fueron objeto algunos personajes p\u00fablicos en Veracruz, por parte de este personaje.. ES LEY DE VIDA.. Una cosa es un pol\u00edtico con poder y otra es un pol\u00edtico sin poder.. Ejemplos hay muchos.. Y no importa el sistema que gobierne, con todos pasa lo mismo y en MORENA no es diferente.. LOS JUGADORES CAMBIAN, EL JUEGO NO\u2026<\/p>\n\n\n\n<p>De la misma manera, \u00abGarganta Profunda\u00bb que est\u00e1 \u00abbarrida\u00bb no s\u00f3lo ser\u00e1 en la persona de Patrocinio sino en todos los personajes que lo ayudaron a llegar y operaban con \u00e9l.. Hay varios priistas y panistas que tienen nombre y apellido.. Roc\u00edo Nahle lo sabe y se va a vengar.. Sobre todo porque sabe que Patrocinio dej\u00f3 muchos enemigos pol\u00edticos que har\u00e1n lo que sea para que se quede en el \u00abostracismo\u00bb pol\u00edtico y no se quede ni con la candidatura a la diputaci\u00f3n federal por la Cuenca del Papaloapan..<\/p>\n\n\n\n<p>Pero sobre todo porque dice \u00abGarganta Profunda\u00bb que Eric ya fuera del gobierno estatal.. Cuitl\u00e1huac no tendr\u00e1 de otra que poner el gobierno estatal a los pies de Roc\u00edo Nahle.. Para que gane el proceso interno y la elecci\u00f3n a gobernador.. Garc\u00eda Jim\u00e9nez no tiene de otra.. La instrucci\u00f3n de L\u00f3pez Obrador a Cuitl\u00e1huac fue contundente en Coatzacoalcos y fue escuchado por varios, ah\u00ed presentes: \u00abElla tiene que ganar, gobernador, si qued\u00f3 claro\u00bb.. Todos guardaron silencio..<\/p>\n\n\n\n<p><strong>La SENTENCIA <\/strong>de \u00abGarganta Profunda\u00bb advierte que como Patrocinio en su paso por SEGOB Veracruz.. Se dedic\u00f3 a \u00abmorder\u00bb a los de adentro y a los de afuera.. Ahora todos ellos se van a unir para hacer ver su suerte y que \u00abmuerda el polvo\u00bb porque no es lo mismo estar con poder, que sin poder.. Y sus otroras aliados buscar\u00e1n salvarse para no quedar a la deriva.. Ir\u00e1n a buscar a Nahle para ponerle, lo que le ten\u00edan puesto a Cisneros.. EL REY A MUERTO.. AMLO SALVE A LA REINA\u2026<\/p>\n\n\n\n<p><strong>OJO..<\/strong> Que fue Mario Delgado, l\u00edder nacional de MORENA, el que \u00abcepill\u00f3\u00bb a Citlali Navarro y Monica Robles para meter en la lista de los aspirantes a gobernador, encuestable en Veracruz, al diputado federal, Sergio Guti\u00e9rrez Luna.. Que eso es un acuerdo que tom\u00f3 Ad\u00e1n Augusto L\u00f3pez en su pasada visita a Palacio Nacional para entrevistarse con Andr\u00e9s Manuel L\u00f3pez Obrador.. Despu\u00e9s de eso, sali\u00f3 la orden.. LO DEM\u00c1S ES HISTORIA..<\/p>\n","protected":false},"excerpt":{"rendered":"<p>Ricardo Chua Sale y Vale EXCLUSIVA AMLO Y MORENA VERACRUZ.. El v\u00eddeo que hizo Andr\u00e9s Manuel L\u00f3pez Obrador en Coatzacoalcos.. Con todo el gabinete federal energ\u00e9tico acompa\u00f1ado del gobernador, Cuitl\u00e1huac Garc\u00eda, pues, qu\u00e9 m\u00e1s quieren, para saber a d\u00f3nde van las se\u00f1ales de qui\u00e9n ser\u00e1 la candidata al gobierno estatal de Veracruz por MORENA.. El [&hellip;]<\/p>\n","protected":false},"author":2,"featured_media":0,"comment_status":"closed","ping_status":"closed","sticky":false,"template":"","format":"standard","meta":{"_jetpack_newsletter_access":"","_jetpack_dont_email_post_to_subs":false,"_jetpack_newsletter_tier_id":0,"_jetpack_memberships_contains_paywalled_content":false,"_jetpack_memberships_contains_paid_content":false,"footnotes":""},"categories":[70],"tags":[618,15946,1563,12299,12596,1875,1026,4386,16147,195],"class_list":["post-112905","post","type-post","status-publish","format-standard","hentry","category-de-opinion","tag-andres-manuel-lopez-obrador","tag-bola-8","tag-cuitlahuac-garcia-jimenez","tag-eric-cisneros-burgos","tag-mario-delgado","tag-monica-robles-barajas","tag-morena","tag-rocio-nahle-garcia","tag-sergio-gutierrez-luna","tag-veracruz"],"jetpack_featured_media_url":"","jetpack_sharing_enabled":true,"jetpack_shortlink":"https:\/\/wp.me\/p4Qcd3-tn3","_links":{"self":[{"href":"https:\/\/lospoliticosveracruz.com.mx\/index.php?rest_route=\/wp\/v2\/posts\/112905","targetHints":{"allow":["GET"]}}],"collection":[{"href":"https:\/\/lospoliticosveracruz.com.mx\/index.php?rest_route=\/wp\/v2\/posts"}],"about":[{"href":"https:\/\/lospoliticosveracruz.com.mx\/index.php?rest_route=\/wp\/v2\/types\/post"}],"author":[{"embeddable":true,"href":"https:\/\/lospoliticosveracruz.com.mx\/index.php?rest_route=\/wp\/v2\/users\/2"}],"replies":[{"embeddable":true,"href":"https:\/\/lospoliticosveracruz.com.mx\/index.php?rest_route=%2Fwp%2Fv2%2Fcomments&post=112905"}],"version-history":[{"count":3,"href":"https:\/\/lospoliticosveracruz.com.mx\/index.php?rest_route=\/wp\/v2\/posts\/112905\/revisions"}],"predecessor-version":[{"id":112908,"href":"https:\/\/lospoliticosveracruz.com.mx\/index.php?rest_route=\/wp\/v2\/posts\/112905\/revisions\/112908"}],"wp:attachment":[{"href":"https:\/\/lospoliticosveracruz.com.mx\/index.php?rest_route=%2Fwp%2Fv2%2Fmedia&parent=112905"}],"wp:term":[{"taxonomy":"category","embeddable":true,"href":"https:\/\/lospoliticosveracruz.com.mx\/index.php?rest_route=%2Fwp%2Fv2%2Fcategories&post=112905"},{"taxonomy":"post_tag","embeddable":true,"href":"https:\/\/lospoliticosveracruz.com.mx\/index.php?rest_route=%2Fwp%2Fv2%2Ftags&post=112905"}],"curies":[{"name":"wp","href":"https:\/\/api.w.org\/{rel}","templated":true}]}}