{"id":113280,"date":"2023-10-22T21:22:37","date_gmt":"2023-10-23T02:22:37","guid":{"rendered":"https:\/\/lospoliticosveracruz.com.mx\/?p=113280"},"modified":"2023-10-22T21:22:45","modified_gmt":"2023-10-23T02:22:45","slug":"zenyazen-a-tambor-batiente","status":"publish","type":"post","link":"https:\/\/lospoliticosveracruz.com.mx\/?p=113280","title":{"rendered":"ZENYAZEN, A TAMBOR BATIENTE"},"content":{"rendered":"\n<p><strong>Enrique Yasser Pompeyo<\/strong><\/p>\n\n\n\n<p><em>Mesa de Redacci\u00f3n<\/em><\/p>\n\n\n\n<p>En la primera semana de recorridos por el estado de Veracruz en busca de la Coordinaci\u00f3n Estatal de los Comit\u00e9s de Defensa de la Cuarta Transformaci\u00f3n, Zenyazen Escobar Garc\u00eda ha reunido a una multitud de simpatizantes.<\/p>\n\n\n\n<p>Los ciudadanos con los que se ha encontrado, con quienes ha platicado y ha escuchado, reconocen su esp\u00edritu de lucha y compromiso con las buenas causas.<\/p>\n\n\n\n<p>Desde el primer d\u00eda, estuvo acompa\u00f1ado de su esposa e hijas; en Xalapa recorri\u00f3 el tradicional mercado de la Toluca en la colonia Progreso, la Plaza Lerdo, el mercado Jauregui y la Plazuela del Carb\u00f3n.<\/p>\n\n\n\n<p>En el Pueblo M\u00e1gico de Coatepec, a su llegada al parque Miguel Hidalgo, recibi\u00f3 el saludo y muestras de afecto de las y los ciudadanos.<\/p>\n\n\n\n<p>Escobar Garc\u00eda se acerc\u00f3 y platic\u00f3 con adultos mayores, madres y padres de familia que mostraron inter\u00e9s por conocer m\u00e1s sobre su persona y trayectoria pol\u00edtica; asimismo, el pol\u00edtico del Movimiento de Regeneraci\u00f3n Nacional (Morena), abund\u00f3 en sus objetivos y logros, y pidi\u00f3 ser considerado como opci\u00f3n.<\/p>\n\n\n\n<p>LEGADO<\/p>\n\n\n\n<p>En la zona conurbada de Emiliano Zapata-Puente Nacional, la gente lo respald\u00f3 y le hizo saber que lo recuerdan por el gran legado que dej\u00f3 en materia educativa en Veracruz.<\/p>\n\n\n\n<p>Adem\u00e1s, recorri\u00f3 la colonia SARH, los conjuntos habitacionales Tabachines, Tabachines 1, 2 y 3, as\u00ed como la unidad El Pando 2, del municipio Puente Nacional.<\/p>\n\n\n\n<p>En estos lugares la gente lo recibi\u00f3 muy bien y escuch\u00f3 sus propuestas, de igual manera le agradecieron por la labor que hizo en favor de los trabajadores del sector educativo, as\u00ed como el mejoramiento de la infraestructura escolar cuando estuvo al frente de la Secretar\u00eda de Educaci\u00f3n de Veracruz (SEV).<\/p>\n\n\n\n<p>LUCHADOR SOCIAL<\/p>\n\n\n\n<p>A Zenyazen Escobar, m\u00e1s de d\u00e9cada de trayectoria lo respalda. Se le recuerda como luchador social al haber defendido al gremio magisterial de la mal llamada reforma educativa, cuando fue diputado local por el partido de Morena y durante casi cinco a\u00f1os estuvo al frente de la SEV, donde dej\u00f3 huella por el gran trabajo que hizo en materia educativa e infraestructura.<\/p>\n\n\n\n<p>Hay un aspecto relevante. El ex titular de la SEV est\u00e1 acostumbrado a caminar a ras de piso; en promedio diario sus recorridos son de m\u00e1s de ocho horas, lo que se traduce en 11 kil\u00f3metros y visita a 400 casas aproximadamente.<\/p>\n\n\n\n<p>El objetivo: escuchar a las familias en sus problem\u00e1ticas y llevarse las peticiones, porque es el sentir de los veracruzanos y, precisamente porque la gente no lo olvida, al verlo llegar a sus casas y reconocerlo, le han dado todo su apoyo, por ser uno de los ex servidores p\u00fablicos m\u00e1s queridos en Veracruz.<\/p>\n\n\n\n<p>En su intenso recorrido por el estado, visit\u00f3 los municipios de Veracruz y Boca del R\u00edo; en un esfuerzo por consolidar y promover la continuidad de los ideales y proyectos impulsados por el gobierno de la 4T.<\/p>\n\n\n\n<p>Con una visi\u00f3n de la pol\u00edtica cercana a la gente, convivi\u00f3 con las y los habitantes de las colonias Predio I, II y III, as\u00ed como en Las Bajadas en la ciudad y puerto de Veracruz, donde dej\u00f3 claro su compromiso con la Cuarta Transformaci\u00f3n.<\/p>\n\n\n\n<p>COMPROMISO Y RESULTADOS<\/p>\n\n\n\n<p>Tambi\u00e9n visit\u00f3 los municipios de P\u00e1nuco, Tantoyuca y Papantla. En cada uno de ellos lo recibieron cientos de Maestros con Morena (MCM), quienes lo acompa\u00f1aron con entusiasmo porque lo conocen y saben que es un hombre de compromisos y resultados.<\/p>\n\n\n\n<p>Fiel a los principios e ideolog\u00eda de su partido Movimiento de Regeneraci\u00f3n Nacional (Morena), al caminar casa por casa, escuch\u00f3 con atenci\u00f3n las necesidades y peticiones de la gente, porque lo motivan a dar su mayor esfuerzo, pues \u00e9l antes que nadie quiere un mejor Veracruz, con mejores condiciones de vida para todos, sin que haya necesidad de emigrar.<\/p>\n\n\n\n<p>En su trayectoria, primero como diputado local y despu\u00e9s como secretario de Educaci\u00f3n de Veracruz, donde destac\u00f3 por trabajar en favor de las causas justas, la comunidad estudiantil y todos los trabajadores del sector educativo, se llev\u00f3 el respaldo de los veracruzanos de la zona norte del estado.<\/p>\n\n\n\n<p>Zenyazen Escobar Garc\u00eda tiene claro que \u00abuna transformaci\u00f3n no se hace en unos cinco a\u00f1os\u00bb, por lo que enfatiza la necesidad de impulsar un proyecto pol\u00edtico a largo plazo para lograr cambios significativos en la sociedad y la pol\u00edtica mexicana.<\/p>\n\n\n\n<p>enriquepompeyo@hotmail.com<\/p>\n","protected":false},"excerpt":{"rendered":"<p>Enrique Yasser Pompeyo Mesa de Redacci\u00f3n En la primera semana de recorridos por el estado de Veracruz en busca de la Coordinaci\u00f3n Estatal de los Comit\u00e9s de Defensa de la Cuarta Transformaci\u00f3n, Zenyazen Escobar Garc\u00eda ha reunido a una multitud de simpatizantes. Los ciudadanos con los que se ha encontrado, con quienes ha platicado y [&hellip;]<\/p>\n","protected":false},"author":2,"featured_media":0,"comment_status":"closed","ping_status":"closed","sticky":false,"template":"","format":"standard","meta":{"_jetpack_newsletter_access":"","_jetpack_dont_email_post_to_subs":false,"_jetpack_newsletter_tier_id":0,"_jetpack_memberships_contains_paywalled_content":false,"_jetpack_memberships_contains_paid_content":false,"footnotes":""},"categories":[70],"tags":[1026,195,12372],"class_list":["post-113280","post","type-post","status-publish","format-standard","hentry","category-de-opinion","tag-morena","tag-veracruz","tag-zenyazen-escobar-garcia"],"jetpack_featured_media_url":"","jetpack_sharing_enabled":true,"jetpack_shortlink":"https:\/\/wp.me\/p4Qcd3-tt6","_links":{"self":[{"href":"https:\/\/lospoliticosveracruz.com.mx\/index.php?rest_route=\/wp\/v2\/posts\/113280","targetHints":{"allow":["GET"]}}],"collection":[{"href":"https:\/\/lospoliticosveracruz.com.mx\/index.php?rest_route=\/wp\/v2\/posts"}],"about":[{"href":"https:\/\/lospoliticosveracruz.com.mx\/index.php?rest_route=\/wp\/v2\/types\/post"}],"author":[{"embeddable":true,"href":"https:\/\/lospoliticosveracruz.com.mx\/index.php?rest_route=\/wp\/v2\/users\/2"}],"replies":[{"embeddable":true,"href":"https:\/\/lospoliticosveracruz.com.mx\/index.php?rest_route=%2Fwp%2Fv2%2Fcomments&post=113280"}],"version-history":[{"count":1,"href":"https:\/\/lospoliticosveracruz.com.mx\/index.php?rest_route=\/wp\/v2\/posts\/113280\/revisions"}],"predecessor-version":[{"id":113282,"href":"https:\/\/lospoliticosveracruz.com.mx\/index.php?rest_route=\/wp\/v2\/posts\/113280\/revisions\/113282"}],"wp:attachment":[{"href":"https:\/\/lospoliticosveracruz.com.mx\/index.php?rest_route=%2Fwp%2Fv2%2Fmedia&parent=113280"}],"wp:term":[{"taxonomy":"category","embeddable":true,"href":"https:\/\/lospoliticosveracruz.com.mx\/index.php?rest_route=%2Fwp%2Fv2%2Fcategories&post=113280"},{"taxonomy":"post_tag","embeddable":true,"href":"https:\/\/lospoliticosveracruz.com.mx\/index.php?rest_route=%2Fwp%2Fv2%2Ftags&post=113280"}],"curies":[{"name":"wp","href":"https:\/\/api.w.org\/{rel}","templated":true}]}}