{"id":113417,"date":"2023-10-25T08:44:24","date_gmt":"2023-10-25T13:44:24","guid":{"rendered":"https:\/\/lospoliticosveracruz.com.mx\/?p=113417"},"modified":"2023-10-25T08:44:30","modified_gmt":"2023-10-25T13:44:30","slug":"medicos-en-mexico","status":"publish","type":"post","link":"https:\/\/lospoliticosveracruz.com.mx\/?p=113417","title":{"rendered":"M\u00c9DICOS EN M\u00c9XICO"},"content":{"rendered":"\n<p><strong>Julio Vallejo<\/strong><\/p>\n\n\n\n<p><em>La l\u00ednea delgada entre mi opini\u00f3n y la tuya<\/em><\/p>\n\n\n\n<p><\/p>\n\n\n\n<p>Despu\u00e9s de estar con escalofr\u00edos y dolor de espalda, acud\u00ed al m\u00e9dico. La botarga del Dr. Simi me recibi\u00f3 con su baile circunf\u00e9rico y mis ganas de tlaclearlo aparecieron. El gordito simp\u00e1tico, sonriente y bigot\u00f3n me contagi\u00f3 de su sonrisa. Por un momento mi malestar desapareci\u00f3. \u00a1Vaya que si la mente es poderosa!<\/p>\n\n\n<div class=\"wp-block-image\">\n<figure class=\"alignleft size-medium\"><a href=\"https:\/\/lospoliticosveracruz.com.mx\/wp-content\/uploads\/2021\/10\/Zacauilt.jpg\"><img decoding=\"async\" src=\"https:\/\/lospoliticosveracruz.com.mx\/wp-content\/uploads\/2021\/10\/Zacauilt-150x300.jpg\" alt=\"\" class=\"wp-image-80558\"\/><\/a><\/figure><\/div>\n\n\n<p>Por la ma\u00f1ana no pod\u00eda levantarme. Daba uno, dos, tres pasos y me dol\u00edan todos los huesos, la espalda. Un sudor fr\u00edo apareci\u00f3 de la mano de una nariz congestionada.&nbsp;<\/p>\n\n\n\n<p>Mi paranoia, como ruleta rusa, giraba alrededor de todas las enfermedades habidas y por haber: dengue, covid, influenza, gripe.<\/p>\n\n\n\n<p>Un consultorio austero y fr\u00edo escucho mis achaques. Mientras la doctora prescrib\u00eda la receta pregunto que si hab\u00eda un problema con un piquetito. Le dije que no. Cuando le\u00ed la receta dec\u00eda 5 inyecciones de 50 mil unidades.<\/p>\n\n\n\n<p>Mientras terminaba de leer, mis nalguitas se iban desinflando al igual que mi bolsillo. Pagu\u00e9 m\u00e1s de mil pesos en medicamento por no adquirirlo con el Dr. Simi. Por cierto, \u00bfd\u00f3nde quedar\u00eda la atenci\u00f3n m\u00e9dica y medicinas gratuitos para la poblaci\u00f3n?<\/p>\n\n\n\n<p>El sistema de salud p\u00fablica en nuestro pa\u00eds est\u00e1 desecho y abandonado. Conste no lo dije yo, sino cierto personaje que se comprometi\u00f3 a mitad de su sexenio a establecer un sistema de salud como el de Canad\u00e1 u Holanda.<\/p>\n\n\n\n<p>No todos nos ocupamos de nuestra salud. Me atrevo a asegurar que gastar m\u00e1s de 30 mil pesos en un iphone alimenta el ego y la vanidad, sin embargo, no destinamos tal cantidad para un chequeo general.<\/p>\n\n\n\n<p>El autocuidado y los h\u00e1bitos saludables son la clave para una vida sana y deben tener el primer lugar de nuestras prioridades.<\/p>\n\n\n\n<p>Alimentarnos correctamente, hacer ejercicio con cierta regularidad, manejar adecuadamente las emociones y descansar, son el pilar de la buena salud.<\/p>\n\n\n\n<p>Cuidar de nosotros mismos nunca ser\u00e1 ego\u00edsmo, al contrario. Es el punto de partida para cuidar a los dem\u00e1s.<\/p>\n\n\n\n<p>Deber\u00edamos tener conciencia que no hay hora ni d\u00eda para enfermarnos. Se acerca un invierno que, dicho por los expertos, ser\u00e1 crudo. Yo no s\u00e9 ustedes, pero prefiero que me enciendan las velitas de un pastel de cumplea\u00f1os que de un cirio.<\/p>\n","protected":false},"excerpt":{"rendered":"<p>Julio Vallejo La l\u00ednea delgada entre mi opini\u00f3n y la tuya Despu\u00e9s de estar con escalofr\u00edos y dolor de espalda, acud\u00ed al m\u00e9dico. La botarga del Dr. Simi me recibi\u00f3 con su baile circunf\u00e9rico y mis ganas de tlaclearlo aparecieron. El gordito simp\u00e1tico, sonriente y bigot\u00f3n me contagi\u00f3 de su sonrisa. Por un momento mi [&hellip;]<\/p>\n","protected":false},"author":2,"featured_media":0,"comment_status":"closed","ping_status":"closed","sticky":false,"template":"","format":"standard","meta":{"_jetpack_newsletter_access":"","_jetpack_dont_email_post_to_subs":false,"_jetpack_newsletter_tier_id":0,"_jetpack_memberships_contains_paywalled_content":false,"_jetpack_memberships_contains_paid_content":false,"footnotes":""},"categories":[70],"tags":[32927],"class_list":["post-113417","post","type-post","status-publish","format-standard","hentry","category-de-opinion","tag-julio-vallejo"],"jetpack_featured_media_url":"","jetpack_sharing_enabled":true,"jetpack_shortlink":"https:\/\/wp.me\/p4Qcd3-tvj","_links":{"self":[{"href":"https:\/\/lospoliticosveracruz.com.mx\/index.php?rest_route=\/wp\/v2\/posts\/113417","targetHints":{"allow":["GET"]}}],"collection":[{"href":"https:\/\/lospoliticosveracruz.com.mx\/index.php?rest_route=\/wp\/v2\/posts"}],"about":[{"href":"https:\/\/lospoliticosveracruz.com.mx\/index.php?rest_route=\/wp\/v2\/types\/post"}],"author":[{"embeddable":true,"href":"https:\/\/lospoliticosveracruz.com.mx\/index.php?rest_route=\/wp\/v2\/users\/2"}],"replies":[{"embeddable":true,"href":"https:\/\/lospoliticosveracruz.com.mx\/index.php?rest_route=%2Fwp%2Fv2%2Fcomments&post=113417"}],"version-history":[{"count":1,"href":"https:\/\/lospoliticosveracruz.com.mx\/index.php?rest_route=\/wp\/v2\/posts\/113417\/revisions"}],"predecessor-version":[{"id":113419,"href":"https:\/\/lospoliticosveracruz.com.mx\/index.php?rest_route=\/wp\/v2\/posts\/113417\/revisions\/113419"}],"wp:attachment":[{"href":"https:\/\/lospoliticosveracruz.com.mx\/index.php?rest_route=%2Fwp%2Fv2%2Fmedia&parent=113417"}],"wp:term":[{"taxonomy":"category","embeddable":true,"href":"https:\/\/lospoliticosveracruz.com.mx\/index.php?rest_route=%2Fwp%2Fv2%2Fcategories&post=113417"},{"taxonomy":"post_tag","embeddable":true,"href":"https:\/\/lospoliticosveracruz.com.mx\/index.php?rest_route=%2Fwp%2Fv2%2Ftags&post=113417"}],"curies":[{"name":"wp","href":"https:\/\/api.w.org\/{rel}","templated":true}]}}