{"id":113597,"date":"2023-10-28T18:15:11","date_gmt":"2023-10-28T23:15:11","guid":{"rendered":"https:\/\/lospoliticosveracruz.com.mx\/?p=113597"},"modified":"2023-10-28T18:15:11","modified_gmt":"2023-10-28T23:15:11","slug":"sera-el-mejor-del-pais","status":"publish","type":"post","link":"https:\/\/lospoliticosveracruz.com.mx\/?p=113597","title":{"rendered":"SER\u00c1 EL MEJOR DEL PA\u00cdS!"},"content":{"rendered":"\n<p><\/p>\n\n\n\n<p>Veracruz<br>En una charla abierta con los integrantes de la Asociaci\u00f3n de Periodistas del Estado de Veracruz (APEV) que preside el periodista Rodolfo Herrera S\u00e1nchez, el titular de la Procuradur\u00eda Estatal de Protecci\u00f3n al Medio Ambiente (PMA), Sergio Rodr\u00edguez Cort\u00e9s, habl\u00f3 sobre cuatro grandes proyectos que se llevan a cabo para el relanzamiento del Aquarium del Puerto de Veracruz, cuya inversi\u00f3n ascender\u00e1 a 300 millones de pesos de recursos propios.<\/p>\n\n\n\n<p>Ante el gremio period\u00edstico, Rodr\u00edguez Cort\u00e9s detall\u00f3 que uno de los principales es la construcci\u00f3n del lobario, el cual ya lleva un avance del 30 por ciento y se espera sea concluido en enero de 2024 para que sea abierto al p\u00fablico en los primeros meses del pr\u00f3ximo a\u00f1o.<\/p>\n\n\n\n<p><em>Digitalizaci\u00f3n del Aquarium<\/em><\/p>\n\n\n\n<p>Otro de los proyectos anunciados, contempla la instalaci\u00f3n de 70 pantallas a los largo del recorrido, as\u00ed como tres pantallas gigantes, la adecuaci\u00f3n de una sala de realidad virtual y de entornos simulados en donde los ni\u00f1os y ni\u00f1as puedan aprender del cuidado de las especies marinas a trav\u00e9s de una pecera virtual, adem\u00e1s de mejorar los acabados accesos, fachadas y pisos del recinto.<\/p>\n\n\n\n<p><em>Renovaci\u00f3n de \u00e1reas<\/em><\/p>\n\n\n\n<p>El tercer proyecto abarcar\u00e1 un \u00e1rea de 400 metros que actualmente es una bodega sin utilizar, el espacio se sumar\u00e1 al recorrido bajo el nombre \u201cNuevas Especies\u201d.<\/p>\n\n\n\n<p>Con un presupuesto de alrededor de 300 millones de pesos para los diferentes proyectos, el procurador detall\u00f3 que tambi\u00e9n se tiene contemplada la remodelaci\u00f3n de la fachada y de la plaza comercial en general.<\/p>\n\n\n\n<p>Estos trabajos de rehabilitaci\u00f3n integral buscan posicionar al Aquarium del Puerto de Veracruz como el m\u00e1s importante del pa\u00eds.<\/p>\n\n\n\n<p>Para el embellecimiento y mejora de los espacios, la CMIC Veracruz apoya con el dise\u00f1o del proyecto, como parte del comit\u00e9 de obras del Aquarium del Puerto de Veracruz.<\/p>\n\n\n\n<p>Para reforzar el sentido tur\u00edstico, se reconstruyen las dos cabezas de tibur\u00f3n del estadio Luis Pirata Fuente, que ahora formar\u00e1n parte de la infraestructura del recinto.<\/p>\n\n\n\n<p><em>Cifra r\u00e9cord<\/em><\/p>\n\n\n\n<p>Sobre este tema, el procurador ambiental coment\u00f3 finalmente que el Aquarium del Puerto Veracruz estima cerrar este a\u00f1o superando la cifra de un mill\u00f3n de visitantes.<\/p>\n\n\n\n<p>Esto lo colocar\u00e1 como uno de los acuarios m\u00e1s visitados o el m\u00e1s visitado de todo el pa\u00eds.<\/p>\n\n\n\n<p><em>PMA ha cumplido a los veracruzanos en material de preservaci\u00f3n del medio ambiente<\/em><\/p>\n\n\n\n<p>En su charla con periodistas, el titular de la PMA sostuvo que el gobernador Cuitl\u00e1huac Garc\u00eda ha cumplido a los veracruzanos en materia de protecci\u00f3n ambiental<\/p>\n\n\n\n<p>En ese sentido destac\u00f3 la construcci\u00f3n de siete rellenos sanitarios que operan de manera adecuada en Nogales, Altotonga, Medell\u00edn de Bravo, Tihuatl\u00e1n, San Andr\u00e9s Tuxtla, Guti\u00e9rrez Zamora y Xalapa.<\/p>\n\n\n\n<p>Estos rellenos sanitarios, dijo, adem\u00e1s de cumplir con todas las normas ambientales, han generado m\u00e1s de 7 mil 600 empleos de mano de obra veracruzana.<\/p>\n\n\n\n<p>Sergio Rodr\u00edguez Cort\u00e9s resalt\u00f3 tambi\u00e9n el saneamiento de tiraderos a cielo abierto y la consecuente construcci\u00f3n de rellenos sanitarios a lo largo del estado de Veracruz, todos en el marco de Plan de Gesti\u00f3n Estatal de Residuos S\u00f3lidos Urbanos y de Manejo Especial.<\/p>\n","protected":false},"excerpt":{"rendered":"<p>VeracruzEn una charla abierta con los integrantes de la Asociaci\u00f3n de Periodistas del Estado de Veracruz (APEV) que preside el periodista Rodolfo Herrera S\u00e1nchez, el titular de la Procuradur\u00eda Estatal de Protecci\u00f3n al Medio Ambiente (PMA), Sergio Rodr\u00edguez Cort\u00e9s, habl\u00f3 sobre cuatro grandes proyectos que se llevan a cabo para el relanzamiento del Aquarium del [&hellip;]<\/p>\n","protected":false},"author":2,"featured_media":0,"comment_status":"closed","ping_status":"","sticky":false,"template":"","format":"standard","meta":{"_jetpack_newsletter_access":"","_jetpack_dont_email_post_to_subs":false,"_jetpack_newsletter_tier_id":0,"_jetpack_memberships_contains_paywalled_content":false,"_jetpack_memberships_contains_paid_content":false,"footnotes":""},"categories":[72],"tags":[11592],"class_list":["post-113597","post","type-post","status-publish","format-standard","hentry","category-palomazos","tag-pma"],"jetpack_featured_media_url":"","jetpack_sharing_enabled":true,"jetpack_shortlink":"https:\/\/wp.me\/p4Qcd3-tyd","_links":{"self":[{"href":"https:\/\/lospoliticosveracruz.com.mx\/index.php?rest_route=\/wp\/v2\/posts\/113597","targetHints":{"allow":["GET"]}}],"collection":[{"href":"https:\/\/lospoliticosveracruz.com.mx\/index.php?rest_route=\/wp\/v2\/posts"}],"about":[{"href":"https:\/\/lospoliticosveracruz.com.mx\/index.php?rest_route=\/wp\/v2\/types\/post"}],"author":[{"embeddable":true,"href":"https:\/\/lospoliticosveracruz.com.mx\/index.php?rest_route=\/wp\/v2\/users\/2"}],"replies":[{"embeddable":true,"href":"https:\/\/lospoliticosveracruz.com.mx\/index.php?rest_route=%2Fwp%2Fv2%2Fcomments&post=113597"}],"version-history":[{"count":1,"href":"https:\/\/lospoliticosveracruz.com.mx\/index.php?rest_route=\/wp\/v2\/posts\/113597\/revisions"}],"predecessor-version":[{"id":113599,"href":"https:\/\/lospoliticosveracruz.com.mx\/index.php?rest_route=\/wp\/v2\/posts\/113597\/revisions\/113599"}],"wp:attachment":[{"href":"https:\/\/lospoliticosveracruz.com.mx\/index.php?rest_route=%2Fwp%2Fv2%2Fmedia&parent=113597"}],"wp:term":[{"taxonomy":"category","embeddable":true,"href":"https:\/\/lospoliticosveracruz.com.mx\/index.php?rest_route=%2Fwp%2Fv2%2Fcategories&post=113597"},{"taxonomy":"post_tag","embeddable":true,"href":"https:\/\/lospoliticosveracruz.com.mx\/index.php?rest_route=%2Fwp%2Fv2%2Ftags&post=113597"}],"curies":[{"name":"wp","href":"https:\/\/api.w.org\/{rel}","templated":true}]}}