{"id":113663,"date":"2023-10-30T19:04:53","date_gmt":"2023-10-31T01:04:53","guid":{"rendered":"https:\/\/lospoliticosveracruz.com.mx\/?p=113663"},"modified":"2023-10-30T19:05:01","modified_gmt":"2023-10-31T01:05:01","slug":"miguel-aleman-y-ruiz-cortines-impulsaron-el-poder-de-la-mujer","status":"publish","type":"post","link":"https:\/\/lospoliticosveracruz.com.mx\/?p=113663","title":{"rendered":"MIGUEL ALEM\u00c1N Y RUIZ CORTINES IMPULSARON EL PODER DE LA MUJER"},"content":{"rendered":"\n<p><strong>Jos\u00e9 Luis Enr\u00edquez Ambell<br><\/strong><em>Caf\u00e9 de Ma\u00f1ana<\/em><\/p>\n\n\n\n<p>Don Miguel Alem\u00e1n Vald\u00e9s y Don Adolfo Ruiz Cortines, veracruzanos distinguidos que en su paso por las instituciones -la historia y hechos as\u00ed lo describen &#8211; y como Presidentes de M\u00e9xico, son muestra palpable que valoraban a la mujer mexicana por eso apoyaron su lucha por participar, que naci\u00f3 hace casi cien a\u00f1os. Ese apoyo que pas\u00f3 por sus manos es innegable y reconocido.<\/p>\n\n\n\n<figure class=\"wp-block-image size-large\"><a href=\"https:\/\/lospoliticosveracruz.com.mx\/wp-content\/uploads\/2016\/07\/Seguro-Julio-Cerecedo-2.jpg\"><img decoding=\"async\" src=\"https:\/\/lospoliticosveracruz.com.mx\/wp-content\/uploads\/2016\/07\/Seguro-Julio-Cerecedo-2-1024x381.jpg\" alt=\"\" class=\"wp-image-105879\"\/><\/a><\/figure>\n\n\n\n<p>En 1947, durante el gobierno del Presidente Miguel Alem\u00e1n -primer Mandatario civil del M\u00e9xico contempor\u00e1neo se le reconoce a las mujeres el derecho a votar y ser votadas en los procesos municipales. Durante su periodo apoy\u00f3 al sector tur\u00edstico, la salud, el medio ambiente, la promoci\u00f3n de la educaci\u00f3n y la tecnolog\u00eda, al campo y la defensa de los derechos de los Sindicatos de Ferrocarrileros, Mineros y Petroleros.<\/p>\n\n\n\n<p>Don Adolfo Ruiz Cortines, hombre ordenado y sin apego a la riqueza personal, promulg\u00f3 las reformas constitucionales que reconocieron el derecho de las mujeres a votar en el \u00e1mbito federal (1953), cumpliendo con ello una de sus promesas de campa\u00f1a.<\/p>\n\n\n\n<p>Ambos pol\u00edticos supieron recoger el sentir de muchas luchadoras que apoyaron desde la contienda revolucionaria. Esos antecedentes hist\u00f3ricos fundamentales hicieron posible que hoy veamos un fen\u00f3meno tan importante como es la contienda de dos mujeres que buscan alcanzar la Presidencia de la Rep\u00fablica.<\/p>\n\n\n\n<p>Hoy que ha estado en la agenda nacional el tema del contenido de los Libros de Texto, es importante recordar que fue el Presidente Ruiz Cortines quien cre\u00f3 la Comisi\u00f3n Nacional de Libros de Texto Gratuitos.<\/p>\n\n\n\n<p>Y hoy, ante el reto de reconstruccion que nos dej\u00f3 el hurac\u00e1n OTIS, es bueno recordar que Miguel Alem\u00e1n Vald\u00e9s fue el pol\u00edtico que brind\u00f3 preponderancia a las actividades econ\u00f3micas en materia de turismo, y en particular a la transformaci\u00f3n del paradisiaco y moderno Acapulco que naci\u00f3 como destino tur\u00edstico nacional e internacional en la mitad del siglo pasado y que hoy esperamos vuelva a ponerse en pie.<\/p>\n\n\n\n<p>En la caseta de cobro de Plan del R\u00edo-Xalapa &#8211; Veracruz,- al lado, lucen monumentos de ambos personajes, obra de comunicaci\u00f3n carretera que se inaugur\u00f3 por el Gobernador Miguel Alem\u00e1n Velasco en la recta final de su mandato (2004).<\/p>\n\n\n\n<p>XXIII ANIVERSARIO LUCTUOSO DE DON FERNANDO GUTI\u00c9RREZ BARRIOS<\/p>\n\n\n\n<p>En recuerdo y memoria de otro veracruzano de alta relevancia y en ocasi\u00f3n del XXIII aniversario luctuoso (30 de Octubre) quiero mencionar citas y gratos recuerdos.<\/p>\n\n\n\n<p>Una mujer cercana, activa y brillante en el equipo de Don Fernando Guti\u00e9rrez Barrios, es la Se\u00f1ora Susana Torres Hern\u00e1ndez, ser humano sensible y servidora p\u00fablica ejemplar, quien en alguna ocasi\u00f3n coment\u00f3: \u201cLas mujeres no estuvimos de florero junto a Don Fernando, nos dio desaf\u00edos reales en el Gobierno de Veracruz y en la Secretar\u00eda de Gobernaci\u00f3n y con ello la responsabilidad y compromiso igualitario con los hombres que estuvieron en su mandato\u00bb. Y es que como funcionario p\u00fablico Don Fernando cumpli\u00f3 cabalmente con sus tareas en materia de seguridad nacional. Por ello, en Veracruz y M\u00e9xico como en pa\u00edses hermanos como Cuba, Centroam\u00e9rica y el Sur de Am\u00e9rica mantienen en el recuerdo a quien como gobernante sostuvo que \u00abVeracruz, es Primero y Siempre\u00bb.<\/p>\n\n\n\n<p>Personas de diferentes corrientes ideologicas partidista, cat\u00f3licos o cristianos, liberales o conservadores, le reconocen como un pilar del sistema pol\u00edtico mexicano en un per\u00edodo amplio que va de 1960 hasta el a\u00f1o 2000, fecha en la que fallece.<\/p>\n\n\n\n<p>UN CAF\u00c9 LECHERO VERACRUZANO<\/p>\n\n\n\n<p>En dos a\u00f1os Fernando Guti\u00e9rrez Barrios -siendo electo como Gobernador- desde el principio sembr\u00f3 bien, y contin\u00faa siendo una figura reconocida en su paso como pol\u00edtico y como ser humano que sirvi\u00f3 a su tierra veracruzana conociendo sus hechos, circunstancias y mejorando la seguridad p\u00fablica sin dejar de hacer en 730 d\u00edas obras camineras, de infraestructura de salud, entre otras.<\/p>\n\n\n\n<p>Al caballero de la pol\u00edtica no lo trat\u00e9 aunque si salud\u00e9 un par de ocasiones, pero mi entra\u00f1able Padre (QEPD) Don Jos\u00e9 Luis Enr\u00edquez Gonz\u00e1lez, diputado local en el periodo 1986-1989, siempre me habl\u00f3 bien de \u00e9l, reconociendo que \u00abes hombre de mano firme, con suave guante y al que siempre se le aprende\u201d.<\/p>\n\n\n\n<p>DE SOBREMESA<\/p>\n\n\n\n<p>La informaci\u00f3n que autoridades de la Federaci\u00f3n, estado y municipio en Acapulco, Guerrero vienen difundiendo ante el impacto, los destrozos y el desastre que ocasion\u00f3 el hurac\u00e1n OTIS es tan diversa y dispersa que nos muestra entre falta y mala coordinaci\u00f3n en materia de Protecci\u00f3n Civil y Seguridad P\u00fablica como Ciudadana, y ojal\u00e1 esto no inhiba al sector privado desarrollador de econom\u00eda a trav\u00e9s del turismo y los servicios para invertir en la reconstrucci\u00f3n urgente de esa zona del Pa\u00eds.<\/p>\n\n\n\n<p>UN CAF\u00c9 NEGRO VERACRUZANO<\/p>\n\n\n\n<p>Los empresarios del sector turismo y servicios de Acapulco solos no podr\u00e1n enfrentar, levantar y reconstruir para relanzar, y veo lentitud en las instancias de Gobierno como si no hubiera una manera de buscarle rutas. Ojal\u00e1 no sea por la falta de capacidad, pues se requiere formular al menos una estrategia e implementarla.<\/p>\n\n\n\n<p>No ser\u00eda recomendable caer en una situaci\u00f3n precaria y pensar que no trascienda nada en demasia por la gravedad ocasionada por OTIS y querer controlar alg\u00fan sector de la prensa y medios electr\u00f3nicos para bajarle a la impresi\u00f3n de la desgracia e irla administrando como se dijo en un principio con el COVID y lleg\u00f3 a 800 mil fallecidos y todav\u00eda, caer en el discurso del Dr. L\u00f3pez Gatell en el sentido de presumir un buen manejo de la pandemia.<\/p>\n\n\n\n<p>Y es qu\u00e9 OTIS cay\u00f3 de golpe, y parece que a\u00fan no reaccionan las autoridades, pues lo peor de la realidad, es que no hay forma de que alcance el dinero.<\/p>\n\n\n\n<p>\u00a1 ES CUANTO !<\/p>\n\n\n\n<p>Jos\u00e9 Luis Enr\u00edquez Ambell<br>enamjl62@gmail.com; enriquezambell@gmail.com<br>Secretario General de la Federaci\u00f3n Aut\u00e9ntica de Trabajadores del Estado de Veracruz (FATEV &#8211; JLEG) Registro Federal del Trabajo # 5844 y Director General de la Consultor\u00eda y Asesor\u00eda Integral AECAI Torre \u00c1nimas en Xalapa, Ver.<\/p>\n","protected":false},"excerpt":{"rendered":"<p>Jos\u00e9 Luis Enr\u00edquez AmbellCaf\u00e9 de Ma\u00f1ana Don Miguel Alem\u00e1n Vald\u00e9s y Don Adolfo Ruiz Cortines, veracruzanos distinguidos que en su paso por las instituciones -la historia y hechos as\u00ed lo describen &#8211; y como Presidentes de M\u00e9xico, son muestra palpable que valoraban a la mujer mexicana por eso apoyaron su lucha por participar, que naci\u00f3 [&hellip;]<\/p>\n","protected":false},"author":2,"featured_media":0,"comment_status":"closed","ping_status":"closed","sticky":false,"template":"","format":"standard","meta":{"_jetpack_newsletter_access":"","_jetpack_dont_email_post_to_subs":false,"_jetpack_newsletter_tier_id":0,"_jetpack_memberships_contains_paywalled_content":false,"_jetpack_memberships_contains_paid_content":false,"footnotes":""},"categories":[70],"tags":[],"class_list":["post-113663","post","type-post","status-publish","format-standard","hentry","category-de-opinion"],"jetpack_featured_media_url":"","jetpack_sharing_enabled":true,"jetpack_shortlink":"https:\/\/wp.me\/p4Qcd3-tzh","_links":{"self":[{"href":"https:\/\/lospoliticosveracruz.com.mx\/index.php?rest_route=\/wp\/v2\/posts\/113663","targetHints":{"allow":["GET"]}}],"collection":[{"href":"https:\/\/lospoliticosveracruz.com.mx\/index.php?rest_route=\/wp\/v2\/posts"}],"about":[{"href":"https:\/\/lospoliticosveracruz.com.mx\/index.php?rest_route=\/wp\/v2\/types\/post"}],"author":[{"embeddable":true,"href":"https:\/\/lospoliticosveracruz.com.mx\/index.php?rest_route=\/wp\/v2\/users\/2"}],"replies":[{"embeddable":true,"href":"https:\/\/lospoliticosveracruz.com.mx\/index.php?rest_route=%2Fwp%2Fv2%2Fcomments&post=113663"}],"version-history":[{"count":1,"href":"https:\/\/lospoliticosveracruz.com.mx\/index.php?rest_route=\/wp\/v2\/posts\/113663\/revisions"}],"predecessor-version":[{"id":113664,"href":"https:\/\/lospoliticosveracruz.com.mx\/index.php?rest_route=\/wp\/v2\/posts\/113663\/revisions\/113664"}],"wp:attachment":[{"href":"https:\/\/lospoliticosveracruz.com.mx\/index.php?rest_route=%2Fwp%2Fv2%2Fmedia&parent=113663"}],"wp:term":[{"taxonomy":"category","embeddable":true,"href":"https:\/\/lospoliticosveracruz.com.mx\/index.php?rest_route=%2Fwp%2Fv2%2Fcategories&post=113663"},{"taxonomy":"post_tag","embeddable":true,"href":"https:\/\/lospoliticosveracruz.com.mx\/index.php?rest_route=%2Fwp%2Fv2%2Ftags&post=113663"}],"curies":[{"name":"wp","href":"https:\/\/api.w.org\/{rel}","templated":true}]}}