{"id":113665,"date":"2023-10-30T19:44:47","date_gmt":"2023-10-31T01:44:47","guid":{"rendered":"https:\/\/lospoliticosveracruz.com.mx\/?p=113665"},"modified":"2023-10-30T19:44:58","modified_gmt":"2023-10-31T01:44:58","slug":"sacan-la-casta","status":"publish","type":"post","link":"https:\/\/lospoliticosveracruz.com.mx\/?p=113665","title":{"rendered":"SACAN LA CASTA!"},"content":{"rendered":"\n<p><strong>Enrique Yasser Pompeyo<br><\/strong><em>Mesa de Redacci\u00f3n<\/em><\/p>\n\n\n\n<p>Las mujeres nuevamente sacan la casta. Ante el avance de los tiempos electorales en la entidad y la falta de definici\u00f3n por parte del Frente Amplio por Veracruz, la diputada local Anil\u00fa Ingram Vallines es clara y contundente.<\/p>\n\n\n\n<figure class=\"wp-block-embed is-type-video is-provider-youtube wp-block-embed-youtube wp-embed-aspect-16-9 wp-has-aspect-ratio\"><div class=\"wp-block-embed__wrapper\">\n<span class=\"embed-youtube\" style=\"text-align:center; display: block;\"><iframe loading=\"lazy\" class=\"youtube-player\" width=\"750\" height=\"422\" src=\"https:\/\/www.youtube.com\/embed\/Nxe-vxf8GuY?version=3&#038;rel=1&#038;showsearch=0&#038;showinfo=1&#038;iv_load_policy=1&#038;fs=1&#038;hl=es-ES&#038;autohide=2&#038;wmode=transparent\" allowfullscreen=\"true\" style=\"border:0;\" sandbox=\"allow-scripts allow-same-origin allow-popups allow-presentation allow-popups-to-escape-sandbox\"><\/iframe><\/span>\n<\/div><\/figure>\n\n\n\n<p>Para elegir al candidato o a la candidata a la gubernatura de Veracruz se debe implementar un m\u00e9todo de elecci\u00f3n, pero este debe garantizar, primero, transparencia y, sobre todo, que sea equitativo.<\/p>\n\n\n\n<p>De lo que se trata es que haya piso parejo y no sea solamente una mera simulaci\u00f3n. Ser\u00eda lo peor en lo que podr\u00edan incurrir los partidos de la alianza opositora.<\/p>\n\n\n\n<p>Hay un aspecto fundamental. Entre los ciudadanos, entre los veracruzanos debe existir la certeza y la confianza de que en el proceso de selecci\u00f3n habr\u00e1 unidad, inclusi\u00f3n y pluralidad.<\/p>\n\n\n\n<p>Pero para eso, los tres partidos de la coalici\u00f3n, el PRI, el PAN y el PRD deben escuchar a los diferentes sectores de la sociedad, a las organizaciones civiles, a los empresarios y a los diversos grupos pol\u00edticos.<\/p>\n\n\n\n<p>Si la democracia y la participaci\u00f3n son pilares de la sociedad, entonces se debe asegurar de que cada voz sea escuchada en ese proceso que va m\u00e1s all\u00e1 de los meros intereses partidistas o de grupo, que representa una alternativa de cambio para recuperar la grandeza de Veracruz.<\/p>\n\n\n\n<p>La coordinadora del Grupo Legislativo del Partido Revolucionario Institucional en el Congreso veracruzano es directa y franca, tiene toda la disposici\u00f3n de colaborar de manera activa con el Frente Amplio para que el proceso de selecci\u00f3n sea democr\u00e1tico y represente la diversidad del pueblo veracruzano.<\/p>\n\n\n\n<p>Anil\u00fa Ingram Vallines ya dio el primer paso y es clara en su exposici\u00f3n. Ahora falta que haya voluntad pol\u00edtica de las dirigencias de los tres partidos para dialogar y construir consensos en beneficio de Veracruz.<\/p>\n\n\n\n<p>enriquepompeyo@hotmail.com<\/p>\n","protected":false},"excerpt":{"rendered":"<p>Enrique Yasser PompeyoMesa de Redacci\u00f3n Las mujeres nuevamente sacan la casta. Ante el avance de los tiempos electorales en la entidad y la falta de definici\u00f3n por parte del Frente Amplio por Veracruz, la diputada local Anil\u00fa Ingram Vallines es clara y contundente. Para elegir al candidato o a la candidata a la gubernatura de [&hellip;]<\/p>\n","protected":false},"author":2,"featured_media":0,"comment_status":"closed","ping_status":"closed","sticky":false,"template":"","format":"standard","meta":{"_jetpack_newsletter_access":"","_jetpack_dont_email_post_to_subs":false,"_jetpack_newsletter_tier_id":0,"_jetpack_memberships_contains_paywalled_content":false,"_jetpack_memberships_contains_paid_content":false,"footnotes":""},"categories":[70],"tags":[1872,15477,38541],"class_list":["post-113665","post","type-post","status-publish","format-standard","hentry","category-de-opinion","tag-anilu-ingram-vallines","tag-enrique-yasser-pompeyo","tag-frente-amplio-por-veracruz"],"jetpack_featured_media_url":"","jetpack_sharing_enabled":true,"jetpack_shortlink":"https:\/\/wp.me\/p4Qcd3-tzj","_links":{"self":[{"href":"https:\/\/lospoliticosveracruz.com.mx\/index.php?rest_route=\/wp\/v2\/posts\/113665","targetHints":{"allow":["GET"]}}],"collection":[{"href":"https:\/\/lospoliticosveracruz.com.mx\/index.php?rest_route=\/wp\/v2\/posts"}],"about":[{"href":"https:\/\/lospoliticosveracruz.com.mx\/index.php?rest_route=\/wp\/v2\/types\/post"}],"author":[{"embeddable":true,"href":"https:\/\/lospoliticosveracruz.com.mx\/index.php?rest_route=\/wp\/v2\/users\/2"}],"replies":[{"embeddable":true,"href":"https:\/\/lospoliticosveracruz.com.mx\/index.php?rest_route=%2Fwp%2Fv2%2Fcomments&post=113665"}],"version-history":[{"count":1,"href":"https:\/\/lospoliticosveracruz.com.mx\/index.php?rest_route=\/wp\/v2\/posts\/113665\/revisions"}],"predecessor-version":[{"id":113667,"href":"https:\/\/lospoliticosveracruz.com.mx\/index.php?rest_route=\/wp\/v2\/posts\/113665\/revisions\/113667"}],"wp:attachment":[{"href":"https:\/\/lospoliticosveracruz.com.mx\/index.php?rest_route=%2Fwp%2Fv2%2Fmedia&parent=113665"}],"wp:term":[{"taxonomy":"category","embeddable":true,"href":"https:\/\/lospoliticosveracruz.com.mx\/index.php?rest_route=%2Fwp%2Fv2%2Fcategories&post=113665"},{"taxonomy":"post_tag","embeddable":true,"href":"https:\/\/lospoliticosveracruz.com.mx\/index.php?rest_route=%2Fwp%2Fv2%2Ftags&post=113665"}],"curies":[{"name":"wp","href":"https:\/\/api.w.org\/{rel}","templated":true}]}}