{"id":113701,"date":"2023-10-31T19:06:20","date_gmt":"2023-11-01T01:06:20","guid":{"rendered":"https:\/\/lospoliticosveracruz.com.mx\/?p=113701"},"modified":"2023-10-31T19:06:29","modified_gmt":"2023-11-01T01:06:29","slug":"las-encuestas-de-morena-2","status":"publish","type":"post","link":"https:\/\/lospoliticosveracruz.com.mx\/?p=113701","title":{"rendered":"LAS ENCUESTAS DE MORENA"},"content":{"rendered":"\n<p><strong>Enrique Yasser Pompeyo&nbsp;<\/strong><\/p>\n\n\n\n<p><em>Mesa de Redacci\u00f3n<\/em><\/p>\n\n\n\n<p>Luego de que Manuel Huerta Ladr\u00f3n de Guevara, aspirante a la Coordinaci\u00f3n Estatal de los Comit\u00e9s de Defensa de la Cuarta Transformaci\u00f3n en Veracruz, enviara una carta al Comit\u00e9 Nacional de MORENA, el dirigente Mario Delgado responde y da a conocer varios datos interesantes.<\/p>\n\n\n\n<figure class=\"wp-block-image size-large\"><a href=\"https:\/\/lospoliticosveracruz.com.mx\/wp-content\/uploads\/2016\/07\/Seguro-Julio-Cerecedo-2.jpg\"><img decoding=\"async\" src=\"https:\/\/lospoliticosveracruz.com.mx\/wp-content\/uploads\/2016\/07\/Seguro-Julio-Cerecedo-2-1024x381.jpg\" alt=\"\" class=\"wp-image-105879\"\/><\/a><\/figure>\n\n\n\n<p>De entrada, el l\u00edder nacional del Movimiento se\u00f1ala que todav\u00eda no se encuentran listos los resultados de las encuestas aplicadas.<\/p>\n\n\n\n<p>Adem\u00e1s, destaca que se est\u00e1 valorando el caso de cada estado, ya que habr\u00e1 lugares donde perdieron las mujeres, pero por la paridad de g\u00e9nero se deber\u00e1 ceder el espacio.<\/p>\n\n\n\n<p>Tambi\u00e9n es claro al desmentir los resultados de encuestas que est\u00e1n dando a conocer algunos aspirantes.&nbsp;<\/p>\n\n\n\n<p>Lo anterior, porque todav\u00eda no se termina el proceso, debido a que aplican encuestas \u201cespejo\u201d con las que se busca conocer la competitividad de las mujeres en dos aspectos: primero, ante la oposici\u00f3n y, segundo, si es conveniente postularlas para garantizar el triunfo.<\/p>\n\n\n\n<p>De los 9 estados, en m\u00e1s de 5 todav\u00eda no se tienen los resultados completos del trabajo de evaluaci\u00f3n.<\/p>\n\n\n\n<p>Por ello, son falsas todas las especulaciones de que ya se decidi\u00f3 si va hombre o mujer.&nbsp;<\/p>\n\n\n\n<p>Es decir, hasta que tengan las 9 encuestas se podr\u00e1 tener una definici\u00f3n y a\u00fan no las tienen.&nbsp;<\/p>\n\n\n\n<p>Hay otro aspecto relevante. Se est\u00e1 valorando el comportamiento de los aspirantes a quienes se les advirti\u00f3 que no deb\u00edan hacer uso indebido de recursos para hacerse promoci\u00f3n, como espectaculares, la pinta de bardas y el exagerado dispendio de recursos econ\u00f3micos.<\/p>\n\n\n\n<p>Se valora todo lo que va en contra de los principios del Movimiento y, sobre todo, si hay denuncias; de manera que se actuar\u00e1 contra quien no respete los lineamientos, se le sancionar\u00e1 y no participar\u00e1 en el proceso.<\/p>\n\n\n\n<p>Acerca de la reuni\u00f3n que pidi\u00f3 Manuel Huerta entre los aspirantes de los nueve estados y la dirigencia nacional, s\u00ed se llevar\u00e1 a cabo, pero ser\u00e1 cuando ya se tengan listos los resultados para d\u00e1rselos a conocer, no antes.<\/p>\n\n\n\n<p>Por cierto, hay que recordar que los aspirantes firmaron que estar\u00edan de acuerdo con la legitimidad de los resultados de las encuestas y aceptar\u00edan la decisi\u00f3n de la dirigencia nacional sobre quien recaer\u00e1 la Coordinaci\u00f3n de los Trabajos de Defensa de la Cuarta Transformaci\u00f3n.<\/p>\n\n\n\n<p>De manera que se espera que no haya inconformidad si se decide darle la oportunidad a una mujer donde gan\u00f3 la encuesta un hombre, pero, ojo, tambi\u00e9n si no hay condiciones para asegurar el triunfo de una mujer se dar\u00e1 la oportunidad a un var\u00f3n.<\/p>\n\n\n\n<p>enriquepompeyo@hotmail.com<\/p>\n","protected":false},"excerpt":{"rendered":"<p>Enrique Yasser Pompeyo&nbsp; Mesa de Redacci\u00f3n Luego de que Manuel Huerta Ladr\u00f3n de Guevara, aspirante a la Coordinaci\u00f3n Estatal de los Comit\u00e9s de Defensa de la Cuarta Transformaci\u00f3n en Veracruz, enviara una carta al Comit\u00e9 Nacional de MORENA, el dirigente Mario Delgado responde y da a conocer varios datos interesantes. De entrada, el l\u00edder nacional [&hellip;]<\/p>\n","protected":false},"author":2,"featured_media":0,"comment_status":"closed","ping_status":"closed","sticky":false,"template":"","format":"standard","meta":{"_jetpack_newsletter_access":"","_jetpack_dont_email_post_to_subs":false,"_jetpack_newsletter_tier_id":0,"_jetpack_memberships_contains_paywalled_content":false,"_jetpack_memberships_contains_paid_content":false,"footnotes":""},"categories":[70],"tags":[15477,10317,1026,195],"class_list":["post-113701","post","type-post","status-publish","format-standard","hentry","category-de-opinion","tag-enrique-yasser-pompeyo","tag-manuel-huerta","tag-morena","tag-veracruz"],"jetpack_featured_media_url":"","jetpack_sharing_enabled":true,"jetpack_shortlink":"https:\/\/wp.me\/p4Qcd3-tzT","_links":{"self":[{"href":"https:\/\/lospoliticosveracruz.com.mx\/index.php?rest_route=\/wp\/v2\/posts\/113701","targetHints":{"allow":["GET"]}}],"collection":[{"href":"https:\/\/lospoliticosveracruz.com.mx\/index.php?rest_route=\/wp\/v2\/posts"}],"about":[{"href":"https:\/\/lospoliticosveracruz.com.mx\/index.php?rest_route=\/wp\/v2\/types\/post"}],"author":[{"embeddable":true,"href":"https:\/\/lospoliticosveracruz.com.mx\/index.php?rest_route=\/wp\/v2\/users\/2"}],"replies":[{"embeddable":true,"href":"https:\/\/lospoliticosveracruz.com.mx\/index.php?rest_route=%2Fwp%2Fv2%2Fcomments&post=113701"}],"version-history":[{"count":1,"href":"https:\/\/lospoliticosveracruz.com.mx\/index.php?rest_route=\/wp\/v2\/posts\/113701\/revisions"}],"predecessor-version":[{"id":113703,"href":"https:\/\/lospoliticosveracruz.com.mx\/index.php?rest_route=\/wp\/v2\/posts\/113701\/revisions\/113703"}],"wp:attachment":[{"href":"https:\/\/lospoliticosveracruz.com.mx\/index.php?rest_route=%2Fwp%2Fv2%2Fmedia&parent=113701"}],"wp:term":[{"taxonomy":"category","embeddable":true,"href":"https:\/\/lospoliticosveracruz.com.mx\/index.php?rest_route=%2Fwp%2Fv2%2Fcategories&post=113701"},{"taxonomy":"post_tag","embeddable":true,"href":"https:\/\/lospoliticosveracruz.com.mx\/index.php?rest_route=%2Fwp%2Fv2%2Ftags&post=113701"}],"curies":[{"name":"wp","href":"https:\/\/api.w.org\/{rel}","templated":true}]}}