{"id":113794,"date":"2023-11-03T08:53:12","date_gmt":"2023-11-03T14:53:12","guid":{"rendered":"https:\/\/lospoliticosveracruz.com.mx\/?p=113794"},"modified":"2023-11-03T08:53:19","modified_gmt":"2023-11-03T14:53:19","slug":"cayo-fofo","status":"publish","type":"post","link":"https:\/\/lospoliticosveracruz.com.mx\/?p=113794","title":{"rendered":"CAY\u00d3 FOFO!"},"content":{"rendered":"\n<p><strong>Marcos Miranda Cogco<br><\/strong><em>Se los dije<\/em><\/p>\n\n\n\n<p>Parece ser que Javier Duarte ex gobernador de Veracruz desde la c\u00e1rcel si est\u00e1 logrando su encomienda de desbaratar la alianza, dividiendo al PRI para que no lleguen al mamotrete ese llamado FAxM.<\/p>\n\n\n\n<p>La presi\u00f3n que el gobierno federal hace sobre de \u00e9l al sacar 7 \u00f3rdenes de aprehensi\u00f3n sobre mismo n\u00famero de colaboradores, \u00abSUTILMENTE\u00bb VERDAD, orillaron en contra de su voluntad, (as\u00ed por las buenas cualquiera), a mandar a sus seguidores como Jorge Carvallo ex diputado federal, y a varios ex dirigentes del PRI en el estado a echarle monton a Adolfo Ram\u00edrez Arana dirigente estatal del PRI en la entidad impuesto por \u00abdedazo\u00bb por el otro traidor al PRI, Alito Moreno.<\/p>\n\n\n\n<p>Se sumo el ex diputado local Fernando Kuri Kuri y la diputada local Anil\u00fa Ingram Vallinas, quien por cierto voto a favor de la cuenta p\u00fablica del gobierno del estado que es de Morena.<\/p>\n\n\n\n<p>Lo que gener\u00f3 una respuesta departe de la diligencia estatal del PRI en el estado. Es decir, mordieron el anzuelo, y ese Bofo demostr\u00f3 que le hace falta oficio pol\u00edtico para poder destrabar esta encomienda que desde la c\u00e1rcel est\u00e1 operando Javier Duarte para ayudar a ganar a Morena. L\u00e1stima mi Bofo te la aplicaron y ca\u00edste bien gacho. Un poco de oficio pol\u00edtico te hace falta.<\/p>\n\n\n\n<p>Sin lugar a dudas esto tambi\u00e9n evidencia que Morena en Veracruz no la tiene segura, como tampoco el PRI. Pero los poquitos votos del PRI m\u00e1s bien los que logren generar el equipo de JDO si le ayudan a ganar a Morena.<\/p>\n\n\n\n<p>Pero bien dicen por ah\u00ed que a veces perdiendo se gana. Y considerando que la pol\u00edtica es de tiempo y circunstancia. Lo que hoy es seguro ma\u00f1ana no, de ah\u00ed que en este momento muchos se aprovechan de las circunstancias, pero el tiempo es quien dir\u00e1 quien tiene la raz\u00f3n.<\/p>\n\n\n\n<p>A eso sumele la divisi\u00f3n al interior de Morena, en donde ya se habla incluso de la traici\u00f3n de Cuitl\u00e1huac gobernador de Morena en Veracruz, el in\u00fatil Gobernador ya que \u00e9l le debe el favor a Javier Duarte maaaaas que al \u00abcabecita de algod\u00f3n\u00bb. Eeesoooo todos lo sabemos, y maaas yooo.<\/p>\n\n\n\n<p>Siiiii ya seeee\u2026\u00bb alguien\u00bb por ah\u00ed seguramente va a decirme, o m\u00e1s bien lo pensara por que no puede dec\u00edrmelo, pero antes me lo dec\u00eda: \u00abNo digas mamadas Marmiko\u00bb pero mis mamadas siempre resultaron como esta que les estoy contando. Fueron CIERTAS siempre, y cerraba esas amenas charlas con un: despu\u00e9s no digas que no te lo dije.<\/p>\n\n\n\n<p>La division al interior del PRI para no lograr la formaci\u00f3n del Frente Amplio Por M\u00e9xico se opera para hacer ganar a Morena.<\/p>\n\n\n\n<p>Eso quiere decir que la oposici\u00f3n en Veracruz con el PAN puede ganar y Morena perder. No veo de otra forma por que tanto alboroto que obligan desde la c\u00e1rcel a operar a Javier Duarte para que destruya esta alianza. Si est\u00e1n seguros en Morena de ganar para que necesitar la ayuda de JDO no creen.<\/p>\n\n\n\n<p>Javier Duarte de Ochoa podr\u00eda salir libre antes de lo esperado pues constitucionalmente tiene ese derecho por buena conducta, y eso, no es que yo solo lo sepa y sus abogados, tambi\u00e9n lo sabe el gobierno y el mismo Javier, que de ah\u00ed se agarran para presionarlo, y m\u00e1s por el tema de su ex esposa, mam\u00e1 de sus hijos.<\/p>\n\n\n\n<p>As\u00ed que el panorama en Veracruz es muy claro, y depender\u00e1 de la inteligencia y astucia de el m\u00e1s sabio e inteligente para ganar.<\/p>\n\n\n\n<p>Recuerden que perdiendo se gana.<\/p>\n\n\n\n<p>\u00abPaciencia, prudencia, verbal contingencia, presencia o ausencia seg\u00fan conveniencia.\u00bb<\/p>\n\n\n\n<p>Un abrazo mi estimado Javier que pronto salgas de la c\u00e1rcel y logres la ansiada libertad. Se de la presi\u00f3n a la que estas sometido.<\/p>\n\n\n\n<p>Despu\u00e9s no digas que no te lo dije.<\/p>\n","protected":false},"excerpt":{"rendered":"<p>Marcos Miranda CogcoSe los dije Parece ser que Javier Duarte ex gobernador de Veracruz desde la c\u00e1rcel si est\u00e1 logrando su encomienda de desbaratar la alianza, dividiendo al PRI para que no lleguen al mamotrete ese llamado FAxM. La presi\u00f3n que el gobierno federal hace sobre de \u00e9l al sacar 7 \u00f3rdenes de aprehensi\u00f3n sobre [&hellip;]<\/p>\n","protected":false},"author":2,"featured_media":0,"comment_status":"closed","ping_status":"closed","sticky":false,"template":"","format":"standard","meta":{"_jetpack_newsletter_access":"","_jetpack_dont_email_post_to_subs":false,"_jetpack_newsletter_tier_id":0,"_jetpack_memberships_contains_paywalled_content":false,"_jetpack_memberships_contains_paid_content":false,"footnotes":""},"categories":[70],"tags":[6676,2681],"class_list":["post-113794","post","type-post","status-publish","format-standard","hentry","category-de-opinion","tag-fernando-kuri-kuri","tag-marcos-miranda-cogco"],"jetpack_featured_media_url":"","jetpack_sharing_enabled":true,"jetpack_shortlink":"https:\/\/wp.me\/p4Qcd3-tBo","_links":{"self":[{"href":"https:\/\/lospoliticosveracruz.com.mx\/index.php?rest_route=\/wp\/v2\/posts\/113794","targetHints":{"allow":["GET"]}}],"collection":[{"href":"https:\/\/lospoliticosveracruz.com.mx\/index.php?rest_route=\/wp\/v2\/posts"}],"about":[{"href":"https:\/\/lospoliticosveracruz.com.mx\/index.php?rest_route=\/wp\/v2\/types\/post"}],"author":[{"embeddable":true,"href":"https:\/\/lospoliticosveracruz.com.mx\/index.php?rest_route=\/wp\/v2\/users\/2"}],"replies":[{"embeddable":true,"href":"https:\/\/lospoliticosveracruz.com.mx\/index.php?rest_route=%2Fwp%2Fv2%2Fcomments&post=113794"}],"version-history":[{"count":1,"href":"https:\/\/lospoliticosveracruz.com.mx\/index.php?rest_route=\/wp\/v2\/posts\/113794\/revisions"}],"predecessor-version":[{"id":113796,"href":"https:\/\/lospoliticosveracruz.com.mx\/index.php?rest_route=\/wp\/v2\/posts\/113794\/revisions\/113796"}],"wp:attachment":[{"href":"https:\/\/lospoliticosveracruz.com.mx\/index.php?rest_route=%2Fwp%2Fv2%2Fmedia&parent=113794"}],"wp:term":[{"taxonomy":"category","embeddable":true,"href":"https:\/\/lospoliticosveracruz.com.mx\/index.php?rest_route=%2Fwp%2Fv2%2Fcategories&post=113794"},{"taxonomy":"post_tag","embeddable":true,"href":"https:\/\/lospoliticosveracruz.com.mx\/index.php?rest_route=%2Fwp%2Fv2%2Ftags&post=113794"}],"curies":[{"name":"wp","href":"https:\/\/api.w.org\/{rel}","templated":true}]}}