{"id":114372,"date":"2023-11-16T18:50:44","date_gmt":"2023-11-17T00:50:44","guid":{"rendered":"https:\/\/lospoliticosveracruz.com.mx\/?p=114372"},"modified":"2023-11-16T18:50:52","modified_gmt":"2023-11-17T00:50:52","slug":"inician-las-compadre-cencias","status":"publish","type":"post","link":"https:\/\/lospoliticosveracruz.com.mx\/?p=114372","title":{"rendered":"INICIAN\u00a0\u00a0LAS COMPADRE-CENCIAS\u00a0"},"content":{"rendered":"\n<p><strong>Jos\u00e9 Luis Enr\u00edquez Ambell&nbsp;<\/strong><\/p>\n\n\n\n<p><em>Caf\u00e9 de Ma\u00f1ana<\/em><\/p>\n\n\n\n<p>Algunos buscar\u00e1n hacerlo en modo festejo, y quiz\u00e1 haya quien o quienes lo hagan para saber c\u00f3mo se ven y qu\u00e9 sigue.<\/p>\n\n\n\n<p>El hecho es una responsabilidad administrativa y legal por la que acuden y se presentan todos los titulares de despacho del Gobernador Cuitl\u00e1huac Garc\u00eda Jim\u00e9nez -a\u00fan siendo encargados tan s\u00f3lo de los despachos en algunos casos &#8211; acto que reviste la mayor relevancia, pues emana de nuestras leyes, por la Glosa del V Informe de Gobierno.<\/p>\n\n\n\n<p><a href=\"https:\/\/youtu.be\/Nxe-vxf8GuY\"><\/a><\/p>\n\n\n\n<figure class=\"wp-block-embed is-type-video is-provider-youtube wp-block-embed-youtube wp-embed-aspect-16-9 wp-has-aspect-ratio\"><div class=\"wp-block-embed__wrapper\">\n<span class=\"embed-youtube\" style=\"text-align:center; display: block;\"><iframe loading=\"lazy\" class=\"youtube-player\" width=\"750\" height=\"422\" src=\"https:\/\/www.youtube.com\/embed\/Nxe-vxf8GuY?version=3&#038;rel=1&#038;showsearch=0&#038;showinfo=1&#038;iv_load_policy=1&#038;fs=1&#038;hl=es-ES&#038;autohide=2&#038;wmode=transparent\" allowfullscreen=\"true\" style=\"border:0;\" sandbox=\"allow-scripts allow-same-origin allow-popups allow-presentation allow-popups-to-escape-sandbox\"><\/iframe><\/span>\n<\/div><\/figure>\n\n\n\n<p>Ya si algunos lo convierten en kerm\u00e9s, funci\u00f3n circense, recreativa o de d\u00eda de campo, all\u00e1 ellos y quienes los sigan.<\/p>\n\n\n\n<p>Sea ante Comisiones Legislativas Permanentes o ante el Pleno del Congreso, es para informar el estado que guardan cada uno de los ramos de la administraci\u00f3n p\u00fablica que est\u00e1n bajo su \u00fanica responsabilidad, el hecho real es que no es un acto o acci\u00f3n distante a la m\u00e1s alta seriedad o dicho de otra forma, no se trata de una sucursal del Festival de la Salsa o algo parecido a la kerm\u00e9s o verbena popular de alguna colonia o escuela, con el debido respeto.<\/p>\n\n\n\n<p>La Constituci\u00f3n Pol\u00edtica del Estado es quien dispone la comparecencia de los Secretarios de Despacho, como otros Servidores P\u00fablicos que tienen a su disposici\u00f3n recursos producto de todos los veracruzanos como son los titulares de los \u00f3rganos aut\u00f3nomos &#8211; con excepci\u00f3n de la UV &#8211; y que despu\u00e9s de la entrega del Informe de Gobierno, tambi\u00e9n deber\u00e1n acudir al legislativo.<\/p>\n\n\n\n<p>Esta forma de \u00abcontrol parlamentario\u00bb y que emana de las normas vigentes en Veracruz no debe ser motivo para una fiesta mal entendida e incluso creo las deber\u00eda de limitar la autoridad competente, y que \u00abla celebraci\u00f3n\u00bb sea seria y no un carnaval donde hasta bloqueos en las calles y avenidas causan, y ya ni se diga de los gastos innecesarios e injustificados, que ante la vista y observancia de los que suponemos que vigilan &#8211; Controlar\u00edas Internas y el ORFIS &#8211; y deben hacerlo por la actuaci\u00f3n de los servidores p\u00fablicos, no hacen nada por evitarlo o corregirlo, es el caso ahora de las \u00abCompadre-cencias\u00bb por empezar.<\/p>\n\n\n\n<p>Ahora corresponde al encargado de la SEGOB , Carlos Alberto Ju\u00e1rez Gil, tabasque\u00f1o de origen, y faltan todos los demas Secretarios de Despacho por transitar para la Glosa del V Informe por el palacio y recinto del Pleno Legislativo frente a la Comisi\u00f3n correspondiente a sus sectores, y esperamos que no dejen de aportar junto con los diputados lo que en conjunto la poblaci\u00f3n necesitamos saber y las normas indican cumplir: rendir cuentas claras y transparentes relativas a todo el universo de obras, acciones y servicios que les compete.<\/p>\n\n\n\n<p>Este quinto momento del r\u00e9gimen sexenal, que inici\u00f3 en 2018 y terminar\u00e1 en 2024, se convierte propiamente en el \u00faltimo informe, pues dentro de un a\u00f1o el centro de atenci\u00f3n ser\u00e1 el relevo transexenal, pero cada anualidad reviste ser un acto solemne, serio, honorable y en la sede del Poder Legislativo, de tal suerte que ojal\u00e1 resulte una fiesta por los logros y las acciones, pero no como tributo al ego y la adulaci\u00f3n a costa del erario p\u00fablico.<\/p>\n\n\n\n<p>Tengo la impresi\u00f3n que en Veracruz est\u00e1 agotado el modelo de comparecencias, y es el Poder Legislativo quien tiene y debe renovar el formato ante la necesidad de una pluralidad y mayor respeto del Poder Ejecutivo -y quien es el visitante obligado a comparecer- para que toda esta obligaci\u00f3n legal y democr\u00e1tica no sea una parcela que mueva a su antojo el Poder Ejecutivo y menos en otro Poder, y en el que se supone es la sede de la m\u00e1xima tribuna de expresi\u00f3n.<\/p>\n\n\n\n<p>DE SOBREMESA&nbsp;<\/p>\n\n\n\n<p>Este ejercicio de mejorarse y actualizarse, es muy posible que los Presidentes Municipales lo repliquen -no que lo eviten como algunos que dicen evitar el m\u00ednimo gasto- pues se trata de un deber y cumplimiento legal no una fiesta popular tipo kerm\u00e9s.<\/p>\n\n\n\n<p>UN CAF\u00c9 CON DOBLE CARGA&nbsp;<\/p>\n\n\n\n<p>El Informe de labores en su V a\u00f1o de Gobierno por el Ing. Cuitl\u00e1huac Garc\u00eda Jim\u00e9nez, puede ser la frontera de pr\u00f3ximos movimientos de piezas en el tablero oficial.&nbsp;&nbsp;Y hombres como mujeres, podr\u00edan salir para ir a caminar en busca del voto popular m; o quiz\u00e1, dar espacio a quienes ser\u00edan los que hagan la tarea de limpieza y aseo de casa para la pr\u00f3xima entrega recepci\u00f3n, sea cual sea el resultado electoral, pues los procesos deben ser formales, con transparencia y plenos en la rendici\u00f3n de cuentas.<\/p>\n\n\n\n<p>UN CAF\u00c9 LECHERO LIGHT DIVORCIADO<\/p>\n\n\n\n<p>El transporte p\u00fablico -no s\u00f3lo en Orizaba- es una mezcla de intereses entre negocio comercial y corrupci\u00f3n, que requiere una cirug\u00eda mayor entre varios niveles de gobierno y sector privado para que resulte un servicio p\u00fablico rentable de todos los inmersos en esa actividad, incluyendo a usuarios y pasajeros.<\/p>\n\n\n\n<p>UN CAF\u00c9 DE OLLA DE BARRO<\/p>\n\n\n\n<p>El Partido Verde Ecologista de M\u00e9xico (PVEM) en Veracruz, as\u00ed como Movimiento Ciudadano (MC), pueden resultar factor en el venidero proceso electoral en el Estado. Pronto estar\u00e1n por anunciar sorpresas que ya veremos si son a favor de Morena o el Frente Amplio por M\u00e9xico.<\/p>\n\n\n\n<p>\u00a1 ES CUANTO !<\/p>\n\n\n\n<p>Jos\u00e9 Luis Enr\u00edquez Ambell&nbsp;<\/p>\n\n\n\n<p>enamjl62@gmail.com; enriquezambell@gmail.com<\/p>\n\n\n\n<p>Secretario General de la Federaci\u00f3n Aut\u00e9ntica de Trabajadores del Estado de Veracruz (FATEV &#8211; JLEG) Registro Federal del Trabajo # 5844 y Director General de la Consultor\u00eda y Asesor\u00eda Integral AECAI Torre \u00c1nimas en Xalapa, Ver.<\/p>\n","protected":false},"excerpt":{"rendered":"<p>Jos\u00e9 Luis Enr\u00edquez Ambell&nbsp; Caf\u00e9 de Ma\u00f1ana Algunos buscar\u00e1n hacerlo en modo festejo, y quiz\u00e1 haya quien o quienes lo hagan para saber c\u00f3mo se ven y qu\u00e9 sigue. El hecho es una responsabilidad administrativa y legal por la que acuden y se presentan todos los titulares de despacho del Gobernador Cuitl\u00e1huac Garc\u00eda Jim\u00e9nez -a\u00fan [&hellip;]<\/p>\n","protected":false},"author":2,"featured_media":0,"comment_status":"closed","ping_status":"closed","sticky":false,"template":"","format":"standard","meta":{"_jetpack_newsletter_access":"","_jetpack_dont_email_post_to_subs":false,"_jetpack_newsletter_tier_id":0,"_jetpack_memberships_contains_paywalled_content":false,"_jetpack_memberships_contains_paid_content":false,"footnotes":""},"categories":[70],"tags":[331],"class_list":["post-114372","post","type-post","status-publish","format-standard","hentry","category-de-opinion","tag-congreso-del-estado"],"jetpack_featured_media_url":"","jetpack_sharing_enabled":true,"jetpack_shortlink":"https:\/\/wp.me\/p4Qcd3-tKI","_links":{"self":[{"href":"https:\/\/lospoliticosveracruz.com.mx\/index.php?rest_route=\/wp\/v2\/posts\/114372","targetHints":{"allow":["GET"]}}],"collection":[{"href":"https:\/\/lospoliticosveracruz.com.mx\/index.php?rest_route=\/wp\/v2\/posts"}],"about":[{"href":"https:\/\/lospoliticosveracruz.com.mx\/index.php?rest_route=\/wp\/v2\/types\/post"}],"author":[{"embeddable":true,"href":"https:\/\/lospoliticosveracruz.com.mx\/index.php?rest_route=\/wp\/v2\/users\/2"}],"replies":[{"embeddable":true,"href":"https:\/\/lospoliticosveracruz.com.mx\/index.php?rest_route=%2Fwp%2Fv2%2Fcomments&post=114372"}],"version-history":[{"count":1,"href":"https:\/\/lospoliticosveracruz.com.mx\/index.php?rest_route=\/wp\/v2\/posts\/114372\/revisions"}],"predecessor-version":[{"id":114373,"href":"https:\/\/lospoliticosveracruz.com.mx\/index.php?rest_route=\/wp\/v2\/posts\/114372\/revisions\/114373"}],"wp:attachment":[{"href":"https:\/\/lospoliticosveracruz.com.mx\/index.php?rest_route=%2Fwp%2Fv2%2Fmedia&parent=114372"}],"wp:term":[{"taxonomy":"category","embeddable":true,"href":"https:\/\/lospoliticosveracruz.com.mx\/index.php?rest_route=%2Fwp%2Fv2%2Fcategories&post=114372"},{"taxonomy":"post_tag","embeddable":true,"href":"https:\/\/lospoliticosveracruz.com.mx\/index.php?rest_route=%2Fwp%2Fv2%2Ftags&post=114372"}],"curies":[{"name":"wp","href":"https:\/\/api.w.org\/{rel}","templated":true}]}}