{"id":114774,"date":"2023-11-25T03:17:01","date_gmt":"2023-11-25T09:17:01","guid":{"rendered":"https:\/\/lospoliticosveracruz.com.mx\/?p=114774"},"modified":"2023-11-25T03:19:26","modified_gmt":"2023-11-25T09:19:26","slug":"una-panista-al-senado","status":"publish","type":"post","link":"https:\/\/lospoliticosveracruz.com.mx\/?p=114774","title":{"rendered":"UNA PANISTA, POR EL SENADO"},"content":{"rendered":"\n<p><strong>Ricardo Chua<\/strong><\/p>\n\n\n\n<p><em>Sale y Vale<\/em><\/p>\n\n\n\n<p>EXCLUSIVA. EL SENADO PAN EN VERACRUZ.. Despu\u00e9s del anuncio del ex gobernador de Veracruz, Miguel Angel Yunes Linares, de que \u00e9l no ser\u00e1, ni buscar\u00e1 la nominaci\u00f3n del PAN al Senado por esta entidad en su primera f\u00f3rmula.. ESTOY AUTORIZADO a decir, que el candidato panista a ese cargo de elecci\u00f3n popular ser\u00e1 UNA MUJER.. Ella se INSCRIBI\u00d3 el pasado viernes 17 de noviembre por la tarde-noche en el comit\u00e9 estatal del PAN en Xalapa.. Muy pocos se enteraron.. Y es la \u00fanica inscrita hasta el momento a esa candidatura..<\/p>\n\n\n\n<p>De esa manera, al descartarse Yunes Linares a \u00abjugar\u00bb en la contienda electoral del 2024.. Algo que hizo p\u00fablico en una entrevista en EXCLUSIVA que le realiz\u00f3 el famoso periodista de radio y televisi\u00f3n, Jorge Faibre \u00c1lvarez, en la estaci\u00f3n de MVS Radio.. Yunes le dijo en concreto a Faibre, que \u00e9l su m\u00e1ximo honor fue gobernar a los veracruzanos del 2016-2018 y que ya despu\u00e9s de eso, no buscaba ning\u00fan puesto pol\u00edtico o cargo de elecci\u00f3n popular y que sus intereses personales eran otros..<\/p>\n\n\n\n<p>Por esa situaci\u00f3n.. \u00abGarganta Profunda\u00bb me autoriz\u00f3 a se\u00f1alar que ser\u00e1 ella (una mujer) cuyo nombre guardamos por el momento.. Ser\u00e1 la persona que acompa\u00f1e a Pepe Yunes a caminar por todo el Estado en la campa\u00f1a a gobernador y senador por Veracruz.. Lo cual har\u00e1 que sea una dupla muy atractiva para el electorado veracruzano.. Una dupla m\u00e1s conocida que la de Roc\u00edo Nahle y Manuel Huerta\u2026 \u00bfSer\u00e1 por eso que desean activar a Javier Herrera?.. LA DUDA QUEDA..<\/p>\n\n\n\n<p>La nominaci\u00f3n del PAN al Senado en la primera f\u00f3rmula ser\u00e1 una \u00abbomba\u00bb medi\u00e1tica y pol\u00edtica en unas semanas.. Ya que con esto garantiza que el panismo m\u00e1s poderoso de Veracruz, se meta con todo a la contienda de Pepe Yunes.. Y con ello, buscan desbancar a MORENA del poder.. Ya que ven la debilidad de Nahle y lo endeble de la candidatura de Manuel Huerta.. Ya que si bien es cierto en MORENA es de los m\u00e1s poderosos.. Con esos se\u00f1alamientos en su contra, que hizo patente Miguel Yunes, la sociedad puede que no vote por ellos..<\/p>\n\n\n\n<p>El hecho es que con la nominaci\u00f3n de Pepe Yunes a la candidatura a gobernador y el respaldo que recibi\u00f3 de todos los dem\u00e1s aspirantes.. Hace pensar que van a caminar unidos.. Y que si el PRI no es capaz de sacarlo en campa\u00f1a.. El PAN podr\u00eda ser esa salvaci\u00f3n.. Y que la sociedad vote por Pepe pero a trav\u00e9s del PAN.. Y si la candidata al Senado hace \u00abclick\u00bb con Yunes Zorrilla.. Podr\u00edan hacer ver su suerte a Manuel Huerta y Roc\u00edo.. S\u00f3lo queda esperar.. La imagen de la candidata es perfecta y embona con la de Pepe Yunes.. CONSUMATUM EST..<\/p>\n\n\n\n<p>OJO se dice que el PRD en Veracruz para poder garantizar un mayor porcentaje de votos para su partido.. Si el PAN nomina mujer al Senado.. Ellos tendr\u00edan un aspirante que har\u00eda crecer su porcentaje y ayudar en la lucha por la gubernatura de Veracruz.. Y ese personaje podr\u00eda ser: Fernando Yunes M\u00e1rquez.. \u00cbl ir\u00eda en la boleta inscrito por el PRD.. Este partido ya llev\u00f3 a su hermano en el 2018.. Qu\u00e9 impide que \u00abChiquiFer\u00bb sea candidato perredista.. Jes\u00fas Zambrano y Sergio Cadena, lo saben.. \u00bfA poco Rogelio Franco dir\u00e1 que no a Yunes M\u00e1rquez?.. AMEN<\/p>\n\n\n\n<p>EL JARIPEO DE MEMO.. Hace unos d\u00edas se llev\u00f3 a cabo en Medell\u00edn de Bravo, el \u00abPrimer Jaripeo Memo 2023\u00bb en la Parcela Ejidal del Tejar, por parte de la Fundaci\u00f3n \u00abMEMO\u00bb para otorgar apoyos a familias vulnerables de la zona y por ello organizaron un evento inolvidable lleno de tradiciones mexicanas\u2026 Fueron m\u00e1s de 4 mil personas las que se dieron cita y que por el esfuerzo de Guillermo Herrada Jim\u00e9nez, el Comit\u00e9 de Jaripeo e integrantes del Ejido del Tejar, disfrutaron de una gran fiesta\u2026<\/p>\n\n\n\n<p>De igual forma se cont\u00f3 con la embajadora de la fiesta, \u00abLa Se\u00f1orita Jaripeo MEMO 2023\u00bb, Alondra Villegas Gonz\u00e1lez.. El presidente del Comit\u00e9 Organizador, Enrique M\u00e1rquez, as\u00ed como autoridades locales, dieron palabras de bienvenida y agradecimiento a todos los asistentes que hicieron posible este evento, as\u00ed como la Doctora Betsab\u00e9 Sol\u00eds Ner\u00ed.. Sin faltar el gran concurso de caballos bailarines, que dieron muestra de elegancia a todos los asistentes..<\/p>\n\n\n\n<p>Adem\u00e1s de concursos y presentaciones musicales.. \u00abEl Primer Gran Jaripeo MEMO 2023 \u00bb fue una celebraci\u00f3n inolvidable que busca preservar las tradiciones y enaltecer la identidad de Medell\u00edn de Bravo, por lo que luego del \u00e9xito rotundo, se espera que contin\u00fae realiz\u00e1ndose.. Adem\u00e1s de la derrama econ\u00f3mica de la zona.. Donde todos los comerciantes y productores de la regi\u00f3n pudieron comercializar productos para ayudar en su econom\u00eda rural y el bienestar para sus familias es directo.. BIEN<\/p>\n","protected":false},"excerpt":{"rendered":"<p>Ricardo Chua Sale y Vale EXCLUSIVA. EL SENADO PAN EN VERACRUZ.. Despu\u00e9s del anuncio del ex gobernador de Veracruz, Miguel Angel Yunes Linares, de que \u00e9l no ser\u00e1, ni buscar\u00e1 la nominaci\u00f3n del PAN al Senado por esta entidad en su primera f\u00f3rmula.. ESTOY AUTORIZADO a decir, que el candidato panista a ese cargo de [&hellip;]<\/p>\n","protected":false},"author":2,"featured_media":0,"comment_status":"closed","ping_status":"closed","sticky":false,"template":"","format":"standard","meta":{"_jetpack_newsletter_access":"","_jetpack_dont_email_post_to_subs":false,"_jetpack_newsletter_tier_id":0,"_jetpack_memberships_contains_paywalled_content":false,"_jetpack_memberships_contains_paid_content":false,"footnotes":""},"categories":[70],"tags":[818,1850,428,1026,266,3578,195],"class_list":["post-114774","post","type-post","status-publish","format-standard","hentry","category-de-opinion","tag-fernando-yunes-marquez","tag-manuel-huerta-ladron-de-guevara","tag-miguel-angel-yunes-linares","tag-morena","tag-pan","tag-rocio-nahle","tag-veracruz"],"jetpack_featured_media_url":"","jetpack_sharing_enabled":true,"jetpack_shortlink":"https:\/\/wp.me\/p4Qcd3-tRc","_links":{"self":[{"href":"https:\/\/lospoliticosveracruz.com.mx\/index.php?rest_route=\/wp\/v2\/posts\/114774","targetHints":{"allow":["GET"]}}],"collection":[{"href":"https:\/\/lospoliticosveracruz.com.mx\/index.php?rest_route=\/wp\/v2\/posts"}],"about":[{"href":"https:\/\/lospoliticosveracruz.com.mx\/index.php?rest_route=\/wp\/v2\/types\/post"}],"author":[{"embeddable":true,"href":"https:\/\/lospoliticosveracruz.com.mx\/index.php?rest_route=\/wp\/v2\/users\/2"}],"replies":[{"embeddable":true,"href":"https:\/\/lospoliticosveracruz.com.mx\/index.php?rest_route=%2Fwp%2Fv2%2Fcomments&post=114774"}],"version-history":[{"count":2,"href":"https:\/\/lospoliticosveracruz.com.mx\/index.php?rest_route=\/wp\/v2\/posts\/114774\/revisions"}],"predecessor-version":[{"id":114777,"href":"https:\/\/lospoliticosveracruz.com.mx\/index.php?rest_route=\/wp\/v2\/posts\/114774\/revisions\/114777"}],"wp:attachment":[{"href":"https:\/\/lospoliticosveracruz.com.mx\/index.php?rest_route=%2Fwp%2Fv2%2Fmedia&parent=114774"}],"wp:term":[{"taxonomy":"category","embeddable":true,"href":"https:\/\/lospoliticosveracruz.com.mx\/index.php?rest_route=%2Fwp%2Fv2%2Fcategories&post=114774"},{"taxonomy":"post_tag","embeddable":true,"href":"https:\/\/lospoliticosveracruz.com.mx\/index.php?rest_route=%2Fwp%2Fv2%2Ftags&post=114774"}],"curies":[{"name":"wp","href":"https:\/\/api.w.org\/{rel}","templated":true}]}}