{"id":114856,"date":"2023-11-27T14:41:25","date_gmt":"2023-11-27T20:41:25","guid":{"rendered":"https:\/\/lospoliticosveracruz.com.mx\/?p=114856"},"modified":"2023-11-27T14:41:32","modified_gmt":"2023-11-27T20:41:32","slug":"lo-bueno-y-lo-malo-de-alito","status":"publish","type":"post","link":"https:\/\/lospoliticosveracruz.com.mx\/?p=114856","title":{"rendered":"LO BUENO Y LO MALO DE ALITO"},"content":{"rendered":"\n<p><\/p>\n\n\n\n<p><\/p>\n\n\n\n<p><em>Luis Bustos<\/em><br><em>EnEstaHora<\/em><\/p>\n\n\n\n<p>Los pol\u00edticos, como cualquier otro personaje de la vida p\u00fablica, dejan transparentar sus aciertos y, por qu\u00e9 no, sus errores. El caso que hoy nos ocupa, tiene que ver con el dirigente nacional del PRI, Alejandro Moreno C\u00e1rdenas, mejor conocido como \u201cAlito\u201d.<\/p>\n\n\n\n<p>Lo bueno: Haber incorporado al PRI al Frente Amplio por M\u00e9xico, mantener el bloque opositor dentro de las C\u00e1maras Legislativas y saber aceptar la opci\u00f3n surgida de otro partido para encabezar los trabajos de la Coalici\u00f3n.<\/p>\n\n\n\n<p>El otro lado de la moneda: De entrada, no puedo omitir mi opini\u00f3n y la de muchas otras personas respecto de la presencia del PRI en el Estado de M\u00e9xico, en cuyo proceso electoral, la candidata Alejandra Del Moral, casi siempre se vio sola, sin la compa\u00f1\u00eda de los liderazgos y de las estructuras s\u00f3lidas del priismo y, cuando se aparec\u00eda el dirigente nacional, invariablemente, lo hac\u00eda con las camisas promocionales de su EGO, que obviamente, reduc\u00edan cualquier otro anuncio propagand\u00edstico que estuviera en el templete.<\/p>\n\n\n\n<p>Ese es un \u201cpeque\u00f1o\u201d detalle que para \u00e9l, es m\u00e1s importante que el objetivo a seguir que es promover a alguien que no es Alito, sino quien encabeza el proyecto opositor.<\/p>\n\n\n\n<p>Y es que la misma circunstancia del Edomex, empieza a verse con la precandidata del Frente Amplio por M\u00e9xico, ahora, renombrado como Coalici\u00f3n Fuerza y Coraz\u00f3n por M\u00e9xico, ya que insiste en usar sus camisas y chamarras con su nombre de gran tama\u00f1o, que pareciera que el candidato o personaje principal es \u00e9l.<\/p>\n\n\n\n<p>Y conoci\u00e9ndolo, as\u00ed seguir\u00e1 en sus recorridos por todo el pa\u00eds, haciendo chiquitos a los candidatos o candidatas a los gobiernos de los estados en disputa y, mucho m\u00e1s chiquitos a los aspirantes a senadores y diputados federales, locales y alcaldes.<\/p>\n\n\n\n<p>Por eso, en lo personal, creo que ya es tiempo de que Alito recupere su nombre propio y vuelva a ser Alejandro Moreno C\u00e1rdenas y encuentre el lugar exacto en la campa\u00f1a que se avecina.<\/p>\n\n\n\n<p>Alejandro Moreno C\u00e1rdenas seguir\u00e1 siendo presidente del PRI, que es uno de los pilares del Frente o Coalici\u00f3n y, el personaje central es y ser\u00e1 X\u00f3chitl G\u00e1lvez Ruiz.<\/p>\n\n\n\n<p>En los estados, deber\u00e1n ocupar el lugar m\u00e1s cerquita a X\u00f3chitl, los candidatos o candidatas a gobernador, senadores, diputados, alcaldes y etc.,etc., pues es a los que hay que promover, porque son los que deber\u00e1n de salir a buscar y cosechar votos, muchos votos, si es que quieren ganar.<\/p>\n\n\n\n<p>En Veracruz, se debe promover a X\u00f3chitl y a Jos\u00e9 Francisco o Pepe Yunes, ya que ellos vendr\u00e1n en las boletas electorales, no Alejandro Moreno C\u00e1rdenas, el ser\u00e1 pluri, con publicidad o sin ella.<\/p>\n\n\n\n<p>En Veracruz ya se dio el cambio de dirigencia y el nuevo presidente Adolfo Ram\u00edrez Arana, ya se dej\u00f3 ver que est\u00e1 imitando a Alito y luce camisas promocion\u00e1ndose como Adolfo o como Fofo. Ojal\u00e1 el joven dirigente, que es inteligente y muy trabajador, tenga una mejor visi\u00f3n y cambie de actitud, en el entendido de que aqu\u00ed, en Veracruz es Jos\u00e9 Francisco el candidato y, obviamente, estar\u00e1 siempre ubicado publicitariamente, junto o abajito de X\u00f3chitl.<\/p>\n\n\n\n<p>Por su parte, Adolfo, deber\u00e1 de ocuparse de fortalecer los cuadros militantes y crear y capacitar a la nueva estructura electoral.<\/p>\n\n\n\n<p>Comentario final: Lo cierto es que las camisas de Alito, no son moda que agrade a la vista de la ciudadan\u00eda, de por si el PRI anda desgastado y, ese derroche de EGO publicitario, solo ayuda a generar m\u00e1s desencanto.<\/p>\n","protected":false},"excerpt":{"rendered":"<p>Luis BustosEnEstaHora Los pol\u00edticos, como cualquier otro personaje de la vida p\u00fablica, dejan transparentar sus aciertos y, por qu\u00e9 no, sus errores. El caso que hoy nos ocupa, tiene que ver con el dirigente nacional del PRI, Alejandro Moreno C\u00e1rdenas, mejor conocido como \u201cAlito\u201d. Lo bueno: Haber incorporado al PRI al Frente Amplio por M\u00e9xico, [&hellip;]<\/p>\n","protected":false},"author":2,"featured_media":0,"comment_status":"closed","ping_status":"closed","sticky":false,"template":"","format":"standard","meta":{"_jetpack_newsletter_access":"","_jetpack_dont_email_post_to_subs":false,"_jetpack_newsletter_tier_id":0,"_jetpack_memberships_contains_paywalled_content":false,"_jetpack_memberships_contains_paid_content":false,"footnotes":""},"categories":[70],"tags":[15048,251],"class_list":["post-114856","post","type-post","status-publish","format-standard","hentry","category-de-opinion","tag-alejandro-moreno-cardenas","tag-pri"],"jetpack_featured_media_url":"","jetpack_sharing_enabled":true,"jetpack_shortlink":"https:\/\/wp.me\/p4Qcd3-tSw","_links":{"self":[{"href":"https:\/\/lospoliticosveracruz.com.mx\/index.php?rest_route=\/wp\/v2\/posts\/114856","targetHints":{"allow":["GET"]}}],"collection":[{"href":"https:\/\/lospoliticosveracruz.com.mx\/index.php?rest_route=\/wp\/v2\/posts"}],"about":[{"href":"https:\/\/lospoliticosveracruz.com.mx\/index.php?rest_route=\/wp\/v2\/types\/post"}],"author":[{"embeddable":true,"href":"https:\/\/lospoliticosveracruz.com.mx\/index.php?rest_route=\/wp\/v2\/users\/2"}],"replies":[{"embeddable":true,"href":"https:\/\/lospoliticosveracruz.com.mx\/index.php?rest_route=%2Fwp%2Fv2%2Fcomments&post=114856"}],"version-history":[{"count":1,"href":"https:\/\/lospoliticosveracruz.com.mx\/index.php?rest_route=\/wp\/v2\/posts\/114856\/revisions"}],"predecessor-version":[{"id":114857,"href":"https:\/\/lospoliticosveracruz.com.mx\/index.php?rest_route=\/wp\/v2\/posts\/114856\/revisions\/114857"}],"wp:attachment":[{"href":"https:\/\/lospoliticosveracruz.com.mx\/index.php?rest_route=%2Fwp%2Fv2%2Fmedia&parent=114856"}],"wp:term":[{"taxonomy":"category","embeddable":true,"href":"https:\/\/lospoliticosveracruz.com.mx\/index.php?rest_route=%2Fwp%2Fv2%2Fcategories&post=114856"},{"taxonomy":"post_tag","embeddable":true,"href":"https:\/\/lospoliticosveracruz.com.mx\/index.php?rest_route=%2Fwp%2Fv2%2Ftags&post=114856"}],"curies":[{"name":"wp","href":"https:\/\/api.w.org\/{rel}","templated":true}]}}