{"id":114877,"date":"2023-11-28T07:52:59","date_gmt":"2023-11-28T13:52:59","guid":{"rendered":"https:\/\/lospoliticosveracruz.com.mx\/?p=114877"},"modified":"2023-11-28T07:53:05","modified_gmt":"2023-11-28T13:53:05","slug":"la-escuela-austriaca-de-economia","status":"publish","type":"post","link":"https:\/\/lospoliticosveracruz.com.mx\/?p=114877","title":{"rendered":"LA ESCUELA AUSTR\u00cdACA DE ECONOM\u00cdA"},"content":{"rendered":"\n<p><\/p>\n\n\n\n<p><strong>Alejandro Bustos<\/strong><br><em>Sinapsis<\/em><\/p>\n\n\n\n<p>Hay una brillant\u00edsima frase de Ronald Reagan que un gran amigo me recordaba el otro d\u00eda y fundamentalmente me sirvi\u00f3 de inspiraci\u00f3n para preparar mi columna de hoy: \u00abLa inflaci\u00f3n es el precio de los gastos del gobierno que pensabas que eran gratis\u00bb. De ah\u00ed, la importancia del reduccion\u00edsmo del gobierno en los asuntos de un pa\u00eds eminentemente liberal, pero ya llegaremos a ello.<\/p>\n\n\n<div class=\"wp-block-image\">\n<figure class=\"alignleft size-medium\"><a href=\"https:\/\/lospoliticosveracruz.com.mx\/wp-content\/uploads\/2021\/10\/WhatsApp-Image-2021-10-02-at-15.20.25.jpeg\"><img loading=\"lazy\" decoding=\"async\" width=\"212\" height=\"300\" src=\"https:\/\/lospoliticosveracruz.com.mx\/wp-content\/uploads\/2021\/10\/WhatsApp-Image-2021-10-02-at-15.20.25-212x300.jpeg\" alt=\"\" class=\"wp-image-80177\" srcset=\"https:\/\/lospoliticosveracruz.com.mx\/wp-content\/uploads\/2021\/10\/WhatsApp-Image-2021-10-02-at-15.20.25-212x300.jpeg 212w, https:\/\/lospoliticosveracruz.com.mx\/wp-content\/uploads\/2021\/10\/WhatsApp-Image-2021-10-02-at-15.20.25-724x1024.jpeg 724w, https:\/\/lospoliticosveracruz.com.mx\/wp-content\/uploads\/2021\/10\/WhatsApp-Image-2021-10-02-at-15.20.25-768x1086.jpeg 768w, https:\/\/lospoliticosveracruz.com.mx\/wp-content\/uploads\/2021\/10\/WhatsApp-Image-2021-10-02-at-15.20.25.jpeg 905w\" sizes=\"auto, (max-width: 212px) 100vw, 212px\" \/><\/a><\/figure><\/div>\n\n\n<p>Como mencion\u00e9 en mi columna del pasado martes 5 de septiembre titulada \u2018Econom\u00eda de Mercado: Motor de prosperidad en pa\u00edses liberales\u2019 yo no soy economista; sin embargo, es una ciencia de la cual, sin ser experto, me apasiona estudiar y aprender todos los d\u00edas.<\/p>\n\n\n\n<p>Como tambi\u00e9n he confesado en otras entregas en este mismo espacio, me considero a m\u00ed mismo, ideol\u00f3gicamente hablando, liberal y defensor del libre mercado. Algunos de esos conceptos fundacionales provienen de una de las corrientes de pensamiento m\u00e1s reconocidas y estudiadas por los economistas modernos, por lo que sigue muy vigente en pleno siglo XXI: la escuela austriaca.<\/p>\n\n\n\n<p>La econom\u00eda es una ciencia que estudia la acci\u00f3n humana en el \u00e1mbito de la escasez. Los seres humanos tenemos necesidades ilimitadas, pero los recursos para satisfacerlas son limitados. Por ello, casi siempre nos topamos con escenarios en nuestra vida en los que debemos elegir entre distintas opciones y asumir las consecuencias de nuestras decisiones (costo de oportunidad). La econom\u00eda nos ayuda a comprender c\u00f3mo se forman los precios, c\u00f3mo se asignan los recursos, c\u00f3mo se genera el crecimiento, c\u00f3mo se producen los ciclos econ\u00f3micos, c\u00f3mo se afectan los mercados por las pol\u00edticas p\u00fablicas y c\u00f3mo se relacionan los agentes econ\u00f3micos entre s\u00ed.<\/p>\n\n\n\n<p>Sin embargo, no todas las escuelas de pensamiento econ\u00f3mico tienen la misma visi\u00f3n sobre estos temas. Hay diferentes enfoques, metodolog\u00edas y supuestos que pueden llevar a distintas conclusiones. Entre todas las corrientes existentes, la que hoy nos ocupa destaca por su originalidad, rigor y relevancia: la escuela austriaca de econom\u00eda.<\/p>\n\n\n\n<p>Esta escuela es una tradici\u00f3n intelectual que se remonta al siglo XIX, cuando el economista Carl Menger public\u00f3 su obra &#8216;Principios de econom\u00eda pol\u00edtica&#8217;, en la que sent\u00f3 las bases de la teor\u00eda del valor subjetivo. Seg\u00fan Menger, el valor de los bienes y servicios no depende de su costo de producci\u00f3n, sino de la utilidad que les otorga cada individuo en funci\u00f3n de sus preferencias y circunstancias. El valor es, por tanto, subjetivo y variable, y se determina por la oferta y la demanda en el mercado.<\/p>\n\n\n\n<p>A partir de Menger, surgieron otros economistas que desarrollaron y ampliaron sus ideas, como Friedrich Hayek, Eugen von B\u00f6hm-Bawerk, Ludwig von Mises, entre otros. Estos autores conforman la escuela austriaca de econom\u00eda, que se caracteriza por los siguientes rasgos:<\/p>\n\n\n\n<ul class=\"wp-block-list\">\n<li>El valor subjetivo: seg\u00fan postula Menger, el valor de los bienes y servicios depende de la utilidad que les otorga cada individuo, que es subjetiva y variable. Los precios se forman por la oferta y la demanda en el mercado, que a su vez, refleja las valoraciones de los agentes econ\u00f3micos, por lo que no hay un valor objetivo que pueda ser medido o impuesto por un observador externo.<\/li>\n\n\n\n<li>El libre mercado: el mercado es el mecanismo m\u00e1s eficiente y justo para asignar los recursos escasos entre los fines ilimitados. Por su naturaleza, permite que las personas gocen de su plena libertad individual para comerciar con qui\u00e9n quieran y en el \u00e1mbito que deseen (emprendedores); incentivando la producci\u00f3n, el consumo y el ahorro. En otras palabras, este modelo econ\u00f3mico se basa en la libre competencia, la propiedad privada y la ausencia de la intervenci\u00f3n gubernamental.<\/li>\n\n\n\n<li>La oposici\u00f3n al socialismo y al intervencionismo estatal: el socialismo es el sistema econ\u00f3mico y social que se basa en la propiedad colectiva de los medios de producci\u00f3n y en la planificaci\u00f3n centralizada de la econom\u00eda. El socialismo, como se ha demostrado hasta el cansancio, es inviable e indeseable, porque elimina la libertad individual, impide el c\u00e1lculo econ\u00f3mico, destruye los incentivos y la informaci\u00f3n, y genera pobreza y miseria. El intervencionismo, como explica y advierte Hayek, es el sistema econ\u00f3mico y social que se basa en la intervenci\u00f3n del Estado en el mercado, mediante impuestos, regulaciones, subsidios y monopolios. Como mencionaba al principio de esta columna, el intervencionismo es ineficiente e injusto, porque, mediante el descontrolado gasto p\u00fablico, se propicia un efecto colateral como la inflaci\u00f3n. En ese mismo sentido, distorsiona los precios, altera la asignaci\u00f3n de los recursos, genera inestabilidad y desempleo, viola los derechos de propiedad y conlleva a la p\u00e9rdida de la libertad individual y a la tiran\u00eda del gobierno.<\/li>\n\n\n\n<li>El liberalismo: es la doctrina pol\u00edtica y moral que se basa en el respeto a la libertad individual, la propiedad privada y el estado de derecho. El liberalismo defiende el libre mercado como el sistema econ\u00f3mico m\u00e1s adecuado para promover el bienestar general, y el gobierno limitado como el sistema pol\u00edtico m\u00e1s apropiado para garantizar la paz y la justicia. Esta corriente ideol\u00f3gica es la \u00fanica alternativa viable y deseable al socialismo y al intervencionismo, que son formas de coacci\u00f3n y violencia. Despu\u00e9s de todo, \u00bfqui\u00e9n en su sano juicio idealiza que el gobierno controle todos y cada uno de los aspectos de su vida?<\/li>\n<\/ul>\n\n\n\n<p>Estas son, a grandes rasgos, las principales ideas de la escuela austriaca de econom\u00eda, que constituyen una alternativa atractiva para el siglo XXI. Hay algunos conceptos un poco m\u00e1s complejos que me dejo fuera como el marginalismo o el ciclo econ\u00f3mico pero me parece m\u00e1s propicio que fueran explicados por un verdadero experto en econom\u00eda y no un mero aficionado.<\/p>\n\n\n\n<p>Frente a las crisis econ\u00f3micas, sociales y pol\u00edticas de marxismo identitario (disfrazadas de justicia social) que aquejan al mundo actual, estar\u00e1 de acuerdo conmigo, estimado lector, en que la escuela austriaca de econom\u00eda ofrece una visi\u00f3n l\u00facida, coherente y esperanzadora, basada en la libertad individual, la responsabilidad y la cooperaci\u00f3n.<\/p>\n\n\n\n<p>Esta corriente ideol\u00f3gica es, en definitiva, una escuela de pensamiento que deber\u00eda estar contemplada dentro del sistema educativo nacional, en vez de la posverdad comunista que ofrecen los nuevos libros de texto como alternativa disfuncional para adoctrinar a las nuevas generaciones. Aunque a largo plazo, estoy convencido que es posible implementar estos cambios en M\u00e9xico, pero se necesita la voluntad de alguien que los quiera impulsar y me temo que, de momento, no tenemos un Milei en ciernes.<\/p>\n\n\n\n<p>Referencias:<br>\u201cPrincipios de econom\u00eda pol\u00edtica\u201d (1871), por: Carl Menger<br>\u201cCapital e inter\u00e9s\u201d (1884), por: Eugen van B\u00f6hm-Bawerk<br>\u201cCamino de servidumbre\u201d (1944), por: Friedrich Hayek<br>\u201cLa acci\u00f3n humana\u201d (1949), por: Ludwig van Mises<\/p>\n\n\n\n<p>Comentarios:<br>X\/Twitter: @alecbustos<br>alejandrobustosf@gmail.com<\/p>\n","protected":false},"excerpt":{"rendered":"<p>Alejandro BustosSinapsis Hay una brillant\u00edsima frase de Ronald Reagan que un gran amigo me recordaba el otro d\u00eda y fundamentalmente me sirvi\u00f3 de inspiraci\u00f3n para preparar mi columna de hoy: \u00abLa inflaci\u00f3n es el precio de los gastos del gobierno que pensabas que eran gratis\u00bb. De ah\u00ed, la importancia del reduccion\u00edsmo del gobierno en los [&hellip;]<\/p>\n","protected":false},"author":2,"featured_media":0,"comment_status":"closed","ping_status":"closed","sticky":false,"template":"","format":"standard","meta":{"_jetpack_newsletter_access":"","_jetpack_dont_email_post_to_subs":false,"_jetpack_newsletter_tier_id":0,"_jetpack_memberships_contains_paywalled_content":false,"_jetpack_memberships_contains_paid_content":false,"footnotes":""},"categories":[70],"tags":[],"class_list":["post-114877","post","type-post","status-publish","format-standard","hentry","category-de-opinion"],"jetpack_featured_media_url":"","jetpack_sharing_enabled":true,"jetpack_shortlink":"https:\/\/wp.me\/p4Qcd3-tSR","_links":{"self":[{"href":"https:\/\/lospoliticosveracruz.com.mx\/index.php?rest_route=\/wp\/v2\/posts\/114877","targetHints":{"allow":["GET"]}}],"collection":[{"href":"https:\/\/lospoliticosveracruz.com.mx\/index.php?rest_route=\/wp\/v2\/posts"}],"about":[{"href":"https:\/\/lospoliticosveracruz.com.mx\/index.php?rest_route=\/wp\/v2\/types\/post"}],"author":[{"embeddable":true,"href":"https:\/\/lospoliticosveracruz.com.mx\/index.php?rest_route=\/wp\/v2\/users\/2"}],"replies":[{"embeddable":true,"href":"https:\/\/lospoliticosveracruz.com.mx\/index.php?rest_route=%2Fwp%2Fv2%2Fcomments&post=114877"}],"version-history":[{"count":1,"href":"https:\/\/lospoliticosveracruz.com.mx\/index.php?rest_route=\/wp\/v2\/posts\/114877\/revisions"}],"predecessor-version":[{"id":114878,"href":"https:\/\/lospoliticosveracruz.com.mx\/index.php?rest_route=\/wp\/v2\/posts\/114877\/revisions\/114878"}],"wp:attachment":[{"href":"https:\/\/lospoliticosveracruz.com.mx\/index.php?rest_route=%2Fwp%2Fv2%2Fmedia&parent=114877"}],"wp:term":[{"taxonomy":"category","embeddable":true,"href":"https:\/\/lospoliticosveracruz.com.mx\/index.php?rest_route=%2Fwp%2Fv2%2Fcategories&post=114877"},{"taxonomy":"post_tag","embeddable":true,"href":"https:\/\/lospoliticosveracruz.com.mx\/index.php?rest_route=%2Fwp%2Fv2%2Ftags&post=114877"}],"curies":[{"name":"wp","href":"https:\/\/api.w.org\/{rel}","templated":true}]}}