{"id":114883,"date":"2023-11-28T08:22:22","date_gmt":"2023-11-28T14:22:22","guid":{"rendered":"https:\/\/lospoliticosveracruz.com.mx\/?p=114883"},"modified":"2023-11-28T08:22:28","modified_gmt":"2023-11-28T14:22:28","slug":"monica-robles-senadora","status":"publish","type":"post","link":"https:\/\/lospoliticosveracruz.com.mx\/?p=114883","title":{"rendered":"M\u00d3NICA ROBLES, SENADORA"},"content":{"rendered":"\n<p><strong>Sergio Gonz\u00e1lez Levet<\/strong><\/p>\n\n\n\n<p><em>Sin Tacto<\/em><\/p>\n\n\n\n<p>Le pregunto directamente a M\u00f3nica Robles Barajas si ella cree en la democracia interna de Morena. Ella me contesta que s\u00ed, convencida, rotunda. Y tiene que creerla porque est\u00e1 inmersa en un proceso de selecci\u00f3n del partido oficial para dilucidar qui\u00e9n ser\u00e1 la candidata que acompa\u00f1ar\u00e1 a Manuel Huerta Ladr\u00f3n de Guevara en la f\u00f3rmula de Morena-PT-PVEM para el Senado de la Rep\u00fablica que operar\u00e1 de 2024 a 2030.<\/p>\n\n\n\n<p><a href=\"https:\/\/youtu.be\/Nxe-vxf8GuY\"><\/a><\/p>\n\n\n\n<figure class=\"wp-block-embed is-type-video is-provider-youtube wp-block-embed-youtube wp-embed-aspect-16-9 wp-has-aspect-ratio\"><div class=\"wp-block-embed__wrapper\">\n<span class=\"embed-youtube\" style=\"text-align:center; display: block;\"><iframe loading=\"lazy\" class=\"youtube-player\" width=\"750\" height=\"422\" src=\"https:\/\/www.youtube.com\/embed\/Nxe-vxf8GuY?version=3&#038;rel=1&#038;showsearch=0&#038;showinfo=1&#038;iv_load_policy=1&#038;fs=1&#038;hl=es-ES&#038;autohide=2&#038;wmode=transparent\" allowfullscreen=\"true\" style=\"border:0;\" sandbox=\"allow-scripts allow-same-origin allow-popups allow-presentation allow-popups-to-escape-sandbox\"><\/iframe><\/span>\n<\/div><\/figure>\n\n\n\n<p>&nbsp;&nbsp; &nbsp;&nbsp;M\u00f3nica se reuni\u00f3 ayer con el Grupo de los Diez y aguant\u00f3 a pie firme la andanada de preguntas que le fuimos vertiendo los experimentados y los biso\u00f1os reporteros que estuvimos con ella en una conjunci\u00f3n de oficios y vocaciones alrededor del periodismo, tan caro a todos.<\/p>\n\n\n\n<p>&nbsp;&nbsp; &nbsp;&nbsp;Un poco igual que a Huerta, a ella le est\u00e1 tocando bailar con la m\u00e1s fea en este proceso porque a Cuitl\u00e1huac Garc\u00eda -que aunque no lo crea usted sigue cobrando como Gobernador- se le ocurri\u00f3 que la abanderada sea su \u00bfhermanastra?, \u00bfprima?, \u00bfamiga \u00edntima?, Dorheny (Garc\u00eda) Cayetano. La marca de la casa de este pobre Gobierno y de quien lo encabeza es que no les gusta que se les opongan en sus proyectos, sus caprichos, y por eso el registro de la dos veces ex diputada local por Coatzacoalcos fue tratado con desd\u00e9n, con altaner\u00eda, con groser\u00eda.<\/p>\n\n\n\n<p>&nbsp;&nbsp; &nbsp;&nbsp;Pero la nativa de Cosamaloapan no se arredra y empez\u00f3 con fuerza un recorrido a ras de suelo, para platicar de verdad con la gente de verdad, en sus dominios. Ah\u00ed en los dinteles de las casas, la aspirante morenista llega envuelta en sencillez y habla con ellos de sus problemas, escucha sus quejas, atiende sus deseos.<\/p>\n\n\n\n<p>&nbsp;&nbsp; &nbsp;&nbsp;Hace lo que ninguno de los cuitlahuistas atin\u00f3 a hacer en estos cinco a\u00f1os: ponerse frente a las personas y ofrecerles una oreja para que en ella depositen sus demandas; responderles con la verdad sin caer en promesas falsas y vac\u00edas.<\/p>\n\n\n\n<p>&nbsp;&nbsp; &nbsp;&nbsp;A la fecha, M\u00f3nica Robles es \u00fanicamente una militante de Morena sin cargo alguno, que cree en el Presidente Andr\u00e9s Manuel L\u00f3pez Obrador. Mientras dice esto, campea en el aire el rumor de que \u00e9l ve con agrado la aspiraci\u00f3n de su amiga, hija de sus amigos. Explica con claridad que sabe de su intenci\u00f3n, pero asegura con firmeza que \u00e9l no va a meter las manos a su favor (como si las est\u00e1 metiendo Cuitl\u00e1huac en pro de su valedora Dorheny, v\u00e1lganos dios).<\/p>\n\n\n\n<p>&nbsp;&nbsp; &nbsp;&nbsp;En unos diez d\u00edas, el comit\u00e9 de elecciones de Morena dar\u00e1 a conocer el resultado de la encuesta p\u00fablica para determinar a la candidata. Mientras, M\u00f3nica sigue su camino por las sendas y los senderos jarochos, que son tantos, y contin\u00faa convenciendo a quien se le pone enfrente de que su proyecto es bueno y sus intenciones mejores.<\/p>\n\n\n\n<p>&nbsp;&nbsp; &nbsp;&nbsp;Quiz\u00e1, tal vez termine ganando por su empecinamiento de ayudar a los que menos tienen y de lograr un estado m\u00e1s justo y un poco mejor.<\/p>\n\n\n\n<p>&nbsp;&nbsp; &nbsp;&nbsp;Le deseamos suerte.<\/p>\n\n\n\n<p>sglevet@gmail.com<\/p>\n","protected":false},"excerpt":{"rendered":"<p>Sergio Gonz\u00e1lez Levet Sin Tacto Le pregunto directamente a M\u00f3nica Robles Barajas si ella cree en la democracia interna de Morena. Ella me contesta que s\u00ed, convencida, rotunda. Y tiene que creerla porque est\u00e1 inmersa en un proceso de selecci\u00f3n del partido oficial para dilucidar qui\u00e9n ser\u00e1 la candidata que acompa\u00f1ar\u00e1 a Manuel Huerta Ladr\u00f3n [&hellip;]<\/p>\n","protected":false},"author":2,"featured_media":0,"comment_status":"closed","ping_status":"closed","sticky":false,"template":"","format":"standard","meta":{"_jetpack_newsletter_access":"","_jetpack_dont_email_post_to_subs":false,"_jetpack_newsletter_tier_id":0,"_jetpack_memberships_contains_paywalled_content":false,"_jetpack_memberships_contains_paid_content":false,"footnotes":""},"categories":[70],"tags":[1850,1875,1026,195],"class_list":["post-114883","post","type-post","status-publish","format-standard","hentry","category-de-opinion","tag-manuel-huerta-ladron-de-guevara","tag-monica-robles-barajas","tag-morena","tag-veracruz"],"jetpack_featured_media_url":"","jetpack_sharing_enabled":true,"jetpack_shortlink":"https:\/\/wp.me\/p4Qcd3-tSX","_links":{"self":[{"href":"https:\/\/lospoliticosveracruz.com.mx\/index.php?rest_route=\/wp\/v2\/posts\/114883","targetHints":{"allow":["GET"]}}],"collection":[{"href":"https:\/\/lospoliticosveracruz.com.mx\/index.php?rest_route=\/wp\/v2\/posts"}],"about":[{"href":"https:\/\/lospoliticosveracruz.com.mx\/index.php?rest_route=\/wp\/v2\/types\/post"}],"author":[{"embeddable":true,"href":"https:\/\/lospoliticosveracruz.com.mx\/index.php?rest_route=\/wp\/v2\/users\/2"}],"replies":[{"embeddable":true,"href":"https:\/\/lospoliticosveracruz.com.mx\/index.php?rest_route=%2Fwp%2Fv2%2Fcomments&post=114883"}],"version-history":[{"count":1,"href":"https:\/\/lospoliticosveracruz.com.mx\/index.php?rest_route=\/wp\/v2\/posts\/114883\/revisions"}],"predecessor-version":[{"id":114885,"href":"https:\/\/lospoliticosveracruz.com.mx\/index.php?rest_route=\/wp\/v2\/posts\/114883\/revisions\/114885"}],"wp:attachment":[{"href":"https:\/\/lospoliticosveracruz.com.mx\/index.php?rest_route=%2Fwp%2Fv2%2Fmedia&parent=114883"}],"wp:term":[{"taxonomy":"category","embeddable":true,"href":"https:\/\/lospoliticosveracruz.com.mx\/index.php?rest_route=%2Fwp%2Fv2%2Fcategories&post=114883"},{"taxonomy":"post_tag","embeddable":true,"href":"https:\/\/lospoliticosveracruz.com.mx\/index.php?rest_route=%2Fwp%2Fv2%2Ftags&post=114883"}],"curies":[{"name":"wp","href":"https:\/\/api.w.org\/{rel}","templated":true}]}}